{"id":40196,"date":"2022-09-07T15:35:38","date_gmt":"2022-09-07T14:35:38","guid":{"rendered":"https:\/\/www.cm-evora.pt\/?p=40196"},"modified":"2022-09-07T15:35:38","modified_gmt":"2022-09-07T14:35:38","slug":"com-a-discussao-publica-do-plano-de-mobilidade-urbana-semana-da-mobilidade-arranca-mais-cedo-em-evora","status":"publish","type":"post","link":"https:\/\/www.cm-evora.pt\/en\/com-a-discussao-publica-do-plano-de-mobilidade-urbana-semana-da-mobilidade-arranca-mais-cedo-em-evora\/","title":{"rendered":"(Portugu\u00eas) Com a discuss\u00e3o p\u00fablica do Plano de Mobilidade Urbana, Semana da Mobilidade arranca mais cedo em \u00c9vora"},"content":{"rendered":"<p class=\"qtranxs-available-languages-message qtranxs-available-languages-message-en\">Sorry, this entry is only available in <a href=\"https:\/\/www.cm-evora.pt\/pt\/wp-json\/wp\/v2\/posts\/40196\" class=\"qtranxs-available-language-link qtranxs-available-language-link-pt\" title=\"Portugu\u00eas\">Portugu\u00eas<\/a>.<\/p><p>A Semana Europeia da Mobilidade, que ocorre entre os dias 16 e 22 de setembro, este ano sob o tema \u201cMelhores Liga\u00e7\u00f5es\u201d, vai come\u00e7ar mais cedo em \u00c9vora com a realiza\u00e7\u00e3o, no dia 13, da discuss\u00e3o p\u00fablica do Plano de Mobilidade Urbana Sustent\u00e1vel de \u00c9vora (PMUS\u00c9).<\/p>\n<p>A discuss\u00e3o p\u00fablica do PMUS\u00c9, que ter\u00e1 lugar no Sal\u00e3o Nobre dos Pa\u00e7os do Concelho, a partir das 18h00, ocorre ap\u00f3s a realiza\u00e7\u00e3o, no passado dia 14 de julho, da apresenta\u00e7\u00e3o da vers\u00e3o preliminar, em que foram apresentados os eixos estruturantes.<\/p>\n<p>Completada a fase 1 correspondente \u00e0 \u201cCarateriza\u00e7\u00e3o e Diagn\u00f3stico\u201d, foi poss\u00edvel, partindo dos resultados obtidos, proceder \u00e0 elabora\u00e7\u00e3o da \u201cVers\u00e3o Preliminar do Plano\u201d que ir\u00e1 ser apresentada na pr\u00f3xima ter\u00e7a-feira, dia 13, em que se apela \u00e0 presen\u00e7a de representantes de institui\u00e7\u00f5es, empresas, associa\u00e7\u00f5es, popula\u00e7\u00e3o em geral, para colaborar na respetiva an\u00e1lise e submeter os seus contributos, absolutamente necess\u00e1rios e imprescind\u00edveis para a elabora\u00e7\u00e3o da vers\u00e3o final, a FASE 3, \u00faltima do PMUSE.<\/p>\n<p>A colabora\u00e7\u00e3o de todos \u00e9 imprescind\u00edvel para a constru\u00e7\u00e3o de uma Cidade onde seja assegurada uma melhor mobilidade, promovendo ao mesmo tempo a inclus\u00e3o social, a competitividade, a qualidade de vida urbana e a preserva\u00e7\u00e3o do patrim\u00f3nio hist\u00f3rico, edificado e ambiental. Participe!<\/p>\n<p>Todos os interessados em marcar presen\u00e7a na Sess\u00e3o P\u00fablica de Discuss\u00e3o do PMUS\u00c9 dever\u00e3o efetuar a respetiva inscri\u00e7\u00e3o no seguinte Link: <a href=\"https:\/\/www.cm-evora.pt\/inscricao-na-sessao-do-plano-de-mobilidade-urbana-sustentavel-de-evora\" target=\"_blank\" rel=\"noopener\">https:\/\/www.cm-evora.pt\/inscricao-na-sessao-do-plano-de-mobilidade-urbana-sustentavel-de-evora<\/a><\/p>\n<p>&nbsp;<\/p>\n<h3><strong>Semana Europeia da Mobilidade<\/strong><\/h3>\n<p>Na edi\u00e7\u00e3o de 2022 da Semana Europeia da Mobilidade, o tema central do programa de a\u00e7\u00f5es \u00e9: \u201cMelhores Liga\u00e7\u00f5es\u201d. Este tema procura real\u00e7ar e fomentar sinergias entre pessoas e lugares que ofere\u00e7am o seu conhecimento, criatividade e dedica\u00e7\u00e3o para aumentar a consci\u00eancia sobre a mobilidade sustent\u00e1vel e promover mudan\u00e7as comportamentais a favor da mobilidade ativa, para al\u00e9m de alcan\u00e7ar e estabelecer liga\u00e7\u00f5es entre grupos j\u00e1 existentes e consolidados, e novos p\u00fablicos.<\/p>\n<p>Os cinco pilares de &#8220;Melhores liga\u00e7\u00f5es&#8221; s\u00e3o: Pessoas; Lugares; Transportes p\u00fablicos; Planeamento; Pol\u00edticas. Anualmente de 16 a 22 de setembro, os cidad\u00e3os europeus t\u00eam a oportunidade de gozar uma semana inteira de atividades dedicadas \u00e0 mobilidade sustent\u00e1vel, com o objetivo de se facilitar um debate alargado sobre a necessidade da mudan\u00e7a de comportamentos relativamente \u00e0 mobilidade, em particular no que toca \u00e0 utiliza\u00e7\u00e3o do autom\u00f3vel particular.<\/p>\n<p>Dentro em breve, ser\u00e1 divulgado toda a programa\u00e7\u00e3o da Semana Europeia da Mobilidade no concelho de \u00c9vora.<\/p>","protected":false},"excerpt":{"rendered":"<p>Sorry, this entry is only available in Portugu\u00eas.A Semana Europeia da Mobilidade, que ocorre entre os dias 16 e 22 de setembro, este ano sob o tema \u201cMelhores Liga\u00e7\u00f5es\u201d, vai come\u00e7ar mais cedo em \u00c9vora com a realiza\u00e7\u00e3o, no dia 13, da discuss\u00e3o p\u00fablica do Plano de Mobilidade Urbana Sustent\u00e1vel de \u00c9vora (PMUS\u00c9). A discuss\u00e3o [&hellip;]<\/p>\n","protected":false},"author":45,"featured_media":40189,"comment_status":"closed","ping_status":"closed","sticky":false,"template":"","format":"standard","meta":{"_acf_changed":false,"footnotes":""},"categories":[2110],"tags":[],"class_list":["post-40196","post","type-post","status-publish","format-standard","has-post-thumbnail","hentry","category-noticias"],"acf":{"imagens":"","destaq_image":40188,"titulo_docs_seccao":"","documentos":""},"_links":{"self":[{"href":"https:\/\/www.cm-evora.pt\/en\/wp-json\/wp\/v2\/posts\/40196","targetHints":{"allow":["GET"]}}],"collection":[{"href":"https:\/\/www.cm-evora.pt\/en\/wp-json\/wp\/v2\/posts"}],"about":[{"href":"https:\/\/www.cm-evora.pt\/en\/wp-json\/wp\/v2\/types\/post"}],"author":[{"embeddable":true,"href":"https:\/\/www.cm-evora.pt\/en\/wp-json\/wp\/v2\/users\/45"}],"replies":[{"embeddable":true,"href":"https:\/\/www.cm-evora.pt\/en\/wp-json\/wp\/v2\/comments?post=40196"}],"version-history":[{"count":1,"href":"https:\/\/www.cm-evora.pt\/en\/wp-json\/wp\/v2\/posts\/40196\/revisions"}],"predecessor-version":[{"id":40197,"href":"https:\/\/www.cm-evora.pt\/en\/wp-json\/wp\/v2\/posts\/40196\/revisions\/40197"}],"wp:featuredmedia":[{"embeddable":true,"href":"https:\/\/www.cm-evora.pt\/en\/wp-json\/wp\/v2\/media\/40189"}],"wp:attachment":[{"href":"https:\/\/www.cm-evora.pt\/en\/wp-json\/wp\/v2\/media?parent=40196"}],"wp:term":[{"taxonomy":"category","embeddable":true,"href":"https:\/\/www.cm-evora.pt\/en\/wp-json\/wp\/v2\/categories?post=40196"},{"taxonomy":"post_tag","embeddable":true,"href":"https:\/\/www.cm-evora.pt\/en\/wp-json\/wp\/v2\/tags?post=40196"}],"curies":[{"name":"wp","href":"https:\/\/api.w.org\/{rel}","templated":true}]}}