{"id":41181,"date":"2022-09-30T16:19:29","date_gmt":"2022-09-30T15:19:29","guid":{"rendered":"https:\/\/www.cm-evora.pt\/?p=41181"},"modified":"2022-09-30T16:19:29","modified_gmt":"2022-09-30T15:19:29","slug":"camara-municipal-exige-reposicao-integral-dos-acessos-e-ligacao-de-infraestruturas-dos-bairros-afetados-pela-construcao-da-ferrovia-sines-evora-elvas","status":"publish","type":"post","link":"https:\/\/www.cm-evora.pt\/en\/camara-municipal-exige-reposicao-integral-dos-acessos-e-ligacao-de-infraestruturas-dos-bairros-afetados-pela-construcao-da-ferrovia-sines-evora-elvas\/","title":{"rendered":"(Portugu\u00eas) C\u00c2MARA MUNICIPAL EXIGE REPOSI\u00c7\u00c3O INTEGRAL DOS ACESSOS E LIGA\u00c7\u00c3O DE INFRAESTRUTURAS DOS BAIRROS AFETADOS PELA CONSTRU\u00c7\u00c3O DA FERROVIA SINES \u2013 \u00c9VORA &#8211; ELVAS"},"content":{"rendered":"<p class=\"qtranxs-available-languages-message qtranxs-available-languages-message-en\">Sorry, this entry is only available in <a href=\"https:\/\/www.cm-evora.pt\/pt\/wp-json\/wp\/v2\/posts\/41181\" class=\"qtranxs-available-language-link qtranxs-available-language-link-pt\" title=\"Portugu\u00eas\">Portugu\u00eas<\/a>.<\/p><p>A C\u00e2mara Municipal de \u00c9vora, em Reuni\u00e3o P\u00fablica realizada no passado dia 07\/09\/2022, deliberou por unanimidade aprovar uma mo\u00e7\u00e3o segundo a qual o Munic\u00edpio assume forte preocupa\u00e7\u00e3o pela perspetiva de incumprimento por parte da IP \u2013 Infraestruturas de Portugal, de um conjunto de preocupa\u00e7\u00f5es e recomenda\u00e7\u00f5es anteriormente manifestadas, e que s\u00e3o fundamentais para a seguran\u00e7a e qualidade de vida da popula\u00e7\u00e3o residente nas \u00e1reas afetadas pela liga\u00e7\u00e3o ferrovi\u00e1ria Sines \u2013 \u00c9vora \u2013 Elvas, cujas obras decorrem no per\u00edmetro Este da Cidade.<\/p>\n<p>Neste sentido, os autarcas manifestam a exig\u00eancia de reposi\u00e7\u00e3o integral dos acessos ao Bairro da Caeira e Garraia, bem como das infraestruturas de abastecimento de \u00e1gua e de drenagem de esgotos e \u00e1guas pluviais. Para al\u00e9m desta, a C\u00e2mara reafirma ainda a exig\u00eancia da execu\u00e7\u00e3o de medidas de mitiga\u00e7\u00e3o necess\u00e1rias para reduzir os impactos negativos da passagem de composi\u00e7\u00f5es ferrovi\u00e1rias, ao n\u00edvel do ru\u00eddo e vibra\u00e7\u00f5es. De igual modo exortam a IP a que proceda \u00e0 corre\u00e7\u00e3o da deficiente solu\u00e7\u00e3o apresentada para o N\u00f3 122, de liga\u00e7\u00e3o entre a EN 18 e o Caminho Municipal 1090, que apresenta problemas de seguran\u00e7a.<\/p>\n<p>Os eleitos municipais chamam ainda a aten\u00e7\u00e3o para a extrema import\u00e2ncia da ado\u00e7\u00e3o de medidas que assegurem a edifica\u00e7\u00e3o da plataforma log\u00edstica ferrovi\u00e1ria em \u00c9vora, garantindo a todos os potenciais benefici\u00e1rios, sobretudo \u00e0s empresas, o uso pleno desta importante infraestrutura, assim como garantir que a utiliza\u00e7\u00e3o desta linha por comboios de passageiros seja efetivamente uma realidade, contribuindo decisivamente para o desenvolvimento e refor\u00e7o da coes\u00e3o territorial desta regi\u00e3o.<\/p>","protected":false},"excerpt":{"rendered":"<p>Sorry, this entry is only available in Portugu\u00eas.A C\u00e2mara Municipal de \u00c9vora, em Reuni\u00e3o P\u00fablica realizada no passado dia 07\/09\/2022, deliberou por unanimidade aprovar uma mo\u00e7\u00e3o segundo a qual o Munic\u00edpio assume forte preocupa\u00e7\u00e3o pela perspetiva de incumprimento por parte da IP \u2013 Infraestruturas de Portugal, de um conjunto de preocupa\u00e7\u00f5es e recomenda\u00e7\u00f5es anteriormente manifestadas, [&hellip;]<\/p>\n","protected":false},"author":37,"featured_media":41182,"comment_status":"closed","ping_status":"closed","sticky":false,"template":"","format":"standard","meta":{"_acf_changed":false,"footnotes":""},"categories":[2110],"tags":[],"class_list":["post-41181","post","type-post","status-publish","format-standard","has-post-thumbnail","hentry","category-noticias"],"acf":{"imagens":"","destaq_image":41182,"titulo_docs_seccao":"","documentos":""},"_links":{"self":[{"href":"https:\/\/www.cm-evora.pt\/en\/wp-json\/wp\/v2\/posts\/41181","targetHints":{"allow":["GET"]}}],"collection":[{"href":"https:\/\/www.cm-evora.pt\/en\/wp-json\/wp\/v2\/posts"}],"about":[{"href":"https:\/\/www.cm-evora.pt\/en\/wp-json\/wp\/v2\/types\/post"}],"author":[{"embeddable":true,"href":"https:\/\/www.cm-evora.pt\/en\/wp-json\/wp\/v2\/users\/37"}],"replies":[{"embeddable":true,"href":"https:\/\/www.cm-evora.pt\/en\/wp-json\/wp\/v2\/comments?post=41181"}],"version-history":[{"count":1,"href":"https:\/\/www.cm-evora.pt\/en\/wp-json\/wp\/v2\/posts\/41181\/revisions"}],"predecessor-version":[{"id":41183,"href":"https:\/\/www.cm-evora.pt\/en\/wp-json\/wp\/v2\/posts\/41181\/revisions\/41183"}],"wp:featuredmedia":[{"embeddable":true,"href":"https:\/\/www.cm-evora.pt\/en\/wp-json\/wp\/v2\/media\/41182"}],"wp:attachment":[{"href":"https:\/\/www.cm-evora.pt\/en\/wp-json\/wp\/v2\/media?parent=41181"}],"wp:term":[{"taxonomy":"category","embeddable":true,"href":"https:\/\/www.cm-evora.pt\/en\/wp-json\/wp\/v2\/categories?post=41181"},{"taxonomy":"post_tag","embeddable":true,"href":"https:\/\/www.cm-evora.pt\/en\/wp-json\/wp\/v2\/tags?post=41181"}],"curies":[{"name":"wp","href":"https:\/\/api.w.org\/{rel}","templated":true}]}}