{"id":41440,"date":"2022-10-11T13:21:30","date_gmt":"2022-10-11T12:21:30","guid":{"rendered":"https:\/\/www.cm-evora.pt\/?p=41440"},"modified":"2022-10-11T13:21:30","modified_gmt":"2022-10-11T12:21:30","slug":"dia-27-de-novembro-meia-de-evora-repleta-de-novidades","status":"publish","type":"post","link":"https:\/\/www.cm-evora.pt\/en\/dia-27-de-novembro-meia-de-evora-repleta-de-novidades\/","title":{"rendered":"(Portugu\u00eas) Dia 27 de Novembro, \u201cMeia de \u00c9vora\u201d repleta de novidades"},"content":{"rendered":"<p class=\"qtranxs-available-languages-message qtranxs-available-languages-message-en\">Sorry, this entry is only available in <a href=\"https:\/\/www.cm-evora.pt\/pt\/wp-json\/wp\/v2\/posts\/41440\" class=\"qtranxs-available-language-link qtranxs-available-language-link-pt\" title=\"Portugu\u00eas\">Portugu\u00eas<\/a>.<\/p><p><em>Inscri\u00e7\u00f5es j\u00e1 est\u00e3o abertas <\/em><\/p>\n<p><em>no <a href=\"https:\/\/meiadeevora.pt\/site\/\" target=\"_blank\" rel=\"noopener\">site<\/a><\/em><\/p>\n<p>&nbsp;<\/p>\n<p>A \u201cMeia de \u00c9vora\u201d, a mais importante meia maratona que se disputa a sul do rio Tejo, ir\u00e1 ser disputada, este ano, no dia 27 de Novembro, numa edi\u00e7\u00e3o repleta de novidades, com a C\u00e2mara Municipal de \u00c9vora a alterar o percurso de forma a potenciar o cruzamento de atletas e, assim, o espet\u00e1culo para quem assiste. A partida e chegada mant\u00e9m-se na Pra\u00e7a de Giraldo, \u201ca sala de visitas da cidade\u201d.<\/p>\n<p>Aproveitando a necessidade de renovar a certifica\u00e7\u00e3o do percurso junto da Federa\u00e7\u00e3o Portuguesa de Atletismo, a \u201cMeia de \u00c9vora\u201d mant\u00e9m inalterados os primeiros nove quil\u00f3metros, que levam o pelot\u00e3o pelo \u201ccora\u00e7\u00e3o\u201d do Centro Hist\u00f3rico, classificado pela UNESCO como Patrim\u00f3nio Mundial desde o dia 25 de novembro de 1986, anulando parte do percurso junto ao Parque da Industria Aeron\u00e1utica.<\/p>\n<p>Atenta \u00e0s cr\u00edticas construtivas dos \u00faltimos anos e procurando melhorar ainda mais a prova, a edilidade optou fazer desenrolar parte do percurso, a partir da Rotunda do Raimundo, pela Avenida T\u00falio Espanha (EN 114), at\u00e9 \u00e0 rotunda da Cruz da Picada, e volta, depois Estrada das Alc\u00e1\u00e7ovas, Complexo Desportivo e Volta. Outra das novidades do tra\u00e7ado \u00e9 a parte do percurso que vai at\u00e9 \u00e0 rotunda da Decathlon, perto dos kms 16\/17 e depois rotunda do Mercado Abastecedor de \u00c9vora (Mar\u00e9, ao km 18), iniciando-se aqui o regresso at\u00e9 \u00e0 meta, pela \u201cdolorosa\u201d Rua da Rep\u00fablica, onde ser\u00e1 feita a consagra\u00e7\u00e3o dos campe\u00f5es em pleno tabuleiro da Pra\u00e7a de Giraldo.<\/p>\n<p>A \u201cMeia de \u00c9vora\u201d, como \u00e9 carinhosamente apelidada no seio desportivo nacional, para al\u00e9m da prova rainha, de 21 kms, consta ainda de uma prova de 10 quil\u00f3metros e de uma caminhada, procurando desta forma possibilitar a participa\u00e7\u00e3o de mais pessoas neste grande evento desportivo.<\/p>\n<p>Outra das novidades da edi\u00e7\u00e3o deste ano da \u201cMeia de \u00c9vora\u201d diz respeito \u00e0 Caminhada, com os participantes a serem os primeiros a sa\u00edrem da Pra\u00e7a de Giraldo, j\u00e1 que a partida ser\u00e1 antecipada para as 09h30, enquanto a meia maratona e a prova de 10 quil\u00f3metros come\u00e7am \u00e0s 10h00.<\/p>\n<p>As inscri\u00e7\u00f5es j\u00e1 est\u00e3o dispon\u00edveis no s\u00edtio da internet <a href=\"http:\/\/www.meiadeevora.pt\">www.meiadeevora.pt<\/a>, local onde se poder\u00e3o recolher todas as informa\u00e7\u00f5es relativas a esta prova.<\/p>\n<p>&nbsp;<\/p>\n<p><strong>Quatro treinos de prepara\u00e7\u00e3o<\/strong><\/p>\n<p>Para ajudar os participantes da \u201cMeia de \u00c9vora\u201d e da prova de 10 quil\u00f3metros a obterem os resultados pretendidos, a C\u00e2mara Municipal de \u00c9vora, juntamente com os clubes de atletismo e grupos informais de corrida do concelho ir\u00e1 promover nos domingos dias 30 de outubro, 6, 13 e 20 de novembro quatro treinos por parte do percurso.<\/p>\n<p>Estes treinos, gratuitos, ter\u00e3o in\u00edcio pelas 08h30, no Complexo Desportivo de \u00c9vora, e haver\u00e1 sempre v\u00e1rios marcadores de ritmo (pacers) para que mais pessoas possam participar neles e assim se sentirem mais confiantes para o grande dia.<\/p>\n<p>Uma vez mais, a \u201cMeia de \u00c9vora\u201d ter\u00e1 o seu centro nevr\u00e1lgico no Jardim P\u00fablico (caso as condi\u00e7\u00f5es atmosf\u00e9ricas assim o permitam), local onde ser\u00e3o levantados kits de participa\u00e7\u00e3o, onde ser\u00e1 instalada uma mini feira e onde os clubes de atletismo da cidade dinamizar\u00e3o atividades juntos dos mais novos.<\/p>\n<p>Organizada pela C\u00e2mara Municipal de \u00c9vora, com o apoio t\u00e9cnico da Associa\u00e7\u00e3o de Atletismo de \u00c9vora e da empresa HMS <em>Sports<\/em>, a Meia de \u00c9vora conta com os patroc\u00ednios do Pocityf, Vila Gal\u00e9 Hot\u00e9is, Decathlon, Capote\u2019s Emotion, Pingo Doce e Delta Caf\u00e9.<\/p>\n<p>\n\t\t<style type=\"text\/css\">\n\t\t\t#gallery-1 {\n\t\t\t\tmargin: auto;\n\t\t\t}\n\t\t\t#gallery-1 .gallery-item {\n\t\t\t\tfloat: left;\n\t\t\t\tmargin-top: 10px;\n\t\t\t\ttext-align: center;\n\t\t\t\twidth: 50%;\n\t\t\t}\n\t\t\t#gallery-1 img {\n\t\t\t\tborder: 2px solid #cfcfcf;\n\t\t\t}\n\t\t\t#gallery-1 .gallery-caption {\n\t\t\t\tmargin-left: 0;\n\t\t\t}\n\t\t\t\/* see gallery_shortcode() in wp-includes\/media.php *\/\n\t\t<\/style>\n\t\t<div id='gallery-1' class='gallery galleryid-41440 gallery-columns-2 gallery-size-full'><dl class='gallery-item'>\n\t\t\t<dt class='gallery-icon landscape'>\n\t\t\t\t<a href='https:\/\/www.cm-evora.pt\/wp-content\/uploads\/2022\/10\/DSC_0160-scaled.jpg'><img loading=\"lazy\" decoding=\"async\" width=\"2560\" height=\"1702\" src=\"https:\/\/www.cm-evora.pt\/wp-content\/uploads\/2022\/10\/DSC_0160-scaled.jpg\" class=\"attachment-full size-full\" alt=\"\" srcset=\"https:\/\/www.cm-evora.pt\/wp-content\/uploads\/2022\/10\/DSC_0160-scaled.jpg 2560w, https:\/\/www.cm-evora.pt\/wp-content\/uploads\/2022\/10\/DSC_0160-300x199.jpg 300w, https:\/\/www.cm-evora.pt\/wp-content\/uploads\/2022\/10\/DSC_0160-1024x681.jpg 1024w, https:\/\/www.cm-evora.pt\/wp-content\/uploads\/2022\/10\/DSC_0160-768x511.jpg 768w, https:\/\/www.cm-evora.pt\/wp-content\/uploads\/2022\/10\/DSC_0160-1536x1021.jpg 1536w, https:\/\/www.cm-evora.pt\/wp-content\/uploads\/2022\/10\/DSC_0160-2048x1362.jpg 2048w, https:\/\/www.cm-evora.pt\/wp-content\/uploads\/2022\/10\/DSC_0160-1320x878.jpg 1320w\" sizes=\"auto, (max-width: 2560px) 100vw, 2560px\" \/><\/a>\n\t\t\t<\/dt><\/dl><dl class='gallery-item'>\n\t\t\t<dt class='gallery-icon landscape'>\n\t\t\t\t<a href='https:\/\/www.cm-evora.pt\/wp-content\/uploads\/2022\/10\/DSC_6103-scaled.jpg'><img loading=\"lazy\" decoding=\"async\" width=\"2560\" height=\"1707\" src=\"https:\/\/www.cm-evora.pt\/wp-content\/uploads\/2022\/10\/DSC_6103-scaled.jpg\" class=\"attachment-full size-full\" alt=\"\" srcset=\"https:\/\/www.cm-evora.pt\/wp-content\/uploads\/2022\/10\/DSC_6103-scaled.jpg 2560w, https:\/\/www.cm-evora.pt\/wp-content\/uploads\/2022\/10\/DSC_6103-300x200.jpg 300w, https:\/\/www.cm-evora.pt\/wp-content\/uploads\/2022\/10\/DSC_6103-1024x683.jpg 1024w, https:\/\/www.cm-evora.pt\/wp-content\/uploads\/2022\/10\/DSC_6103-768x512.jpg 768w, https:\/\/www.cm-evora.pt\/wp-content\/uploads\/2022\/10\/DSC_6103-1536x1024.jpg 1536w, https:\/\/www.cm-evora.pt\/wp-content\/uploads\/2022\/10\/DSC_6103-2048x1365.jpg 2048w, https:\/\/www.cm-evora.pt\/wp-content\/uploads\/2022\/10\/DSC_6103-1320x880.jpg 1320w\" sizes=\"auto, (max-width: 2560px) 100vw, 2560px\" \/><\/a>\n\t\t\t<\/dt><\/dl><br style=\"clear: both\" \/>\n\t\t<\/div>\n<\/p>","protected":false},"excerpt":{"rendered":"<p>Sorry, this entry is only available in Portugu\u00eas.Inscri\u00e7\u00f5es j\u00e1 est\u00e3o abertas no site &nbsp; A \u201cMeia de \u00c9vora\u201d, a mais importante meia maratona que se disputa a sul do rio Tejo, ir\u00e1 ser disputada, este ano, no dia 27 de Novembro, numa edi\u00e7\u00e3o repleta de novidades, com a C\u00e2mara Municipal de \u00c9vora a alterar o [&hellip;]<\/p>\n","protected":false},"author":45,"featured_media":41441,"comment_status":"closed","ping_status":"closed","sticky":false,"template":"","format":"standard","meta":{"_acf_changed":false,"footnotes":""},"categories":[2110],"tags":[],"class_list":["post-41440","post","type-post","status-publish","format-standard","has-post-thumbnail","hentry","category-noticias"],"acf":{"imagens":"","destaq_image":41443,"titulo_docs_seccao":"","documentos":""},"_links":{"self":[{"href":"https:\/\/www.cm-evora.pt\/en\/wp-json\/wp\/v2\/posts\/41440","targetHints":{"allow":["GET"]}}],"collection":[{"href":"https:\/\/www.cm-evora.pt\/en\/wp-json\/wp\/v2\/posts"}],"about":[{"href":"https:\/\/www.cm-evora.pt\/en\/wp-json\/wp\/v2\/types\/post"}],"author":[{"embeddable":true,"href":"https:\/\/www.cm-evora.pt\/en\/wp-json\/wp\/v2\/users\/45"}],"replies":[{"embeddable":true,"href":"https:\/\/www.cm-evora.pt\/en\/wp-json\/wp\/v2\/comments?post=41440"}],"version-history":[{"count":1,"href":"https:\/\/www.cm-evora.pt\/en\/wp-json\/wp\/v2\/posts\/41440\/revisions"}],"predecessor-version":[{"id":41444,"href":"https:\/\/www.cm-evora.pt\/en\/wp-json\/wp\/v2\/posts\/41440\/revisions\/41444"}],"wp:featuredmedia":[{"embeddable":true,"href":"https:\/\/www.cm-evora.pt\/en\/wp-json\/wp\/v2\/media\/41441"}],"wp:attachment":[{"href":"https:\/\/www.cm-evora.pt\/en\/wp-json\/wp\/v2\/media?parent=41440"}],"wp:term":[{"taxonomy":"category","embeddable":true,"href":"https:\/\/www.cm-evora.pt\/en\/wp-json\/wp\/v2\/categories?post=41440"},{"taxonomy":"post_tag","embeddable":true,"href":"https:\/\/www.cm-evora.pt\/en\/wp-json\/wp\/v2\/tags?post=41440"}],"curies":[{"name":"wp","href":"https:\/\/api.w.org\/{rel}","templated":true}]}}