{"id":41651,"date":"2022-10-18T13:55:59","date_gmt":"2022-10-18T12:55:59","guid":{"rendered":"https:\/\/www.cm-evora.pt\/?p=41651"},"modified":"2022-10-26T09:46:05","modified_gmt":"2022-10-26T08:46:05","slug":"fonte-da-praca-joaquim-antonio-de-aguiar-em-recuperacao","status":"publish","type":"post","link":"https:\/\/www.cm-evora.pt\/en\/fonte-da-praca-joaquim-antonio-de-aguiar-em-recuperacao\/","title":{"rendered":"(Portugu\u00eas) FONTE DA PRA\u00c7A JOAQUIM ANT\u00d3NIO DE AGUIAR EM RECUPERA\u00c7\u00c3O"},"content":{"rendered":"<p class=\"qtranxs-available-languages-message qtranxs-available-languages-message-en\">Sorry, this entry is only available in <a href=\"https:\/\/www.cm-evora.pt\/pt\/wp-json\/wp\/v2\/posts\/41651\" class=\"qtranxs-available-language-link qtranxs-available-language-link-pt\" title=\"Portugu\u00eas\">Portugu\u00eas<\/a>.<\/p><p>Um a um, os elementos urbanos do Patrim\u00f3nio Hidr\u00e1ulico da Cidade v\u00e3o sendo recuperados e reativados. Chegou a vez da fonte da Pra\u00e7a Joaquim Ant\u00f3nio de Aguiar, cuja estrutura em pedra m\u00e1rmore ir\u00e1 beneficiar de trabalhos de limpeza e impermeabiliza\u00e7\u00e3o, sendo de seguida reativado o sistema hidr\u00e1ulico.<\/p>\n<p>A C\u00e2mara Municipal de \u00c9vora d\u00e1 assim continuidade ao trabalho de recupera\u00e7\u00e3o de fontes e chafarizes em todo o Concelho, cumprindo a Estrat\u00e9gia Municipal de Valoriza\u00e7\u00e3o do Patrim\u00f3nio Hidr\u00e1ulico.<\/p>\n<p>Estes trabalhos est\u00e3o a ser integralmente executados por administra\u00e7\u00e3o direta do Munic\u00edpio, sob a responsabilidade da Divis\u00e3o de Obras Municipais.<\/p>\n<p>\n\t\t<style type=\"text\/css\">\n\t\t\t#gallery-1 {\n\t\t\t\tmargin: auto;\n\t\t\t}\n\t\t\t#gallery-1 .gallery-item {\n\t\t\t\tfloat: left;\n\t\t\t\tmargin-top: 10px;\n\t\t\t\ttext-align: center;\n\t\t\t\twidth: 33%;\n\t\t\t}\n\t\t\t#gallery-1 img {\n\t\t\t\tborder: 2px solid #cfcfcf;\n\t\t\t}\n\t\t\t#gallery-1 .gallery-caption {\n\t\t\t\tmargin-left: 0;\n\t\t\t}\n\t\t\t\/* see gallery_shortcode() in wp-includes\/media.php *\/\n\t\t<\/style>\n\t\t<div id='gallery-1' class='gallery galleryid-41651 gallery-columns-3 gallery-size-full'><dl class='gallery-item'>\n\t\t\t<dt class='gallery-icon landscape'>\n\t\t\t\t<a href='https:\/\/www.cm-evora.pt\/wp-content\/uploads\/2022\/10\/2022_10_18-HO-Reativacao-Fonte-Praca-J-A-Aguiar_-2.jpg'><img loading=\"lazy\" decoding=\"async\" width=\"1920\" height=\"1310\" src=\"https:\/\/www.cm-evora.pt\/wp-content\/uploads\/2022\/10\/2022_10_18-HO-Reativacao-Fonte-Praca-J-A-Aguiar_-2.jpg\" class=\"attachment-full size-full\" alt=\"\" srcset=\"https:\/\/www.cm-evora.pt\/wp-content\/uploads\/2022\/10\/2022_10_18-HO-Reativacao-Fonte-Praca-J-A-Aguiar_-2.jpg 1920w, https:\/\/www.cm-evora.pt\/wp-content\/uploads\/2022\/10\/2022_10_18-HO-Reativacao-Fonte-Praca-J-A-Aguiar_-2-300x205.jpg 300w, https:\/\/www.cm-evora.pt\/wp-content\/uploads\/2022\/10\/2022_10_18-HO-Reativacao-Fonte-Praca-J-A-Aguiar_-2-1024x699.jpg 1024w, https:\/\/www.cm-evora.pt\/wp-content\/uploads\/2022\/10\/2022_10_18-HO-Reativacao-Fonte-Praca-J-A-Aguiar_-2-768x524.jpg 768w, https:\/\/www.cm-evora.pt\/wp-content\/uploads\/2022\/10\/2022_10_18-HO-Reativacao-Fonte-Praca-J-A-Aguiar_-2-1536x1048.jpg 1536w, https:\/\/www.cm-evora.pt\/wp-content\/uploads\/2022\/10\/2022_10_18-HO-Reativacao-Fonte-Praca-J-A-Aguiar_-2-1320x901.jpg 1320w\" sizes=\"auto, (max-width: 1920px) 100vw, 1920px\" \/><\/a>\n\t\t\t<\/dt><\/dl><dl class='gallery-item'>\n\t\t\t<dt class='gallery-icon landscape'>\n\t\t\t\t<a href='https:\/\/www.cm-evora.pt\/wp-content\/uploads\/2022\/10\/2022_10_18-HO-Reativacao-Fonte-Praca-J-A-Aguiar_-4.jpg'><img loading=\"lazy\" decoding=\"async\" width=\"1920\" height=\"1193\" src=\"https:\/\/www.cm-evora.pt\/wp-content\/uploads\/2022\/10\/2022_10_18-HO-Reativacao-Fonte-Praca-J-A-Aguiar_-4.jpg\" class=\"attachment-full size-full\" alt=\"\" srcset=\"https:\/\/www.cm-evora.pt\/wp-content\/uploads\/2022\/10\/2022_10_18-HO-Reativacao-Fonte-Praca-J-A-Aguiar_-4.jpg 1920w, https:\/\/www.cm-evora.pt\/wp-content\/uploads\/2022\/10\/2022_10_18-HO-Reativacao-Fonte-Praca-J-A-Aguiar_-4-300x186.jpg 300w, https:\/\/www.cm-evora.pt\/wp-content\/uploads\/2022\/10\/2022_10_18-HO-Reativacao-Fonte-Praca-J-A-Aguiar_-4-1024x636.jpg 1024w, https:\/\/www.cm-evora.pt\/wp-content\/uploads\/2022\/10\/2022_10_18-HO-Reativacao-Fonte-Praca-J-A-Aguiar_-4-768x477.jpg 768w, https:\/\/www.cm-evora.pt\/wp-content\/uploads\/2022\/10\/2022_10_18-HO-Reativacao-Fonte-Praca-J-A-Aguiar_-4-1536x954.jpg 1536w, https:\/\/www.cm-evora.pt\/wp-content\/uploads\/2022\/10\/2022_10_18-HO-Reativacao-Fonte-Praca-J-A-Aguiar_-4-1320x820.jpg 1320w\" sizes=\"auto, (max-width: 1920px) 100vw, 1920px\" \/><\/a>\n\t\t\t<\/dt><\/dl><dl class='gallery-item'>\n\t\t\t<dt class='gallery-icon landscape'>\n\t\t\t\t<a href='https:\/\/www.cm-evora.pt\/wp-content\/uploads\/2022\/10\/2022_10_18-HO-Reativacao-Fonte-Praca-J-A-Aguiar_.jpg'><img loading=\"lazy\" decoding=\"async\" width=\"1920\" height=\"1357\" src=\"https:\/\/www.cm-evora.pt\/wp-content\/uploads\/2022\/10\/2022_10_18-HO-Reativacao-Fonte-Praca-J-A-Aguiar_.jpg\" class=\"attachment-full size-full\" alt=\"\" srcset=\"https:\/\/www.cm-evora.pt\/wp-content\/uploads\/2022\/10\/2022_10_18-HO-Reativacao-Fonte-Praca-J-A-Aguiar_.jpg 1920w, https:\/\/www.cm-evora.pt\/wp-content\/uploads\/2022\/10\/2022_10_18-HO-Reativacao-Fonte-Praca-J-A-Aguiar_-300x212.jpg 300w, https:\/\/www.cm-evora.pt\/wp-content\/uploads\/2022\/10\/2022_10_18-HO-Reativacao-Fonte-Praca-J-A-Aguiar_-1024x724.jpg 1024w, https:\/\/www.cm-evora.pt\/wp-content\/uploads\/2022\/10\/2022_10_18-HO-Reativacao-Fonte-Praca-J-A-Aguiar_-768x543.jpg 768w, https:\/\/www.cm-evora.pt\/wp-content\/uploads\/2022\/10\/2022_10_18-HO-Reativacao-Fonte-Praca-J-A-Aguiar_-1536x1086.jpg 1536w, https:\/\/www.cm-evora.pt\/wp-content\/uploads\/2022\/10\/2022_10_18-HO-Reativacao-Fonte-Praca-J-A-Aguiar_-1320x933.jpg 1320w\" sizes=\"auto, (max-width: 1920px) 100vw, 1920px\" \/><\/a>\n\t\t\t<\/dt><\/dl><br style=\"clear: both\" \/><dl class='gallery-item'>\n\t\t\t<dt class='gallery-icon landscape'>\n\t\t\t\t<a href='https:\/\/www.cm-evora.pt\/wp-content\/uploads\/2022\/10\/2022_10_18-HO-Reativacao-Fonte-Praca-J-A-Aguiar_-3.jpg'><img loading=\"lazy\" decoding=\"async\" width=\"1920\" height=\"1280\" src=\"https:\/\/www.cm-evora.pt\/wp-content\/uploads\/2022\/10\/2022_10_18-HO-Reativacao-Fonte-Praca-J-A-Aguiar_-3.jpg\" class=\"attachment-full size-full\" alt=\"\" srcset=\"https:\/\/www.cm-evora.pt\/wp-content\/uploads\/2022\/10\/2022_10_18-HO-Reativacao-Fonte-Praca-J-A-Aguiar_-3.jpg 1920w, https:\/\/www.cm-evora.pt\/wp-content\/uploads\/2022\/10\/2022_10_18-HO-Reativacao-Fonte-Praca-J-A-Aguiar_-3-300x200.jpg 300w, https:\/\/www.cm-evora.pt\/wp-content\/uploads\/2022\/10\/2022_10_18-HO-Reativacao-Fonte-Praca-J-A-Aguiar_-3-1024x683.jpg 1024w, https:\/\/www.cm-evora.pt\/wp-content\/uploads\/2022\/10\/2022_10_18-HO-Reativacao-Fonte-Praca-J-A-Aguiar_-3-768x512.jpg 768w, https:\/\/www.cm-evora.pt\/wp-content\/uploads\/2022\/10\/2022_10_18-HO-Reativacao-Fonte-Praca-J-A-Aguiar_-3-1536x1024.jpg 1536w, https:\/\/www.cm-evora.pt\/wp-content\/uploads\/2022\/10\/2022_10_18-HO-Reativacao-Fonte-Praca-J-A-Aguiar_-3-1320x880.jpg 1320w\" sizes=\"auto, (max-width: 1920px) 100vw, 1920px\" \/><\/a>\n\t\t\t<\/dt><\/dl>\n\t\t\t<br style='clear: both' \/>\n\t\t<\/div>\n<\/p>","protected":false},"excerpt":{"rendered":"<p>Sorry, this entry is only available in Portugu\u00eas.Um a um, os elementos urbanos do Patrim\u00f3nio Hidr\u00e1ulico da Cidade v\u00e3o sendo recuperados e reativados. Chegou a vez da fonte da Pra\u00e7a Joaquim Ant\u00f3nio de Aguiar, cuja estrutura em pedra m\u00e1rmore ir\u00e1 beneficiar de trabalhos de limpeza e impermeabiliza\u00e7\u00e3o, sendo de seguida reativado o sistema hidr\u00e1ulico. A [&hellip;]<\/p>\n","protected":false},"author":37,"featured_media":41654,"comment_status":"closed","ping_status":"closed","sticky":false,"template":"","format":"standard","meta":{"_acf_changed":false,"footnotes":""},"categories":[2110],"tags":[],"class_list":["post-41651","post","type-post","status-publish","format-standard","has-post-thumbnail","hentry","category-noticias"],"acf":{"imagens":"","destaq_image":41654,"titulo_docs_seccao":"","documentos":""},"_links":{"self":[{"href":"https:\/\/www.cm-evora.pt\/en\/wp-json\/wp\/v2\/posts\/41651","targetHints":{"allow":["GET"]}}],"collection":[{"href":"https:\/\/www.cm-evora.pt\/en\/wp-json\/wp\/v2\/posts"}],"about":[{"href":"https:\/\/www.cm-evora.pt\/en\/wp-json\/wp\/v2\/types\/post"}],"author":[{"embeddable":true,"href":"https:\/\/www.cm-evora.pt\/en\/wp-json\/wp\/v2\/users\/37"}],"replies":[{"embeddable":true,"href":"https:\/\/www.cm-evora.pt\/en\/wp-json\/wp\/v2\/comments?post=41651"}],"version-history":[{"count":2,"href":"https:\/\/www.cm-evora.pt\/en\/wp-json\/wp\/v2\/posts\/41651\/revisions"}],"predecessor-version":[{"id":41657,"href":"https:\/\/www.cm-evora.pt\/en\/wp-json\/wp\/v2\/posts\/41651\/revisions\/41657"}],"wp:featuredmedia":[{"embeddable":true,"href":"https:\/\/www.cm-evora.pt\/en\/wp-json\/wp\/v2\/media\/41654"}],"wp:attachment":[{"href":"https:\/\/www.cm-evora.pt\/en\/wp-json\/wp\/v2\/media?parent=41651"}],"wp:term":[{"taxonomy":"category","embeddable":true,"href":"https:\/\/www.cm-evora.pt\/en\/wp-json\/wp\/v2\/categories?post=41651"},{"taxonomy":"post_tag","embeddable":true,"href":"https:\/\/www.cm-evora.pt\/en\/wp-json\/wp\/v2\/tags?post=41651"}],"curies":[{"name":"wp","href":"https:\/\/api.w.org\/{rel}","templated":true}]}}