{"id":42728,"date":"2022-11-14T15:48:29","date_gmt":"2022-11-14T15:48:29","guid":{"rendered":"https:\/\/www.cm-evora.pt\/?p=42728"},"modified":"2022-11-16T09:07:44","modified_gmt":"2022-11-16T09:07:44","slug":"s-martinho-intergeracional-no-centro-de-convivio-da-cme","status":"publish","type":"post","link":"https:\/\/www.cm-evora.pt\/en\/s-martinho-intergeracional-no-centro-de-convivio-da-cme\/","title":{"rendered":"(Portugu\u00eas) S. Martinho intergeracional no Centro de Conv\u00edvio da CME"},"content":{"rendered":"<p class=\"qtranxs-available-languages-message qtranxs-available-languages-message-en\">Sorry, this entry is only available in <a href=\"https:\/\/www.cm-evora.pt\/pt\/wp-json\/wp\/v2\/posts\/42728\" class=\"qtranxs-available-language-link qtranxs-available-language-link-pt\" title=\"Portugu\u00eas\">Portugu\u00eas<\/a>.<\/p><p><\/p>\n<div class=\"xdj266r x11i5rnm xat24cr x1mh8g0r x1vvkbs x126k92a\">\n<div dir=\"auto\">Comemora\u00e7\u00e3o do dia de S. Martinho ( 11 de novembro), no Centro de Conv\u00edvio da C\u00e2mara Municipal de \u00c9vora (Rua do Fragoso) . Uma atividade que juntou mi\u00fados e gra\u00fados, integrada no Plano Anual de Atividades 2022 e no Projeto &#8220;Mais Pr\u00f3ximo de Todos\u201d, visando combater a solid\u00e3o dos seniores, estimular o conv\u00edvio e a boa disposi\u00e7\u00e3o.<\/div>\n<div dir=\"auto\">\n\n\t\t<style type=\"text\/css\">\n\t\t\t#gallery-1 {\n\t\t\t\tmargin: auto;\n\t\t\t}\n\t\t\t#gallery-1 .gallery-item {\n\t\t\t\tfloat: left;\n\t\t\t\tmargin-top: 10px;\n\t\t\t\ttext-align: center;\n\t\t\t\twidth: 50%;\n\t\t\t}\n\t\t\t#gallery-1 img {\n\t\t\t\tborder: 2px solid #cfcfcf;\n\t\t\t}\n\t\t\t#gallery-1 .gallery-caption {\n\t\t\t\tmargin-left: 0;\n\t\t\t}\n\t\t\t\/* see gallery_shortcode() in wp-includes\/media.php *\/\n\t\t<\/style>\n\t\t<div id='gallery-1' class='gallery galleryid-42728 gallery-columns-2 gallery-size-full'><dl class='gallery-item'>\n\t\t\t<dt class='gallery-icon landscape'>\n\t\t\t\t<a href='https:\/\/www.cm-evora.pt\/wp-content\/uploads\/2022\/11\/20221111_152902.jpg'><img loading=\"lazy\" decoding=\"async\" width=\"1920\" height=\"1440\" src=\"https:\/\/www.cm-evora.pt\/wp-content\/uploads\/2022\/11\/20221111_152902.jpg\" class=\"attachment-full size-full\" alt=\"\" srcset=\"https:\/\/www.cm-evora.pt\/wp-content\/uploads\/2022\/11\/20221111_152902.jpg 1920w, https:\/\/www.cm-evora.pt\/wp-content\/uploads\/2022\/11\/20221111_152902-300x225.jpg 300w, https:\/\/www.cm-evora.pt\/wp-content\/uploads\/2022\/11\/20221111_152902-1024x768.jpg 1024w, https:\/\/www.cm-evora.pt\/wp-content\/uploads\/2022\/11\/20221111_152902-768x576.jpg 768w, https:\/\/www.cm-evora.pt\/wp-content\/uploads\/2022\/11\/20221111_152902-1536x1152.jpg 1536w, https:\/\/www.cm-evora.pt\/wp-content\/uploads\/2022\/11\/20221111_152902-1320x990.jpg 1320w\" sizes=\"auto, (max-width: 1920px) 100vw, 1920px\" \/><\/a>\n\t\t\t<\/dt><\/dl><dl class='gallery-item'>\n\t\t\t<dt class='gallery-icon landscape'>\n\t\t\t\t<a href='https:\/\/www.cm-evora.pt\/wp-content\/uploads\/2022\/11\/20221111_155234.jpg'><img loading=\"lazy\" decoding=\"async\" width=\"1920\" height=\"1440\" src=\"https:\/\/www.cm-evora.pt\/wp-content\/uploads\/2022\/11\/20221111_155234.jpg\" class=\"attachment-full size-full\" alt=\"\" srcset=\"https:\/\/www.cm-evora.pt\/wp-content\/uploads\/2022\/11\/20221111_155234.jpg 1920w, https:\/\/www.cm-evora.pt\/wp-content\/uploads\/2022\/11\/20221111_155234-300x225.jpg 300w, https:\/\/www.cm-evora.pt\/wp-content\/uploads\/2022\/11\/20221111_155234-1024x768.jpg 1024w, https:\/\/www.cm-evora.pt\/wp-content\/uploads\/2022\/11\/20221111_155234-768x576.jpg 768w, https:\/\/www.cm-evora.pt\/wp-content\/uploads\/2022\/11\/20221111_155234-1536x1152.jpg 1536w, https:\/\/www.cm-evora.pt\/wp-content\/uploads\/2022\/11\/20221111_155234-1320x990.jpg 1320w\" sizes=\"auto, (max-width: 1920px) 100vw, 1920px\" \/><\/a>\n\t\t\t<\/dt><\/dl><br style=\"clear: both\" \/>\n\t\t<\/div>\n\n<\/div>\n<\/div>\n<p><\/p>","protected":false},"excerpt":{"rendered":"<p>Sorry, this entry is only available in Portugu\u00eas. Comemora\u00e7\u00e3o do dia de S. Martinho ( 11 de novembro), no Centro de Conv\u00edvio da C\u00e2mara Municipal de \u00c9vora (Rua do Fragoso) . Uma atividade que juntou mi\u00fados e gra\u00fados, integrada no Plano Anual de Atividades 2022 e no Projeto &#8220;Mais Pr\u00f3ximo de Todos\u201d, visando combater a [&hellip;]<\/p>\n","protected":false},"author":45,"featured_media":42730,"comment_status":"closed","ping_status":"closed","sticky":false,"template":"","format":"standard","meta":{"_acf_changed":false,"footnotes":""},"categories":[1],"tags":[],"class_list":["post-42728","post","type-post","status-publish","format-standard","has-post-thumbnail","hentry","category-sem-categoria"],"acf":{"imagens":"","destaq_image":42730,"titulo_docs_seccao":"","documentos":""},"_links":{"self":[{"href":"https:\/\/www.cm-evora.pt\/en\/wp-json\/wp\/v2\/posts\/42728","targetHints":{"allow":["GET"]}}],"collection":[{"href":"https:\/\/www.cm-evora.pt\/en\/wp-json\/wp\/v2\/posts"}],"about":[{"href":"https:\/\/www.cm-evora.pt\/en\/wp-json\/wp\/v2\/types\/post"}],"author":[{"embeddable":true,"href":"https:\/\/www.cm-evora.pt\/en\/wp-json\/wp\/v2\/users\/45"}],"replies":[{"embeddable":true,"href":"https:\/\/www.cm-evora.pt\/en\/wp-json\/wp\/v2\/comments?post=42728"}],"version-history":[{"count":1,"href":"https:\/\/www.cm-evora.pt\/en\/wp-json\/wp\/v2\/posts\/42728\/revisions"}],"predecessor-version":[{"id":42731,"href":"https:\/\/www.cm-evora.pt\/en\/wp-json\/wp\/v2\/posts\/42728\/revisions\/42731"}],"wp:featuredmedia":[{"embeddable":true,"href":"https:\/\/www.cm-evora.pt\/en\/wp-json\/wp\/v2\/media\/42730"}],"wp:attachment":[{"href":"https:\/\/www.cm-evora.pt\/en\/wp-json\/wp\/v2\/media?parent=42728"}],"wp:term":[{"taxonomy":"category","embeddable":true,"href":"https:\/\/www.cm-evora.pt\/en\/wp-json\/wp\/v2\/categories?post=42728"},{"taxonomy":"post_tag","embeddable":true,"href":"https:\/\/www.cm-evora.pt\/en\/wp-json\/wp\/v2\/tags?post=42728"}],"curies":[{"name":"wp","href":"https:\/\/api.w.org\/{rel}","templated":true}]}}