{"id":43247,"date":"2022-11-25T16:51:30","date_gmt":"2022-11-25T16:51:30","guid":{"rendered":"https:\/\/www.cm-evora.pt\/?p=43247"},"modified":"2022-11-27T13:55:57","modified_gmt":"2022-11-27T13:55:57","slug":"exposicao-digitalias-um-futuro-pela-paz-a-future-for-peace-nos-pacos-do-concelho-de-evora","status":"publish","type":"post","link":"https:\/\/www.cm-evora.pt\/en\/exposicao-digitalias-um-futuro-pela-paz-a-future-for-peace-nos-pacos-do-concelho-de-evora\/","title":{"rendered":"(Portugu\u00eas) Exposi\u00e7\u00e3o \u201cDIGIT\u00c1LIAS \u2013 Um futuro pela paz: A future for peace\u201d nos Pa\u00e7os do Concelho de \u00c9vora"},"content":{"rendered":"<p class=\"qtranxs-available-languages-message qtranxs-available-languages-message-en\">Sorry, this entry is only available in <a href=\"https:\/\/www.cm-evora.pt\/pt\/wp-json\/wp\/v2\/posts\/43247\" class=\"qtranxs-available-language-link qtranxs-available-language-link-pt\" title=\"Portugu\u00eas\">Portugu\u00eas<\/a>.<\/p><p>A exposi\u00e7\u00e3o de arte participativa do Colectivo Art\u00edstico Digit\u00e1lias da Associa\u00e7\u00e3o Ser Mulher &#8211; denominada \u201cDIGIT\u00c1LIAS \u2013 Um futuro pela paz: A future for peace\u201d &#8211; foi inaugurada no dia 24 de novembro, nos Pa\u00e7os do Concelho de \u00c9vora.<\/p>\n<p>Esta mostra \u00e9 organizada pela C\u00e2mara Municipal de \u00c9vora, Associa\u00e7\u00e3o Ser Mulher e Universidade de \u00c9vora (Centro de Hist\u00f3ria de Arte e Investiga\u00e7\u00e3o Art\u00edstica e pelo Departamento de Artes Visuais e Design). Est\u00e1 patente at\u00e9 13 de dezembro e insere-se no \u00e2mbito do Plano Municipal para a Igualdade e N\u00e3o Discrimina\u00e7\u00e3o e assinala o Dia Internacional para a Elimina\u00e7\u00e3o da Viol\u00eancia contra as Mulheres, cujo programa est\u00e1 dispon\u00edvel em <a href=\"https:\/\/bityli.com\/aeCjZuVSl\" target=\"_blank\" rel=\"noopener\">https:\/\/bityli.com\/aeCjZuVSl<\/a><\/p>\n<p>O evento contou com interven\u00e7\u00f5es de Alexandre Varela (Vice-Presidente da C\u00e2mara Municipal), de Ana Beatriz Cardoso (Presidente da Associa\u00e7\u00e3o Ser Mulher) e de Teresa Furtado (Escola de Artes da Universidade de \u00c9vora). Incluiu ainda um miniconcerto de flauta transversal por Romana Honzl\u00e1rov\u00e1 (aluna de Erasmus) e a Ilumina\u00e7\u00e3o do espa\u00e7o exterior do edif\u00edcio dos Pa\u00e7os do Concelho e da fonte da Pra\u00e7a de Giraldo.<\/p>\n<p>Os trabalhos que constam da exposi\u00e7\u00e3o foram criados com base em oficinas art\u00edsticas dirigidas a mulheres v\u00edtimas de viol\u00eancia dom\u00e9stica acolhidas na Casa Abrigo e com mulheres apoiadas pela estrutura de Atendimento da Associa\u00e7\u00e3o, tendo sido tamb\u00e9m realizada uma forma\u00e7\u00e3o em arte digital, trabalho dinamizado pela Associa\u00e7\u00e3o Ser Mulher e orientado pela Prof\u00aa Teresa Furtado. A exposi\u00e7\u00e3o est\u00e1 tamb\u00e9m integrada em projetos investigativos da Universidade de \u00c9vora.<\/p>\n<p>\n\t\t<style type=\"text\/css\">\n\t\t\t#gallery-1 {\n\t\t\t\tmargin: auto;\n\t\t\t}\n\t\t\t#gallery-1 .gallery-item {\n\t\t\t\tfloat: left;\n\t\t\t\tmargin-top: 10px;\n\t\t\t\ttext-align: center;\n\t\t\t\twidth: 33%;\n\t\t\t}\n\t\t\t#gallery-1 img {\n\t\t\t\tborder: 2px solid #cfcfcf;\n\t\t\t}\n\t\t\t#gallery-1 .gallery-caption {\n\t\t\t\tmargin-left: 0;\n\t\t\t}\n\t\t\t\/* see gallery_shortcode() in wp-includes\/media.php *\/\n\t\t<\/style>\n\t\t<div id='gallery-1' class='gallery galleryid-43247 gallery-columns-3 gallery-size-full'><dl class='gallery-item'>\n\t\t\t<dt class='gallery-icon portrait'>\n\t\t\t\t<a href='https:\/\/www.cm-evora.pt\/wp-content\/uploads\/2022\/11\/Exp-scaled.jpg'><img loading=\"lazy\" decoding=\"async\" width=\"1708\" height=\"2560\" src=\"https:\/\/www.cm-evora.pt\/wp-content\/uploads\/2022\/11\/Exp-scaled.jpg\" class=\"attachment-full size-full\" alt=\"\" srcset=\"https:\/\/www.cm-evora.pt\/wp-content\/uploads\/2022\/11\/Exp-scaled.jpg 1708w, https:\/\/www.cm-evora.pt\/wp-content\/uploads\/2022\/11\/Exp-200x300.jpg 200w, https:\/\/www.cm-evora.pt\/wp-content\/uploads\/2022\/11\/Exp-683x1024.jpg 683w, https:\/\/www.cm-evora.pt\/wp-content\/uploads\/2022\/11\/Exp-768x1151.jpg 768w, https:\/\/www.cm-evora.pt\/wp-content\/uploads\/2022\/11\/Exp-1025x1536.jpg 1025w, https:\/\/www.cm-evora.pt\/wp-content\/uploads\/2022\/11\/Exp-1367x2048.jpg 1367w\" sizes=\"auto, (max-width: 1708px) 100vw, 1708px\" \/><\/a>\n\t\t\t<\/dt><\/dl><dl class='gallery-item'>\n\t\t\t<dt class='gallery-icon landscape'>\n\t\t\t\t<a href='https:\/\/www.cm-evora.pt\/wp-content\/uploads\/2022\/11\/Exp23.jpg'><img loading=\"lazy\" decoding=\"async\" width=\"1920\" height=\"1281\" src=\"https:\/\/www.cm-evora.pt\/wp-content\/uploads\/2022\/11\/Exp23.jpg\" class=\"attachment-full size-full\" alt=\"\" srcset=\"https:\/\/www.cm-evora.pt\/wp-content\/uploads\/2022\/11\/Exp23.jpg 1920w, https:\/\/www.cm-evora.pt\/wp-content\/uploads\/2022\/11\/Exp23-300x200.jpg 300w, https:\/\/www.cm-evora.pt\/wp-content\/uploads\/2022\/11\/Exp23-1024x683.jpg 1024w, https:\/\/www.cm-evora.pt\/wp-content\/uploads\/2022\/11\/Exp23-768x512.jpg 768w, https:\/\/www.cm-evora.pt\/wp-content\/uploads\/2022\/11\/Exp23-1536x1025.jpg 1536w, https:\/\/www.cm-evora.pt\/wp-content\/uploads\/2022\/11\/Exp23-1320x881.jpg 1320w\" sizes=\"auto, (max-width: 1920px) 100vw, 1920px\" \/><\/a>\n\t\t\t<\/dt><\/dl><dl class='gallery-item'>\n\t\t\t<dt class='gallery-icon landscape'>\n\t\t\t\t<a href='https:\/\/www.cm-evora.pt\/wp-content\/uploads\/2022\/11\/Exp19.jpg'><img loading=\"lazy\" decoding=\"async\" width=\"1920\" height=\"1281\" src=\"https:\/\/www.cm-evora.pt\/wp-content\/uploads\/2022\/11\/Exp19.jpg\" class=\"attachment-full size-full\" alt=\"\" srcset=\"https:\/\/www.cm-evora.pt\/wp-content\/uploads\/2022\/11\/Exp19.jpg 1920w, https:\/\/www.cm-evora.pt\/wp-content\/uploads\/2022\/11\/Exp19-300x200.jpg 300w, https:\/\/www.cm-evora.pt\/wp-content\/uploads\/2022\/11\/Exp19-1024x683.jpg 1024w, https:\/\/www.cm-evora.pt\/wp-content\/uploads\/2022\/11\/Exp19-768x512.jpg 768w, https:\/\/www.cm-evora.pt\/wp-content\/uploads\/2022\/11\/Exp19-1536x1025.jpg 1536w, https:\/\/www.cm-evora.pt\/wp-content\/uploads\/2022\/11\/Exp19-1320x881.jpg 1320w\" sizes=\"auto, (max-width: 1920px) 100vw, 1920px\" \/><\/a>\n\t\t\t<\/dt><\/dl><br style=\"clear: both\" \/><dl class='gallery-item'>\n\t\t\t<dt class='gallery-icon landscape'>\n\t\t\t\t<a href='https:\/\/www.cm-evora.pt\/wp-content\/uploads\/2022\/11\/Exp17.jpg'><img loading=\"lazy\" decoding=\"async\" width=\"1920\" height=\"1105\" src=\"https:\/\/www.cm-evora.pt\/wp-content\/uploads\/2022\/11\/Exp17.jpg\" class=\"attachment-full size-full\" alt=\"\" srcset=\"https:\/\/www.cm-evora.pt\/wp-content\/uploads\/2022\/11\/Exp17.jpg 1920w, https:\/\/www.cm-evora.pt\/wp-content\/uploads\/2022\/11\/Exp17-300x173.jpg 300w, https:\/\/www.cm-evora.pt\/wp-content\/uploads\/2022\/11\/Exp17-1024x589.jpg 1024w, https:\/\/www.cm-evora.pt\/wp-content\/uploads\/2022\/11\/Exp17-768x442.jpg 768w, https:\/\/www.cm-evora.pt\/wp-content\/uploads\/2022\/11\/Exp17-1536x884.jpg 1536w, https:\/\/www.cm-evora.pt\/wp-content\/uploads\/2022\/11\/Exp17-1320x760.jpg 1320w\" sizes=\"auto, (max-width: 1920px) 100vw, 1920px\" \/><\/a>\n\t\t\t<\/dt><\/dl><dl class='gallery-item'>\n\t\t\t<dt class='gallery-icon portrait'>\n\t\t\t\t<a href='https:\/\/www.cm-evora.pt\/wp-content\/uploads\/2022\/11\/Exp14-scaled.jpg'><img loading=\"lazy\" decoding=\"async\" width=\"1785\" height=\"2560\" src=\"https:\/\/www.cm-evora.pt\/wp-content\/uploads\/2022\/11\/Exp14-scaled.jpg\" class=\"attachment-full size-full\" alt=\"\" srcset=\"https:\/\/www.cm-evora.pt\/wp-content\/uploads\/2022\/11\/Exp14-scaled.jpg 1785w, https:\/\/www.cm-evora.pt\/wp-content\/uploads\/2022\/11\/Exp14-209x300.jpg 209w, https:\/\/www.cm-evora.pt\/wp-content\/uploads\/2022\/11\/Exp14-714x1024.jpg 714w, https:\/\/www.cm-evora.pt\/wp-content\/uploads\/2022\/11\/Exp14-768x1101.jpg 768w, https:\/\/www.cm-evora.pt\/wp-content\/uploads\/2022\/11\/Exp14-1071x1536.jpg 1071w, https:\/\/www.cm-evora.pt\/wp-content\/uploads\/2022\/11\/Exp14-1428x2048.jpg 1428w, https:\/\/www.cm-evora.pt\/wp-content\/uploads\/2022\/11\/Exp14-1320x1893.jpg 1320w\" sizes=\"auto, (max-width: 1785px) 100vw, 1785px\" \/><\/a>\n\t\t\t<\/dt><\/dl><dl class='gallery-item'>\n\t\t\t<dt class='gallery-icon portrait'>\n\t\t\t\t<a href='https:\/\/www.cm-evora.pt\/wp-content\/uploads\/2022\/11\/Exp13-scaled.jpg'><img loading=\"lazy\" decoding=\"async\" width=\"1708\" height=\"2560\" src=\"https:\/\/www.cm-evora.pt\/wp-content\/uploads\/2022\/11\/Exp13-scaled.jpg\" class=\"attachment-full size-full\" alt=\"\" srcset=\"https:\/\/www.cm-evora.pt\/wp-content\/uploads\/2022\/11\/Exp13-scaled.jpg 1708w, https:\/\/www.cm-evora.pt\/wp-content\/uploads\/2022\/11\/Exp13-200x300.jpg 200w, https:\/\/www.cm-evora.pt\/wp-content\/uploads\/2022\/11\/Exp13-683x1024.jpg 683w, https:\/\/www.cm-evora.pt\/wp-content\/uploads\/2022\/11\/Exp13-768x1151.jpg 768w, https:\/\/www.cm-evora.pt\/wp-content\/uploads\/2022\/11\/Exp13-1025x1536.jpg 1025w, https:\/\/www.cm-evora.pt\/wp-content\/uploads\/2022\/11\/Exp13-1367x2048.jpg 1367w, https:\/\/www.cm-evora.pt\/wp-content\/uploads\/2022\/11\/Exp13-1320x1978.jpg 1320w\" sizes=\"auto, (max-width: 1708px) 100vw, 1708px\" \/><\/a>\n\t\t\t<\/dt><\/dl><br style=\"clear: both\" \/><dl class='gallery-item'>\n\t\t\t<dt class='gallery-icon landscape'>\n\t\t\t\t<a href='https:\/\/www.cm-evora.pt\/wp-content\/uploads\/2022\/11\/Exp9.jpg'><img loading=\"lazy\" decoding=\"async\" width=\"1920\" height=\"1281\" src=\"https:\/\/www.cm-evora.pt\/wp-content\/uploads\/2022\/11\/Exp9.jpg\" class=\"attachment-full size-full\" alt=\"\" srcset=\"https:\/\/www.cm-evora.pt\/wp-content\/uploads\/2022\/11\/Exp9.jpg 1920w, https:\/\/www.cm-evora.pt\/wp-content\/uploads\/2022\/11\/Exp9-300x200.jpg 300w, https:\/\/www.cm-evora.pt\/wp-content\/uploads\/2022\/11\/Exp9-1024x683.jpg 1024w, https:\/\/www.cm-evora.pt\/wp-content\/uploads\/2022\/11\/Exp9-768x512.jpg 768w, https:\/\/www.cm-evora.pt\/wp-content\/uploads\/2022\/11\/Exp9-1536x1025.jpg 1536w, https:\/\/www.cm-evora.pt\/wp-content\/uploads\/2022\/11\/Exp9-1320x881.jpg 1320w\" sizes=\"auto, (max-width: 1920px) 100vw, 1920px\" \/><\/a>\n\t\t\t<\/dt><\/dl><dl class='gallery-item'>\n\t\t\t<dt class='gallery-icon landscape'>\n\t\t\t\t<a href='https:\/\/www.cm-evora.pt\/wp-content\/uploads\/2022\/11\/Exp8.jpg'><img loading=\"lazy\" decoding=\"async\" width=\"1920\" height=\"1072\" src=\"https:\/\/www.cm-evora.pt\/wp-content\/uploads\/2022\/11\/Exp8.jpg\" class=\"attachment-full size-full\" alt=\"\" srcset=\"https:\/\/www.cm-evora.pt\/wp-content\/uploads\/2022\/11\/Exp8.jpg 1920w, https:\/\/www.cm-evora.pt\/wp-content\/uploads\/2022\/11\/Exp8-300x168.jpg 300w, https:\/\/www.cm-evora.pt\/wp-content\/uploads\/2022\/11\/Exp8-1024x572.jpg 1024w, https:\/\/www.cm-evora.pt\/wp-content\/uploads\/2022\/11\/Exp8-768x429.jpg 768w, https:\/\/www.cm-evora.pt\/wp-content\/uploads\/2022\/11\/Exp8-1536x858.jpg 1536w, https:\/\/www.cm-evora.pt\/wp-content\/uploads\/2022\/11\/Exp8-1320x737.jpg 1320w\" sizes=\"auto, (max-width: 1920px) 100vw, 1920px\" \/><\/a>\n\t\t\t<\/dt><\/dl><dl class='gallery-item'>\n\t\t\t<dt class='gallery-icon landscape'>\n\t\t\t\t<a href='https:\/\/www.cm-evora.pt\/wp-content\/uploads\/2022\/11\/Exp5.jpg'><img loading=\"lazy\" decoding=\"async\" width=\"1920\" height=\"1281\" src=\"https:\/\/www.cm-evora.pt\/wp-content\/uploads\/2022\/11\/Exp5.jpg\" class=\"attachment-full size-full\" alt=\"\" srcset=\"https:\/\/www.cm-evora.pt\/wp-content\/uploads\/2022\/11\/Exp5.jpg 1920w, https:\/\/www.cm-evora.pt\/wp-content\/uploads\/2022\/11\/Exp5-300x200.jpg 300w, https:\/\/www.cm-evora.pt\/wp-content\/uploads\/2022\/11\/Exp5-1024x683.jpg 1024w, https:\/\/www.cm-evora.pt\/wp-content\/uploads\/2022\/11\/Exp5-768x512.jpg 768w, https:\/\/www.cm-evora.pt\/wp-content\/uploads\/2022\/11\/Exp5-1536x1025.jpg 1536w\" sizes=\"auto, (max-width: 1920px) 100vw, 1920px\" \/><\/a>\n\t\t\t<\/dt><\/dl><br style=\"clear: both\" \/><dl class='gallery-item'>\n\t\t\t<dt class='gallery-icon landscape'>\n\t\t\t\t<a href='https:\/\/www.cm-evora.pt\/wp-content\/uploads\/2022\/11\/Exp4.jpg'><img loading=\"lazy\" decoding=\"async\" width=\"1920\" height=\"1031\" src=\"https:\/\/www.cm-evora.pt\/wp-content\/uploads\/2022\/11\/Exp4.jpg\" class=\"attachment-full size-full\" alt=\"\" srcset=\"https:\/\/www.cm-evora.pt\/wp-content\/uploads\/2022\/11\/Exp4.jpg 1920w, https:\/\/www.cm-evora.pt\/wp-content\/uploads\/2022\/11\/Exp4-300x161.jpg 300w, https:\/\/www.cm-evora.pt\/wp-content\/uploads\/2022\/11\/Exp4-1024x550.jpg 1024w, https:\/\/www.cm-evora.pt\/wp-content\/uploads\/2022\/11\/Exp4-768x412.jpg 768w, https:\/\/www.cm-evora.pt\/wp-content\/uploads\/2022\/11\/Exp4-1536x825.jpg 1536w, https:\/\/www.cm-evora.pt\/wp-content\/uploads\/2022\/11\/Exp4-1320x709.jpg 1320w\" sizes=\"auto, (max-width: 1920px) 100vw, 1920px\" \/><\/a>\n\t\t\t<\/dt><\/dl><dl class='gallery-item'>\n\t\t\t<dt class='gallery-icon landscape'>\n\t\t\t\t<a href='https:\/\/www.cm-evora.pt\/wp-content\/uploads\/2022\/11\/Exp3.jpg'><img loading=\"lazy\" decoding=\"async\" width=\"1920\" height=\"1281\" src=\"https:\/\/www.cm-evora.pt\/wp-content\/uploads\/2022\/11\/Exp3.jpg\" class=\"attachment-full size-full\" alt=\"\" srcset=\"https:\/\/www.cm-evora.pt\/wp-content\/uploads\/2022\/11\/Exp3.jpg 1920w, https:\/\/www.cm-evora.pt\/wp-content\/uploads\/2022\/11\/Exp3-300x200.jpg 300w, https:\/\/www.cm-evora.pt\/wp-content\/uploads\/2022\/11\/Exp3-1024x683.jpg 1024w, https:\/\/www.cm-evora.pt\/wp-content\/uploads\/2022\/11\/Exp3-768x512.jpg 768w, https:\/\/www.cm-evora.pt\/wp-content\/uploads\/2022\/11\/Exp3-1536x1025.jpg 1536w, https:\/\/www.cm-evora.pt\/wp-content\/uploads\/2022\/11\/Exp3-1320x881.jpg 1320w\" sizes=\"auto, (max-width: 1920px) 100vw, 1920px\" \/><\/a>\n\t\t\t<\/dt><\/dl><dl class='gallery-item'>\n\t\t\t<dt class='gallery-icon portrait'>\n\t\t\t\t<a href='https:\/\/www.cm-evora.pt\/wp-content\/uploads\/2022\/11\/Exp1-scaled.jpg'><img loading=\"lazy\" decoding=\"async\" width=\"1708\" height=\"2560\" src=\"https:\/\/www.cm-evora.pt\/wp-content\/uploads\/2022\/11\/Exp1-scaled.jpg\" class=\"attachment-full size-full\" alt=\"\" srcset=\"https:\/\/www.cm-evora.pt\/wp-content\/uploads\/2022\/11\/Exp1-scaled.jpg 1708w, https:\/\/www.cm-evora.pt\/wp-content\/uploads\/2022\/11\/Exp1-200x300.jpg 200w, https:\/\/www.cm-evora.pt\/wp-content\/uploads\/2022\/11\/Exp1-683x1024.jpg 683w, https:\/\/www.cm-evora.pt\/wp-content\/uploads\/2022\/11\/Exp1-768x1151.jpg 768w, https:\/\/www.cm-evora.pt\/wp-content\/uploads\/2022\/11\/Exp1-1025x1536.jpg 1025w, https:\/\/www.cm-evora.pt\/wp-content\/uploads\/2022\/11\/Exp1-1367x2048.jpg 1367w\" sizes=\"auto, (max-width: 1708px) 100vw, 1708px\" \/><\/a>\n\t\t\t<\/dt><\/dl><br style=\"clear: both\" \/>\n\t\t<\/div>\n<\/p>","protected":false},"excerpt":{"rendered":"<p>Sorry, this entry is only available in Portugu\u00eas.A exposi\u00e7\u00e3o de arte participativa do Colectivo Art\u00edstico Digit\u00e1lias da Associa\u00e7\u00e3o Ser Mulher &#8211; denominada \u201cDIGIT\u00c1LIAS \u2013 Um futuro pela paz: A future for peace\u201d &#8211; foi inaugurada no dia 24 de novembro, nos Pa\u00e7os do Concelho de \u00c9vora. Esta mostra \u00e9 organizada pela C\u00e2mara Municipal de \u00c9vora, [&hellip;]<\/p>\n","protected":false},"author":45,"featured_media":43226,"comment_status":"closed","ping_status":"closed","sticky":false,"template":"","format":"standard","meta":{"_acf_changed":false,"footnotes":""},"categories":[2110],"tags":[],"class_list":["post-43247","post","type-post","status-publish","format-standard","has-post-thumbnail","hentry","category-noticias"],"acf":{"imagens":"","destaq_image":43226,"titulo_docs_seccao":"","documentos":""},"_links":{"self":[{"href":"https:\/\/www.cm-evora.pt\/en\/wp-json\/wp\/v2\/posts\/43247","targetHints":{"allow":["GET"]}}],"collection":[{"href":"https:\/\/www.cm-evora.pt\/en\/wp-json\/wp\/v2\/posts"}],"about":[{"href":"https:\/\/www.cm-evora.pt\/en\/wp-json\/wp\/v2\/types\/post"}],"author":[{"embeddable":true,"href":"https:\/\/www.cm-evora.pt\/en\/wp-json\/wp\/v2\/users\/45"}],"replies":[{"embeddable":true,"href":"https:\/\/www.cm-evora.pt\/en\/wp-json\/wp\/v2\/comments?post=43247"}],"version-history":[{"count":1,"href":"https:\/\/www.cm-evora.pt\/en\/wp-json\/wp\/v2\/posts\/43247\/revisions"}],"predecessor-version":[{"id":43248,"href":"https:\/\/www.cm-evora.pt\/en\/wp-json\/wp\/v2\/posts\/43247\/revisions\/43248"}],"wp:featuredmedia":[{"embeddable":true,"href":"https:\/\/www.cm-evora.pt\/en\/wp-json\/wp\/v2\/media\/43226"}],"wp:attachment":[{"href":"https:\/\/www.cm-evora.pt\/en\/wp-json\/wp\/v2\/media?parent=43247"}],"wp:term":[{"taxonomy":"category","embeddable":true,"href":"https:\/\/www.cm-evora.pt\/en\/wp-json\/wp\/v2\/categories?post=43247"},{"taxonomy":"post_tag","embeddable":true,"href":"https:\/\/www.cm-evora.pt\/en\/wp-json\/wp\/v2\/tags?post=43247"}],"curies":[{"name":"wp","href":"https:\/\/api.w.org\/{rel}","templated":true}]}}