{"id":43270,"date":"2022-11-28T14:38:03","date_gmt":"2022-11-28T14:38:03","guid":{"rendered":"https:\/\/www.cm-evora.pt\/?p=43270"},"modified":"2022-11-28T14:38:03","modified_gmt":"2022-11-28T14:38:03","slug":"artes-a-rua-recebe-selo-de-qualidade-para-festivais-de-arte","status":"publish","type":"post","link":"https:\/\/www.cm-evora.pt\/en\/artes-a-rua-recebe-selo-de-qualidade-para-festivais-de-arte\/","title":{"rendered":"(Portugu\u00eas) Artes \u00e0 Rua recebe selo de qualidade para festivais de arte"},"content":{"rendered":"<p class=\"qtranxs-available-languages-message qtranxs-available-languages-message-en\">Sorry, this entry is only available in <a href=\"https:\/\/www.cm-evora.pt\/pt\/wp-json\/wp\/v2\/posts\/43270\" class=\"qtranxs-available-language-link qtranxs-available-language-link-pt\" title=\"Portugu\u00eas\">Portugu\u00eas<\/a>.<\/p><p><\/p>\n<div class=\"x11i5rnm xat24cr x1mh8g0r x1vvkbs xdj266r x126k92a\">\n<div dir=\"auto\">O Artes \u00e0 Rua recebeu o selo EFFE, passo muito importante na promo\u00e7\u00e3o de \u00c9vora no Mundo.<\/div>\n<div dir=\"auto\">&#8220;O selo EFFE \u00e9 o selo de qualidade da Europa para festivais de artes not\u00e1veis, mostrando seu envolvimento no campo das artes, envolvimento da comunidade e abertura internacional. Hoje, mais de 1.550 festivais em toda a Europa receberam o selo EFFE.&#8221;<\/div>\n<div dir=\"auto\">Est\u00e3o de parab\u00e9ns a cidade e o concelho e, evidentemente, a C\u00e2mara Municipal cuja estrat\u00e9gia para a cultura acolhe propostas desta natureza. Parab\u00e9ns tamb\u00e9m a toda a equipa que produziu o Festival<\/div>\n<\/div>\n<div class=\"x11i5rnm xat24cr x1mh8g0r x1vvkbs xtlvy1s x126k92a\">\n<div dir=\"auto\"><a class=\"x1i10hfl xjbqb8w x6umtig x1b1mbwd xaqea5y xav7gou x9f619 x1ypdohk xt0psk2 xe8uvvx xdj266r x11i5rnm xat24cr x1mh8g0r xexx8yu x4uap5 x18d9i69 xkhd6sd x16tdsg8 x1hl2dhg xggy1nq x1a2a7pz xt0b8zv x1qq9wsj xo1l8bm\" role=\"link\" href=\"https:\/\/www.facebook.com\/hashtag\/europeforfestivalsfestivalsforeurope?__eep__=6&amp;__cft__[0]=AZVgxeZXn4Q7PsGzln6cnfhRx7fGPDD_ShMi6Q0nqcrt8DJctcRJM2jzHvpC2iuLpSbXpFiC4lvDbrGcdbZ-39mhB2hiPIjf9gRLsrKM8JqzmuHrwPqF5kSlJVI6izXiBbMGlJ4ONcLTgVqsWYZwZ13ubvy7bC75RQHk4-XktZRrO-1Lis73NFUuxMGFyw1S3rI&amp;__tn__=*NK-R\">#europeforfestivalsfestivalsforeurope<\/a> <a class=\"x1i10hfl xjbqb8w x6umtig x1b1mbwd xaqea5y xav7gou x9f619 x1ypdohk xt0psk2 xe8uvvx xdj266r x11i5rnm xat24cr x1mh8g0r xexx8yu x4uap5 x18d9i69 xkhd6sd x16tdsg8 x1hl2dhg xggy1nq x1a2a7pz xt0b8zv x1qq9wsj xo1l8bm\" role=\"link\" href=\"https:\/\/www.facebook.com\/hashtag\/europeforfestivals?__eep__=6&amp;__cft__[0]=AZVgxeZXn4Q7PsGzln6cnfhRx7fGPDD_ShMi6Q0nqcrt8DJctcRJM2jzHvpC2iuLpSbXpFiC4lvDbrGcdbZ-39mhB2hiPIjf9gRLsrKM8JqzmuHrwPqF5kSlJVI6izXiBbMGlJ4ONcLTgVqsWYZwZ13ubvy7bC75RQHk4-XktZRrO-1Lis73NFUuxMGFyw1S3rI&amp;__tn__=*NK-R\">#europeforfestivals<\/a> <a class=\"x1i10hfl xjbqb8w x6umtig x1b1mbwd xaqea5y xav7gou x9f619 x1ypdohk xt0psk2 xe8uvvx xdj266r x11i5rnm xat24cr x1mh8g0r xexx8yu x4uap5 x18d9i69 xkhd6sd x16tdsg8 x1hl2dhg xggy1nq x1a2a7pz xt0b8zv x1qq9wsj xo1l8bm\" role=\"link\" href=\"https:\/\/www.facebook.com\/hashtag\/festivalartes%C3%A0rua?__eep__=6&amp;__cft__[0]=AZVgxeZXn4Q7PsGzln6cnfhRx7fGPDD_ShMi6Q0nqcrt8DJctcRJM2jzHvpC2iuLpSbXpFiC4lvDbrGcdbZ-39mhB2hiPIjf9gRLsrKM8JqzmuHrwPqF5kSlJVI6izXiBbMGlJ4ONcLTgVqsWYZwZ13ubvy7bC75RQHk4-XktZRrO-1Lis73NFUuxMGFyw1S3rI&amp;__tn__=*NK-R\">#festivalartes\u00e0rua<\/a> <a class=\"x1i10hfl xjbqb8w x6umtig x1b1mbwd xaqea5y xav7gou x9f619 x1ypdohk xt0psk2 xe8uvvx xdj266r x11i5rnm xat24cr x1mh8g0r xexx8yu x4uap5 x18d9i69 xkhd6sd x16tdsg8 x1hl2dhg xggy1nq x1a2a7pz xt0b8zv x1qq9wsj xo1l8bm\" role=\"link\" href=\"https:\/\/www.facebook.com\/hashtag\/artesarua?__eep__=6&amp;__cft__[0]=AZVgxeZXn4Q7PsGzln6cnfhRx7fGPDD_ShMi6Q0nqcrt8DJctcRJM2jzHvpC2iuLpSbXpFiC4lvDbrGcdbZ-39mhB2hiPIjf9gRLsrKM8JqzmuHrwPqF5kSlJVI6izXiBbMGlJ4ONcLTgVqsWYZwZ13ubvy7bC75RQHk4-XktZRrO-1Lis73NFUuxMGFyw1S3rI&amp;__tn__=*NK-R\">#artesarua<\/a> <a class=\"x1i10hfl xjbqb8w x6umtig x1b1mbwd xaqea5y xav7gou x9f619 x1ypdohk xt0psk2 xe8uvvx xdj266r x11i5rnm xat24cr x1mh8g0r xexx8yu x4uap5 x18d9i69 xkhd6sd x16tdsg8 x1hl2dhg xggy1nq x1a2a7pz xt0b8zv x1qq9wsj xo1l8bm\" role=\"link\" href=\"https:\/\/www.facebook.com\/hashtag\/artesarua2022?__eep__=6&amp;__cft__[0]=AZVgxeZXn4Q7PsGzln6cnfhRx7fGPDD_ShMi6Q0nqcrt8DJctcRJM2jzHvpC2iuLpSbXpFiC4lvDbrGcdbZ-39mhB2hiPIjf9gRLsrKM8JqzmuHrwPqF5kSlJVI6izXiBbMGlJ4ONcLTgVqsWYZwZ13ubvy7bC75RQHk4-XktZRrO-1Lis73NFUuxMGFyw1S3rI&amp;__tn__=*NK-R\">#artesarua2022<\/a> <a class=\"x1i10hfl xjbqb8w x6umtig x1b1mbwd xaqea5y xav7gou x9f619 x1ypdohk xt0psk2 xe8uvvx xdj266r x11i5rnm xat24cr x1mh8g0r xexx8yu x4uap5 x18d9i69 xkhd6sd x16tdsg8 x1hl2dhg xggy1nq x1a2a7pz xt0b8zv x1qq9wsj xo1l8bm\" role=\"link\" href=\"https:\/\/www.facebook.com\/hashtag\/evora2027?__eep__=6&amp;__cft__[0]=AZVgxeZXn4Q7PsGzln6cnfhRx7fGPDD_ShMi6Q0nqcrt8DJctcRJM2jzHvpC2iuLpSbXpFiC4lvDbrGcdbZ-39mhB2hiPIjf9gRLsrKM8JqzmuHrwPqF5kSlJVI6izXiBbMGlJ4ONcLTgVqsWYZwZ13ubvy7bC75RQHk4-XktZRrO-1Lis73NFUuxMGFyw1S3rI&amp;__tn__=*NK-R\">#evora2027<\/a> <a class=\"x1i10hfl xjbqb8w x6umtig x1b1mbwd xaqea5y xav7gou x9f619 x1ypdohk xt0psk2 xe8uvvx xdj266r x11i5rnm xat24cr x1mh8g0r xexx8yu x4uap5 x18d9i69 xkhd6sd x16tdsg8 x1hl2dhg xggy1nq x1a2a7pz xt0b8zv x1qq9wsj xo1l8bm\" role=\"link\" href=\"https:\/\/www.facebook.com\/hashtag\/evora_portugal?__eep__=6&amp;__cft__[0]=AZVgxeZXn4Q7PsGzln6cnfhRx7fGPDD_ShMi6Q0nqcrt8DJctcRJM2jzHvpC2iuLpSbXpFiC4lvDbrGcdbZ-39mhB2hiPIjf9gRLsrKM8JqzmuHrwPqF5kSlJVI6izXiBbMGlJ4ONcLTgVqsWYZwZ13ubvy7bC75RQHk4-XktZRrO-1Lis73NFUuxMGFyw1S3rI&amp;__tn__=*NK-R\">#evora_portugal<\/a><\/div>\n<\/div>\n<div dir=\"auto\" style=\"text-align: center\"><a href=\"https:\/\/www.cm-evora.pt\/wp-content\/uploads\/2022\/11\/SeloEFFE.jpg\"><img loading=\"lazy\" decoding=\"async\" class=\"alignnone size-full wp-image-43271\" src=\"https:\/\/www.cm-evora.pt\/wp-content\/uploads\/2022\/11\/SeloEFFE.jpg\" alt=\"\" width=\"1463\" height=\"2048\" srcset=\"https:\/\/www.cm-evora.pt\/wp-content\/uploads\/2022\/11\/SeloEFFE.jpg 1463w, https:\/\/www.cm-evora.pt\/wp-content\/uploads\/2022\/11\/SeloEFFE-214x300.jpg 214w, https:\/\/www.cm-evora.pt\/wp-content\/uploads\/2022\/11\/SeloEFFE-732x1024.jpg 732w, https:\/\/www.cm-evora.pt\/wp-content\/uploads\/2022\/11\/SeloEFFE-768x1075.jpg 768w, https:\/\/www.cm-evora.pt\/wp-content\/uploads\/2022\/11\/SeloEFFE-1097x1536.jpg 1097w, https:\/\/www.cm-evora.pt\/wp-content\/uploads\/2022\/11\/SeloEFFE-1320x1848.jpg 1320w\" sizes=\"auto, (max-width: 1463px) 100vw, 1463px\" \/><\/a><\/div>\n<p><\/p>","protected":false},"excerpt":{"rendered":"<p>Sorry, this entry is only available in Portugu\u00eas. O Artes \u00e0 Rua recebeu o selo EFFE, passo muito importante na promo\u00e7\u00e3o de \u00c9vora no Mundo. &#8220;O selo EFFE \u00e9 o selo de qualidade da Europa para festivais de artes not\u00e1veis, mostrando seu envolvimento no campo das artes, envolvimento da comunidade e abertura internacional. Hoje, mais [&hellip;]<\/p>\n","protected":false},"author":45,"featured_media":43271,"comment_status":"closed","ping_status":"closed","sticky":false,"template":"","format":"standard","meta":{"_acf_changed":false,"footnotes":""},"categories":[2110],"tags":[],"class_list":["post-43270","post","type-post","status-publish","format-standard","has-post-thumbnail","hentry","category-noticias"],"acf":{"imagens":"","destaq_image":43275,"titulo_docs_seccao":"","documentos":""},"_links":{"self":[{"href":"https:\/\/www.cm-evora.pt\/en\/wp-json\/wp\/v2\/posts\/43270","targetHints":{"allow":["GET"]}}],"collection":[{"href":"https:\/\/www.cm-evora.pt\/en\/wp-json\/wp\/v2\/posts"}],"about":[{"href":"https:\/\/www.cm-evora.pt\/en\/wp-json\/wp\/v2\/types\/post"}],"author":[{"embeddable":true,"href":"https:\/\/www.cm-evora.pt\/en\/wp-json\/wp\/v2\/users\/45"}],"replies":[{"embeddable":true,"href":"https:\/\/www.cm-evora.pt\/en\/wp-json\/wp\/v2\/comments?post=43270"}],"version-history":[{"count":1,"href":"https:\/\/www.cm-evora.pt\/en\/wp-json\/wp\/v2\/posts\/43270\/revisions"}],"predecessor-version":[{"id":43276,"href":"https:\/\/www.cm-evora.pt\/en\/wp-json\/wp\/v2\/posts\/43270\/revisions\/43276"}],"wp:featuredmedia":[{"embeddable":true,"href":"https:\/\/www.cm-evora.pt\/en\/wp-json\/wp\/v2\/media\/43271"}],"wp:attachment":[{"href":"https:\/\/www.cm-evora.pt\/en\/wp-json\/wp\/v2\/media?parent=43270"}],"wp:term":[{"taxonomy":"category","embeddable":true,"href":"https:\/\/www.cm-evora.pt\/en\/wp-json\/wp\/v2\/categories?post=43270"},{"taxonomy":"post_tag","embeddable":true,"href":"https:\/\/www.cm-evora.pt\/en\/wp-json\/wp\/v2\/tags?post=43270"}],"curies":[{"name":"wp","href":"https:\/\/api.w.org\/{rel}","templated":true}]}}