{"id":43951,"date":"2022-12-19T15:32:24","date_gmt":"2022-12-19T15:32:24","guid":{"rendered":"https:\/\/www.cm-evora.pt\/?p=43951"},"modified":"2022-12-19T15:32:24","modified_gmt":"2022-12-19T15:32:24","slug":"camara-municipal-assina-contrato-de-comodato-com-o-grupo-de-forcados-amadores-de-sao-mancos","status":"publish","type":"post","link":"https:\/\/www.cm-evora.pt\/en\/camara-municipal-assina-contrato-de-comodato-com-o-grupo-de-forcados-amadores-de-sao-mancos\/","title":{"rendered":"(Portugu\u00eas) C\u00e2mara Municipal assina contrato de comodato com o Grupo de Forcados Amadores de S\u00e3o Man\u00e7os"},"content":{"rendered":"<p class=\"qtranxs-available-languages-message qtranxs-available-languages-message-en\">Sorry, this entry is only available in <a href=\"https:\/\/www.cm-evora.pt\/pt\/wp-json\/wp\/v2\/posts\/43951\" class=\"qtranxs-available-language-link qtranxs-available-language-link-pt\" title=\"Portugu\u00eas\">Portugu\u00eas<\/a>.<\/p><p>A C\u00e2mara Municipal de \u00c9vora assinou, dia 17-12-2022, um contrato de comodato com o Grupo de Forcados Amadores de S\u00e3o Man\u00e7os (GFASM), visando a ced\u00eancia gratuita de uma sala na antiga Escola Prim\u00e1ria de S\u00e3o Man\u00e7os, para efeitos de sede social desta associa\u00e7\u00e3o sem fins lucrativos de natureza cultural e social.<\/p>\n<p>&nbsp;<\/p>\n<p>O momento escolhido para a formaliza\u00e7\u00e3o deste empr\u00e9stimo sem encargos foi a II Gala de Natal do GFASM, realizada na Casa do Povo, ap\u00f3s dois anos de interrup\u00e7\u00e3o, que serviu tamb\u00e9m para fazer o balan\u00e7o da atividade anual do Grupo, atribuindo-se v\u00e1rias distin\u00e7\u00f5es a atuais e antigos forcados.<\/p>\n<p>&nbsp;<\/p>\n<p>Com enquadramento no Programa Municipal de Apoio ao Movimento Associativo, esta ced\u00eancia resulta de concurso publico, nos termos do edital publicado a 21 de abril de 2022, tendo em vista a instala\u00e7\u00e3o de projetos de associa\u00e7\u00f5es locais nas Freguesias, vigorando por um prazo de 3 anos, renov\u00e1vel por iguais per\u00edodos por acordo das partes.<\/p>\n<p>&nbsp;<\/p>\n<p>Assinaram, pela C\u00e2mara Municipal, o Presidente Carlos Pinto de S\u00e1, que endere\u00e7ou votos de sucesso para Grupo na prossecu\u00e7\u00e3o do seu plano atividades, e pelo GFASM, o Presidente Joaquim Miguel Matias Branco e o tesoureiro Rui Manuel Azinheirinha Morraceiro.<\/p>\n\n\t\t<style type=\"text\/css\">\n\t\t\t#gallery-1 {\n\t\t\t\tmargin: auto;\n\t\t\t}\n\t\t\t#gallery-1 .gallery-item {\n\t\t\t\tfloat: left;\n\t\t\t\tmargin-top: 10px;\n\t\t\t\ttext-align: center;\n\t\t\t\twidth: 33%;\n\t\t\t}\n\t\t\t#gallery-1 img {\n\t\t\t\tborder: 2px solid #cfcfcf;\n\t\t\t}\n\t\t\t#gallery-1 .gallery-caption {\n\t\t\t\tmargin-left: 0;\n\t\t\t}\n\t\t\t\/* see gallery_shortcode() in wp-includes\/media.php *\/\n\t\t<\/style>\n\t\t<div id='gallery-1' class='gallery galleryid-43951 gallery-columns-3 gallery-size-full'><dl class='gallery-item'>\n\t\t\t<dt class='gallery-icon landscape'>\n\t\t\t\t<a href='https:\/\/www.cm-evora.pt\/wp-content\/uploads\/2022\/12\/1.jpg'><img loading=\"lazy\" decoding=\"async\" width=\"1920\" height=\"1440\" src=\"https:\/\/www.cm-evora.pt\/wp-content\/uploads\/2022\/12\/1.jpg\" class=\"attachment-full size-full\" alt=\"\" aria-describedby=\"gallery-1-43952\" srcset=\"https:\/\/www.cm-evora.pt\/wp-content\/uploads\/2022\/12\/1.jpg 1920w, https:\/\/www.cm-evora.pt\/wp-content\/uploads\/2022\/12\/1-300x225.jpg 300w, https:\/\/www.cm-evora.pt\/wp-content\/uploads\/2022\/12\/1-1024x768.jpg 1024w, https:\/\/www.cm-evora.pt\/wp-content\/uploads\/2022\/12\/1-768x576.jpg 768w, https:\/\/www.cm-evora.pt\/wp-content\/uploads\/2022\/12\/1-1536x1152.jpg 1536w, https:\/\/www.cm-evora.pt\/wp-content\/uploads\/2022\/12\/1-1320x990.jpg 1320w\" sizes=\"auto, (max-width: 1920px) 100vw, 1920px\" \/><\/a>\n\t\t\t<\/dt>\n\t\t\t\t<dd class='wp-caption-text gallery-caption' id='gallery-1-43952'>\n\t\t\t\tsmart\n\t\t\t\t<\/dd><\/dl><dl class='gallery-item'>\n\t\t\t<dt class='gallery-icon landscape'>\n\t\t\t\t<a href='https:\/\/www.cm-evora.pt\/wp-content\/uploads\/2022\/12\/3.jpg'><img loading=\"lazy\" decoding=\"async\" width=\"1920\" height=\"1440\" src=\"https:\/\/www.cm-evora.pt\/wp-content\/uploads\/2022\/12\/3.jpg\" class=\"attachment-full size-full\" alt=\"\" aria-describedby=\"gallery-1-43953\" srcset=\"https:\/\/www.cm-evora.pt\/wp-content\/uploads\/2022\/12\/3.jpg 1920w, https:\/\/www.cm-evora.pt\/wp-content\/uploads\/2022\/12\/3-300x225.jpg 300w, https:\/\/www.cm-evora.pt\/wp-content\/uploads\/2022\/12\/3-1024x768.jpg 1024w, https:\/\/www.cm-evora.pt\/wp-content\/uploads\/2022\/12\/3-768x576.jpg 768w, https:\/\/www.cm-evora.pt\/wp-content\/uploads\/2022\/12\/3-1536x1152.jpg 1536w, https:\/\/www.cm-evora.pt\/wp-content\/uploads\/2022\/12\/3-1320x990.jpg 1320w\" sizes=\"auto, (max-width: 1920px) 100vw, 1920px\" \/><\/a>\n\t\t\t<\/dt>\n\t\t\t\t<dd class='wp-caption-text gallery-caption' id='gallery-1-43953'>\n\t\t\t\tsmart\n\t\t\t\t<\/dd><\/dl><dl class='gallery-item'>\n\t\t\t<dt class='gallery-icon landscape'>\n\t\t\t\t<a href='https:\/\/www.cm-evora.pt\/wp-content\/uploads\/2022\/12\/4.jpg'><img loading=\"lazy\" decoding=\"async\" width=\"1920\" height=\"1440\" src=\"https:\/\/www.cm-evora.pt\/wp-content\/uploads\/2022\/12\/4.jpg\" class=\"attachment-full size-full\" alt=\"\" aria-describedby=\"gallery-1-43954\" srcset=\"https:\/\/www.cm-evora.pt\/wp-content\/uploads\/2022\/12\/4.jpg 1920w, https:\/\/www.cm-evora.pt\/wp-content\/uploads\/2022\/12\/4-300x225.jpg 300w, https:\/\/www.cm-evora.pt\/wp-content\/uploads\/2022\/12\/4-1024x768.jpg 1024w, https:\/\/www.cm-evora.pt\/wp-content\/uploads\/2022\/12\/4-768x576.jpg 768w, https:\/\/www.cm-evora.pt\/wp-content\/uploads\/2022\/12\/4-1536x1152.jpg 1536w, https:\/\/www.cm-evora.pt\/wp-content\/uploads\/2022\/12\/4-1320x990.jpg 1320w\" sizes=\"auto, (max-width: 1920px) 100vw, 1920px\" \/><\/a>\n\t\t\t<\/dt>\n\t\t\t\t<dd class='wp-caption-text gallery-caption' id='gallery-1-43954'>\n\t\t\t\tsmart\n\t\t\t\t<\/dd><\/dl><br style=\"clear: both\" \/>\n\t\t<\/div>\n\n<p>&nbsp;<\/p>\n<p>&nbsp;<\/p>","protected":false},"excerpt":{"rendered":"<p>Sorry, this entry is only available in Portugu\u00eas.A C\u00e2mara Municipal de \u00c9vora assinou, dia 17-12-2022, um contrato de comodato com o Grupo de Forcados Amadores de S\u00e3o Man\u00e7os (GFASM), visando a ced\u00eancia gratuita de uma sala na antiga Escola Prim\u00e1ria de S\u00e3o Man\u00e7os, para efeitos de sede social desta associa\u00e7\u00e3o sem fins lucrativos de natureza [&hellip;]<\/p>\n","protected":false},"author":57,"featured_media":43953,"comment_status":"closed","ping_status":"closed","sticky":false,"template":"","format":"standard","meta":{"_acf_changed":false,"footnotes":""},"categories":[2110],"tags":[],"class_list":["post-43951","post","type-post","status-publish","format-standard","has-post-thumbnail","hentry","category-noticias"],"acf":{"imagens":"","destaq_image":43953,"titulo_docs_seccao":"","documentos":""},"_links":{"self":[{"href":"https:\/\/www.cm-evora.pt\/en\/wp-json\/wp\/v2\/posts\/43951","targetHints":{"allow":["GET"]}}],"collection":[{"href":"https:\/\/www.cm-evora.pt\/en\/wp-json\/wp\/v2\/posts"}],"about":[{"href":"https:\/\/www.cm-evora.pt\/en\/wp-json\/wp\/v2\/types\/post"}],"author":[{"embeddable":true,"href":"https:\/\/www.cm-evora.pt\/en\/wp-json\/wp\/v2\/users\/57"}],"replies":[{"embeddable":true,"href":"https:\/\/www.cm-evora.pt\/en\/wp-json\/wp\/v2\/comments?post=43951"}],"version-history":[{"count":1,"href":"https:\/\/www.cm-evora.pt\/en\/wp-json\/wp\/v2\/posts\/43951\/revisions"}],"predecessor-version":[{"id":43957,"href":"https:\/\/www.cm-evora.pt\/en\/wp-json\/wp\/v2\/posts\/43951\/revisions\/43957"}],"wp:featuredmedia":[{"embeddable":true,"href":"https:\/\/www.cm-evora.pt\/en\/wp-json\/wp\/v2\/media\/43953"}],"wp:attachment":[{"href":"https:\/\/www.cm-evora.pt\/en\/wp-json\/wp\/v2\/media?parent=43951"}],"wp:term":[{"taxonomy":"category","embeddable":true,"href":"https:\/\/www.cm-evora.pt\/en\/wp-json\/wp\/v2\/categories?post=43951"},{"taxonomy":"post_tag","embeddable":true,"href":"https:\/\/www.cm-evora.pt\/en\/wp-json\/wp\/v2\/tags?post=43951"}],"curies":[{"name":"wp","href":"https:\/\/api.w.org\/{rel}","templated":true}]}}