{"id":44017,"date":"2022-12-21T10:17:24","date_gmt":"2022-12-21T10:17:24","guid":{"rendered":"https:\/\/www.cm-evora.pt\/?p=44017"},"modified":"2022-12-21T10:17:24","modified_gmt":"2022-12-21T10:17:24","slug":"evora-tem-novo-plano-local-de-promocao-e-protecao-dos-direitos-das-criancas-e-jovens","status":"publish","type":"post","link":"https:\/\/www.cm-evora.pt\/en\/evora-tem-novo-plano-local-de-promocao-e-protecao-dos-direitos-das-criancas-e-jovens\/","title":{"rendered":"(Portugu\u00eas) \u00c9vora tem novo Plano Local de Promo\u00e7\u00e3o e Prote\u00e7\u00e3o dos Direitos das Crian\u00e7as e Jovens"},"content":{"rendered":"<p class=\"qtranxs-available-languages-message qtranxs-available-languages-message-en\">Sorry, this entry is only available in <a href=\"https:\/\/www.cm-evora.pt\/pt\/wp-json\/wp\/v2\/posts\/44017\" class=\"qtranxs-available-language-link qtranxs-available-language-link-pt\" title=\"Portugu\u00eas\">Portugu\u00eas<\/a>.<\/p><p>A apresenta\u00e7\u00e3o do Plano Local de Promo\u00e7\u00e3o e Prote\u00e7\u00e3o dos Direitos das Crian\u00e7as e Jovens para 2022-2026 pela Comiss\u00e3o de Prote\u00e7\u00e3o de Crian\u00e7as e Jovens (CPCJ) foi realizada no dia 15 de dezembro, nos Pa\u00e7os do Concelho, tendo como anfitri\u00e3o o Vice-Presidente da C\u00e2mara Municipal, Alexandre Varela.<\/p>\n<p>Na Mesa, estiveram tamb\u00e9m a Presidente da Comiss\u00e3o de Prote\u00e7\u00e3o de Crian\u00e7as e Jovens de \u00c9vora, Ana Lu\u00edsa Boto e Susana Godinho, da Comiss\u00e3o Alargada da CPCJ, que participou na elabora\u00e7\u00e3o do referido Plano e que o apresentou.<\/p>\n<p>Sob o lema \u201cPromover os Direitos, Garantir Prote\u00e7\u00e3o\u201d, este Plano j\u00e1 est\u00e1 acess\u00edvel em <a href=\"https:\/\/www.cm-evora.pt\/municipe\/areas-de-acao\/acao-social\/comissao-de-protecao-de-criancas-e-jovens-de-evora\/\">https:\/\/www.cm-evora.pt\/municipe\/areas-de-acao\/acao-social\/comissao-de-protecao-de-criancas-e-jovens-de-evora\/<\/a><\/p>\n<p>O Plano Local visa a constru\u00e7\u00e3o de estrat\u00e9gias e de a\u00e7\u00f5es entre todas as entidades participantes que permitam mitigar, ou resolver, sobretudo, as duas problem\u00e1ticas de maior incid\u00eancia local \u2013 a viol\u00eancia (em todas as suas formas) e o absentismo\/abandono escolar, garantindo a prote\u00e7\u00e3o dos direitos das crian\u00e7as e o acesso seguro aos servi\u00e7os fundamentais para as crian\u00e7as vulner\u00e1veis.\u201d<\/p>\n<p>A metodologia usada para a elabora\u00e7\u00e3o do Plano Local foi organizada em 2 etapas e 4 fases: Etapa 1 \u2013 Diagn\u00f3stico do Concelho, com a Fase 1 que incidiu em reuni\u00f5es preliminares com todas as entidades e organiza\u00e7\u00f5es que interv\u00eam em mat\u00e9ria de inf\u00e2ncia e juventude, ou est\u00e3o em rela\u00e7\u00e3o direta com a popula\u00e7\u00e3o infantojuvenil do concelho de \u00c9vora; e a Fase 2 \u00a0onde se efetuou a recolha de dados estat\u00edsticos e dos parceiros sociais para fazer a caracteriza\u00e7\u00e3o da popula\u00e7\u00e3o do concelho, nomeadamente da inf\u00e2ncia e juventude.<\/p>\n<p>A Etapa 2 consistiu na Elabora\u00e7\u00e3o do Plano e incluiu a Fase 3 onde se procedeu \u00e0 recolha, por meio de aplica\u00e7\u00e3o de question\u00e1rio, de sugest\u00f5es sobre estrat\u00e9gias de interven\u00e7\u00e3o orientadas \u00e0 mitiga\u00e7\u00e3o e\/ou resolu\u00e7\u00e3o das problem\u00e1ticas de maior incid\u00eancia local, assim como de outras problem\u00e1ticas identificadas; e a Fase 4 dedicada \u00e0 elabora\u00e7\u00e3o de propostas alinhadas \u00e0s prioridades e objetivos da Estrat\u00e9gia Nacional para os Direitos da Crian\u00e7a 2021-2024 para preven\u00e7\u00e3o, mitiga\u00e7\u00e3o e\/ou resolu\u00e7\u00e3o das problem\u00e1ticas identificadas na primeira parte do documento, e numa a\u00e7\u00e3o concertada das entidades que interv\u00eam em mat\u00e9ria de inf\u00e2ncia e juventude no concelho de \u00c9vora.<\/p>\n<p>\n\t\t<style type=\"text\/css\">\n\t\t\t#gallery-1 {\n\t\t\t\tmargin: auto;\n\t\t\t}\n\t\t\t#gallery-1 .gallery-item {\n\t\t\t\tfloat: left;\n\t\t\t\tmargin-top: 10px;\n\t\t\t\ttext-align: center;\n\t\t\t\twidth: 25%;\n\t\t\t}\n\t\t\t#gallery-1 img {\n\t\t\t\tborder: 2px solid #cfcfcf;\n\t\t\t}\n\t\t\t#gallery-1 .gallery-caption {\n\t\t\t\tmargin-left: 0;\n\t\t\t}\n\t\t\t\/* see gallery_shortcode() in wp-includes\/media.php *\/\n\t\t<\/style>\n\t\t<div id='gallery-1' class='gallery galleryid-44017 gallery-columns-4 gallery-size-full'><dl class='gallery-item'>\n\t\t\t<dt class='gallery-icon landscape'>\n\t\t\t\t<a href='https:\/\/www.cm-evora.pt\/wp-content\/uploads\/2022\/12\/PL1-1.jpg'><img loading=\"lazy\" decoding=\"async\" width=\"1920\" height=\"771\" src=\"https:\/\/www.cm-evora.pt\/wp-content\/uploads\/2022\/12\/PL1-1.jpg\" class=\"attachment-full size-full\" alt=\"\" srcset=\"https:\/\/www.cm-evora.pt\/wp-content\/uploads\/2022\/12\/PL1-1.jpg 1920w, https:\/\/www.cm-evora.pt\/wp-content\/uploads\/2022\/12\/PL1-1-300x120.jpg 300w, https:\/\/www.cm-evora.pt\/wp-content\/uploads\/2022\/12\/PL1-1-1024x411.jpg 1024w, https:\/\/www.cm-evora.pt\/wp-content\/uploads\/2022\/12\/PL1-1-768x308.jpg 768w, https:\/\/www.cm-evora.pt\/wp-content\/uploads\/2022\/12\/PL1-1-1536x617.jpg 1536w, https:\/\/www.cm-evora.pt\/wp-content\/uploads\/2022\/12\/PL1-1-1320x530.jpg 1320w\" sizes=\"auto, (max-width: 1920px) 100vw, 1920px\" \/><\/a>\n\t\t\t<\/dt><\/dl><dl class='gallery-item'>\n\t\t\t<dt class='gallery-icon landscape'>\n\t\t\t\t<a href='https:\/\/www.cm-evora.pt\/wp-content\/uploads\/2022\/12\/PL2-1.jpg'><img loading=\"lazy\" decoding=\"async\" width=\"1920\" height=\"1281\" src=\"https:\/\/www.cm-evora.pt\/wp-content\/uploads\/2022\/12\/PL2-1.jpg\" class=\"attachment-full size-full\" alt=\"\" srcset=\"https:\/\/www.cm-evora.pt\/wp-content\/uploads\/2022\/12\/PL2-1.jpg 1920w, https:\/\/www.cm-evora.pt\/wp-content\/uploads\/2022\/12\/PL2-1-300x200.jpg 300w, https:\/\/www.cm-evora.pt\/wp-content\/uploads\/2022\/12\/PL2-1-1024x683.jpg 1024w, https:\/\/www.cm-evora.pt\/wp-content\/uploads\/2022\/12\/PL2-1-768x512.jpg 768w, https:\/\/www.cm-evora.pt\/wp-content\/uploads\/2022\/12\/PL2-1-1536x1025.jpg 1536w, https:\/\/www.cm-evora.pt\/wp-content\/uploads\/2022\/12\/PL2-1-1320x881.jpg 1320w\" sizes=\"auto, (max-width: 1920px) 100vw, 1920px\" \/><\/a>\n\t\t\t<\/dt><\/dl><dl class='gallery-item'>\n\t\t\t<dt class='gallery-icon portrait'>\n\t\t\t\t<a href='https:\/\/www.cm-evora.pt\/wp-content\/uploads\/2022\/12\/PL3-1.jpg'><img loading=\"lazy\" decoding=\"async\" width=\"1920\" height=\"2342\" src=\"https:\/\/www.cm-evora.pt\/wp-content\/uploads\/2022\/12\/PL3-1.jpg\" class=\"attachment-full size-full\" alt=\"\" srcset=\"https:\/\/www.cm-evora.pt\/wp-content\/uploads\/2022\/12\/PL3-1.jpg 1920w, https:\/\/www.cm-evora.pt\/wp-content\/uploads\/2022\/12\/PL3-1-246x300.jpg 246w, https:\/\/www.cm-evora.pt\/wp-content\/uploads\/2022\/12\/PL3-1-839x1024.jpg 839w, https:\/\/www.cm-evora.pt\/wp-content\/uploads\/2022\/12\/PL3-1-768x937.jpg 768w, https:\/\/www.cm-evora.pt\/wp-content\/uploads\/2022\/12\/PL3-1-1259x1536.jpg 1259w, https:\/\/www.cm-evora.pt\/wp-content\/uploads\/2022\/12\/PL3-1-1679x2048.jpg 1679w, https:\/\/www.cm-evora.pt\/wp-content\/uploads\/2022\/12\/PL3-1-1320x1610.jpg 1320w\" sizes=\"auto, (max-width: 1920px) 100vw, 1920px\" \/><\/a>\n\t\t\t<\/dt><\/dl><dl class='gallery-item'>\n\t\t\t<dt class='gallery-icon landscape'>\n\t\t\t\t<a href='https:\/\/www.cm-evora.pt\/wp-content\/uploads\/2022\/12\/PL4-1.jpg'><img loading=\"lazy\" decoding=\"async\" width=\"1920\" height=\"905\" src=\"https:\/\/www.cm-evora.pt\/wp-content\/uploads\/2022\/12\/PL4-1.jpg\" class=\"attachment-full size-full\" alt=\"\" srcset=\"https:\/\/www.cm-evora.pt\/wp-content\/uploads\/2022\/12\/PL4-1.jpg 1920w, https:\/\/www.cm-evora.pt\/wp-content\/uploads\/2022\/12\/PL4-1-300x141.jpg 300w, https:\/\/www.cm-evora.pt\/wp-content\/uploads\/2022\/12\/PL4-1-1024x483.jpg 1024w, https:\/\/www.cm-evora.pt\/wp-content\/uploads\/2022\/12\/PL4-1-768x362.jpg 768w, https:\/\/www.cm-evora.pt\/wp-content\/uploads\/2022\/12\/PL4-1-1536x724.jpg 1536w, https:\/\/www.cm-evora.pt\/wp-content\/uploads\/2022\/12\/PL4-1-1320x622.jpg 1320w\" sizes=\"auto, (max-width: 1920px) 100vw, 1920px\" \/><\/a>\n\t\t\t<\/dt><\/dl><br style=\"clear: both\" \/><dl class='gallery-item'>\n\t\t\t<dt class='gallery-icon landscape'>\n\t\t\t\t<a href='https:\/\/www.cm-evora.pt\/wp-content\/uploads\/2022\/12\/PL5-1.jpg'><img loading=\"lazy\" decoding=\"async\" width=\"1920\" height=\"1281\" src=\"https:\/\/www.cm-evora.pt\/wp-content\/uploads\/2022\/12\/PL5-1.jpg\" class=\"attachment-full size-full\" alt=\"\" srcset=\"https:\/\/www.cm-evora.pt\/wp-content\/uploads\/2022\/12\/PL5-1.jpg 1920w, https:\/\/www.cm-evora.pt\/wp-content\/uploads\/2022\/12\/PL5-1-300x200.jpg 300w, https:\/\/www.cm-evora.pt\/wp-content\/uploads\/2022\/12\/PL5-1-1024x683.jpg 1024w, https:\/\/www.cm-evora.pt\/wp-content\/uploads\/2022\/12\/PL5-1-768x512.jpg 768w, https:\/\/www.cm-evora.pt\/wp-content\/uploads\/2022\/12\/PL5-1-1536x1025.jpg 1536w, https:\/\/www.cm-evora.pt\/wp-content\/uploads\/2022\/12\/PL5-1-1320x881.jpg 1320w\" sizes=\"auto, (max-width: 1920px) 100vw, 1920px\" \/><\/a>\n\t\t\t<\/dt><\/dl><dl class='gallery-item'>\n\t\t\t<dt class='gallery-icon landscape'>\n\t\t\t\t<a href='https:\/\/www.cm-evora.pt\/wp-content\/uploads\/2022\/12\/PL6-1.jpg'><img loading=\"lazy\" decoding=\"async\" width=\"1920\" height=\"1169\" src=\"https:\/\/www.cm-evora.pt\/wp-content\/uploads\/2022\/12\/PL6-1.jpg\" class=\"attachment-full size-full\" alt=\"\" srcset=\"https:\/\/www.cm-evora.pt\/wp-content\/uploads\/2022\/12\/PL6-1.jpg 1920w, https:\/\/www.cm-evora.pt\/wp-content\/uploads\/2022\/12\/PL6-1-300x183.jpg 300w, https:\/\/www.cm-evora.pt\/wp-content\/uploads\/2022\/12\/PL6-1-1024x623.jpg 1024w, https:\/\/www.cm-evora.pt\/wp-content\/uploads\/2022\/12\/PL6-1-768x468.jpg 768w, https:\/\/www.cm-evora.pt\/wp-content\/uploads\/2022\/12\/PL6-1-1536x935.jpg 1536w, https:\/\/www.cm-evora.pt\/wp-content\/uploads\/2022\/12\/PL6-1-1320x804.jpg 1320w, https:\/\/www.cm-evora.pt\/wp-content\/uploads\/2022\/12\/PL6-1-680x414.jpg 680w\" sizes=\"auto, (max-width: 1920px) 100vw, 1920px\" \/><\/a>\n\t\t\t<\/dt><\/dl><dl class='gallery-item'>\n\t\t\t<dt class='gallery-icon landscape'>\n\t\t\t\t<a href='https:\/\/www.cm-evora.pt\/wp-content\/uploads\/2022\/12\/PL7-1.jpg'><img loading=\"lazy\" decoding=\"async\" width=\"1920\" height=\"1174\" src=\"https:\/\/www.cm-evora.pt\/wp-content\/uploads\/2022\/12\/PL7-1.jpg\" class=\"attachment-full size-full\" alt=\"\" srcset=\"https:\/\/www.cm-evora.pt\/wp-content\/uploads\/2022\/12\/PL7-1.jpg 1920w, https:\/\/www.cm-evora.pt\/wp-content\/uploads\/2022\/12\/PL7-1-300x183.jpg 300w, https:\/\/www.cm-evora.pt\/wp-content\/uploads\/2022\/12\/PL7-1-1024x626.jpg 1024w, https:\/\/www.cm-evora.pt\/wp-content\/uploads\/2022\/12\/PL7-1-768x470.jpg 768w, https:\/\/www.cm-evora.pt\/wp-content\/uploads\/2022\/12\/PL7-1-1536x939.jpg 1536w, https:\/\/www.cm-evora.pt\/wp-content\/uploads\/2022\/12\/PL7-1-1320x807.jpg 1320w\" sizes=\"auto, (max-width: 1920px) 100vw, 1920px\" \/><\/a>\n\t\t\t<\/dt><\/dl>\n\t\t\t<br style='clear: both' \/>\n\t\t<\/div>\n<\/p>","protected":false},"excerpt":{"rendered":"<p>Sorry, this entry is only available in Portugu\u00eas.A apresenta\u00e7\u00e3o do Plano Local de Promo\u00e7\u00e3o e Prote\u00e7\u00e3o dos Direitos das Crian\u00e7as e Jovens para 2022-2026 pela Comiss\u00e3o de Prote\u00e7\u00e3o de Crian\u00e7as e Jovens (CPCJ) foi realizada no dia 15 de dezembro, nos Pa\u00e7os do Concelho, tendo como anfitri\u00e3o o Vice-Presidente da C\u00e2mara Municipal, Alexandre Varela. Na [&hellip;]<\/p>\n","protected":false},"author":57,"featured_media":43997,"comment_status":"closed","ping_status":"closed","sticky":false,"template":"","format":"standard","meta":{"_acf_changed":false,"footnotes":""},"categories":[2110],"tags":[],"class_list":["post-44017","post","type-post","status-publish","format-standard","has-post-thumbnail","hentry","category-noticias"],"acf":{"imagens":"","destaq_image":44018,"titulo_docs_seccao":"","documentos":""},"_links":{"self":[{"href":"https:\/\/www.cm-evora.pt\/en\/wp-json\/wp\/v2\/posts\/44017","targetHints":{"allow":["GET"]}}],"collection":[{"href":"https:\/\/www.cm-evora.pt\/en\/wp-json\/wp\/v2\/posts"}],"about":[{"href":"https:\/\/www.cm-evora.pt\/en\/wp-json\/wp\/v2\/types\/post"}],"author":[{"embeddable":true,"href":"https:\/\/www.cm-evora.pt\/en\/wp-json\/wp\/v2\/users\/57"}],"replies":[{"embeddable":true,"href":"https:\/\/www.cm-evora.pt\/en\/wp-json\/wp\/v2\/comments?post=44017"}],"version-history":[{"count":1,"href":"https:\/\/www.cm-evora.pt\/en\/wp-json\/wp\/v2\/posts\/44017\/revisions"}],"predecessor-version":[{"id":44025,"href":"https:\/\/www.cm-evora.pt\/en\/wp-json\/wp\/v2\/posts\/44017\/revisions\/44025"}],"wp:featuredmedia":[{"embeddable":true,"href":"https:\/\/www.cm-evora.pt\/en\/wp-json\/wp\/v2\/media\/43997"}],"wp:attachment":[{"href":"https:\/\/www.cm-evora.pt\/en\/wp-json\/wp\/v2\/media?parent=44017"}],"wp:term":[{"taxonomy":"category","embeddable":true,"href":"https:\/\/www.cm-evora.pt\/en\/wp-json\/wp\/v2\/categories?post=44017"},{"taxonomy":"post_tag","embeddable":true,"href":"https:\/\/www.cm-evora.pt\/en\/wp-json\/wp\/v2\/tags?post=44017"}],"curies":[{"name":"wp","href":"https:\/\/api.w.org\/{rel}","templated":true}]}}