{"id":45372,"date":"2023-02-06T12:01:42","date_gmt":"2023-02-06T12:01:42","guid":{"rendered":"https:\/\/www.cm-evora.pt\/?p=45372"},"modified":"2023-02-06T12:01:42","modified_gmt":"2023-02-06T12:01:42","slug":"fiscalizacao-do-estacionamento-no-centro-historico-de-evora","status":"publish","type":"post","link":"https:\/\/www.cm-evora.pt\/en\/fiscalizacao-do-estacionamento-no-centro-historico-de-evora\/","title":{"rendered":"(Portugu\u00eas) Fiscaliza\u00e7\u00e3o do Estacionamento no Centro Hist\u00f3rico de \u00c9vora"},"content":{"rendered":"<p class=\"qtranxs-available-languages-message qtranxs-available-languages-message-en\">Sorry, this entry is only available in <a href=\"https:\/\/www.cm-evora.pt\/pt\/wp-json\/wp\/v2\/posts\/45372\" class=\"qtranxs-available-language-link qtranxs-available-language-link-pt\" title=\"Portugu\u00eas\">Portugu\u00eas<\/a>.<\/p><p>CME E PSP V\u00c3O CONTINUAR AS A\u00c7\u00d5ES DE FISCALIZA\u00c7\u00c3O CONJUNTA<\/p>\n<p>Na sequ\u00eancia dos bons resultados obtidos na fiscaliza\u00e7\u00e3o conjunta realizada em per\u00edodo noturno ao estacionamento no Centro Hist\u00f3rico de \u00c9vora, a C\u00e2mara Municipal de \u00c9vora e a Pol\u00edcia de Seguran\u00e7a P\u00fablica, Comando Distrital de \u00c9vora, ir\u00e3o dar seguimento com novos agendamentos, pelo que estas a\u00e7\u00f5es ir\u00e3o assumir car\u00e1ter de regularidade, pelo menos durante os pr\u00f3ximos meses.<\/p>\n<p>Na sequ\u00eancia do que j\u00e1 foi desenvolvido, a fiscaliza\u00e7\u00e3o voltar\u00e1 a incidir sobre os casos de estacionamento abusivo em locais destinados a residentes, mas n\u00e3o deixando de proceder em conformidade sempre que sejam detetados outros casos de infra\u00e7\u00e3o ao C\u00f3digo da Estrada, ou esteja em causa a garantia da seguran\u00e7a p\u00fablica.<\/p>\n<p>Mais uma vez a C\u00e2mara Municipal de \u00c9vora exorta os condutores para que cumpram as normas de estacionamento evitando atitudes abusivas que, al\u00e9m de prejudicarem toda a comunidade, sujeitam os autores \u00e0 a\u00e7\u00e3o punitiva das for\u00e7as de seguran\u00e7a.<\/p>","protected":false},"excerpt":{"rendered":"<p>Sorry, this entry is only available in Portugu\u00eas.CME E PSP V\u00c3O CONTINUAR AS A\u00c7\u00d5ES DE FISCALIZA\u00c7\u00c3O CONJUNTA Na sequ\u00eancia dos bons resultados obtidos na fiscaliza\u00e7\u00e3o conjunta realizada em per\u00edodo noturno ao estacionamento no Centro Hist\u00f3rico de \u00c9vora, a C\u00e2mara Municipal de \u00c9vora e a Pol\u00edcia de Seguran\u00e7a P\u00fablica, Comando Distrital de \u00c9vora, ir\u00e3o dar seguimento [&hellip;]<\/p>\n","protected":false},"author":37,"featured_media":0,"comment_status":"closed","ping_status":"closed","sticky":false,"template":"","format":"standard","meta":{"_acf_changed":false,"footnotes":""},"categories":[2110],"tags":[],"class_list":["post-45372","post","type-post","status-publish","format-standard","hentry","category-noticias"],"acf":{"imagens":"","destaq_image":45373,"titulo_docs_seccao":"","documentos":""},"_links":{"self":[{"href":"https:\/\/www.cm-evora.pt\/en\/wp-json\/wp\/v2\/posts\/45372","targetHints":{"allow":["GET"]}}],"collection":[{"href":"https:\/\/www.cm-evora.pt\/en\/wp-json\/wp\/v2\/posts"}],"about":[{"href":"https:\/\/www.cm-evora.pt\/en\/wp-json\/wp\/v2\/types\/post"}],"author":[{"embeddable":true,"href":"https:\/\/www.cm-evora.pt\/en\/wp-json\/wp\/v2\/users\/37"}],"replies":[{"embeddable":true,"href":"https:\/\/www.cm-evora.pt\/en\/wp-json\/wp\/v2\/comments?post=45372"}],"version-history":[{"count":1,"href":"https:\/\/www.cm-evora.pt\/en\/wp-json\/wp\/v2\/posts\/45372\/revisions"}],"predecessor-version":[{"id":45374,"href":"https:\/\/www.cm-evora.pt\/en\/wp-json\/wp\/v2\/posts\/45372\/revisions\/45374"}],"wp:attachment":[{"href":"https:\/\/www.cm-evora.pt\/en\/wp-json\/wp\/v2\/media?parent=45372"}],"wp:term":[{"taxonomy":"category","embeddable":true,"href":"https:\/\/www.cm-evora.pt\/en\/wp-json\/wp\/v2\/categories?post=45372"},{"taxonomy":"post_tag","embeddable":true,"href":"https:\/\/www.cm-evora.pt\/en\/wp-json\/wp\/v2\/tags?post=45372"}],"curies":[{"name":"wp","href":"https:\/\/api.w.org\/{rel}","templated":true}]}}