{"id":47171,"date":"2023-03-23T09:40:46","date_gmt":"2023-03-23T09:40:46","guid":{"rendered":"https:\/\/www.cm-evora.pt\/?p=47171"},"modified":"2023-03-23T09:40:46","modified_gmt":"2023-03-23T09:40:46","slug":"apresentacao-do-acesso-universal-1-2-atribuicao-de-selo-de-acesso-universal-aos-comerciantes","status":"publish","type":"post","link":"https:\/\/www.cm-evora.pt\/en\/apresentacao-do-acesso-universal-1-2-atribuicao-de-selo-de-acesso-universal-aos-comerciantes\/","title":{"rendered":"Apresenta\u00e7\u00e3o do ACESSO UNIVERSAL 1.2 ATRIBUI\u00c7\u00c3O DE \u201cSELO DE ACESSO UNIVERSAL\u201d AOS COMERCIANTES"},"content":{"rendered":"<p>Teve lugar ontem, 22 de mar\u00e7o, no Sal\u00e3o Nobre da Associa\u00e7\u00e3o Comercial do Distrito de \u00c9vora, uma sess\u00e3o t\u00e9cnica para apresenta\u00e7\u00e3o do Projeto Acesso Universal 1.2, com incid\u00eancia na iniciativa que visa promover a atribui\u00e7\u00e3o do \u201cSelo de Acesso Universal\u201d aos estabelecimentos abertos ao p\u00fablico.<\/p>\n<p>Trata-se da atribui\u00e7\u00e3o pela Associa\u00e7\u00e3o de Paralisia Cerebral de \u00c9vora (APCE) de um selo distintivo que dever\u00e1 identificar os espa\u00e7os que, por estarem providos de condi\u00e7\u00f5es de acessibilidade adequadas a pessoas com mobilidade reduzida, vierem a merecer um \u201cSelo de Acessibilidade\u201d com exposi\u00e7\u00e3o p\u00fablica.<\/p>\n<p>O selo Acesso Universal 1.2 \u00e9 uma iniciativa da APCE financiada pelo programa comunit\u00e1rio Alentejo 2020, que tem como entidades parceiras a C\u00e2mara Municipal de \u00c9vora e a Associa\u00e7\u00e3o Comercial de \u00c9vora. Tem como objetivos identificar positivamente os espa\u00e7os\/estabelecimentos que adotam medidas para uma boa acessibilidade e mobilidade para todos. Este selo visa por um lado incentivar os respons\u00e1veis dos estabelecimentos a adotar estas medidas e por outro ajudar as pessoas com defici\u00eancia na identifica\u00e7\u00e3o dos espa\u00e7os que possibilitam a sua circula\u00e7\u00e3o segura.<\/p>\n<p>Para obter o regulamento, preencher os formul\u00e1rios de contacto e ades\u00e3o, ou para obter mais informa\u00e7\u00f5es, os interessados dever\u00e3o aceder ao s\u00edtio oficial da APCE em <a href=\"http:\/\/www.apce.org.pt\">www.apce.org.pt<\/a><\/p>\n\n\t\t<style type=\"text\/css\">\n\t\t\t#gallery-1 {\n\t\t\t\tmargin: auto;\n\t\t\t}\n\t\t\t#gallery-1 .gallery-item {\n\t\t\t\tfloat: left;\n\t\t\t\tmargin-top: 10px;\n\t\t\t\ttext-align: center;\n\t\t\t\twidth: 33%;\n\t\t\t}\n\t\t\t#gallery-1 img {\n\t\t\t\tborder: 2px solid #cfcfcf;\n\t\t\t}\n\t\t\t#gallery-1 .gallery-caption {\n\t\t\t\tmargin-left: 0;\n\t\t\t}\n\t\t\t\/* see gallery_shortcode() in wp-includes\/media.php *\/\n\t\t<\/style>\n\t\t<div id='gallery-1' class='gallery galleryid-47171 gallery-columns-3 gallery-size-full'><dl class='gallery-item'>\n\t\t\t<dt class='gallery-icon landscape'>\n\t\t\t\t<a href='https:\/\/www.cm-evora.pt\/wp-content\/uploads\/2023\/03\/2023_03_22-HO-Acessp-Universal-APCE-4.jpg'><img loading=\"lazy\" decoding=\"async\" width=\"1920\" height=\"1238\" src=\"https:\/\/www.cm-evora.pt\/wp-content\/uploads\/2023\/03\/2023_03_22-HO-Acessp-Universal-APCE-4.jpg\" class=\"attachment-full size-full\" alt=\"\" srcset=\"https:\/\/www.cm-evora.pt\/wp-content\/uploads\/2023\/03\/2023_03_22-HO-Acessp-Universal-APCE-4.jpg 1920w, https:\/\/www.cm-evora.pt\/wp-content\/uploads\/2023\/03\/2023_03_22-HO-Acessp-Universal-APCE-4-300x193.jpg 300w, https:\/\/www.cm-evora.pt\/wp-content\/uploads\/2023\/03\/2023_03_22-HO-Acessp-Universal-APCE-4-1024x660.jpg 1024w, https:\/\/www.cm-evora.pt\/wp-content\/uploads\/2023\/03\/2023_03_22-HO-Acessp-Universal-APCE-4-768x495.jpg 768w, https:\/\/www.cm-evora.pt\/wp-content\/uploads\/2023\/03\/2023_03_22-HO-Acessp-Universal-APCE-4-1536x990.jpg 1536w, https:\/\/www.cm-evora.pt\/wp-content\/uploads\/2023\/03\/2023_03_22-HO-Acessp-Universal-APCE-4-1320x851.jpg 1320w\" sizes=\"auto, (max-width: 1920px) 100vw, 1920px\" \/><\/a>\n\t\t\t<\/dt><\/dl><dl class='gallery-item'>\n\t\t\t<dt class='gallery-icon landscape'>\n\t\t\t\t<a href='https:\/\/www.cm-evora.pt\/wp-content\/uploads\/2023\/03\/2023_03_22-HO-Acessp-Universal-APCE-1.jpg'><img loading=\"lazy\" decoding=\"async\" width=\"1920\" height=\"1306\" src=\"https:\/\/www.cm-evora.pt\/wp-content\/uploads\/2023\/03\/2023_03_22-HO-Acessp-Universal-APCE-1.jpg\" class=\"attachment-full size-full\" alt=\"\" srcset=\"https:\/\/www.cm-evora.pt\/wp-content\/uploads\/2023\/03\/2023_03_22-HO-Acessp-Universal-APCE-1.jpg 1920w, https:\/\/www.cm-evora.pt\/wp-content\/uploads\/2023\/03\/2023_03_22-HO-Acessp-Universal-APCE-1-300x204.jpg 300w, https:\/\/www.cm-evora.pt\/wp-content\/uploads\/2023\/03\/2023_03_22-HO-Acessp-Universal-APCE-1-1024x697.jpg 1024w, https:\/\/www.cm-evora.pt\/wp-content\/uploads\/2023\/03\/2023_03_22-HO-Acessp-Universal-APCE-1-768x522.jpg 768w, https:\/\/www.cm-evora.pt\/wp-content\/uploads\/2023\/03\/2023_03_22-HO-Acessp-Universal-APCE-1-1536x1045.jpg 1536w, https:\/\/www.cm-evora.pt\/wp-content\/uploads\/2023\/03\/2023_03_22-HO-Acessp-Universal-APCE-1-1320x898.jpg 1320w\" sizes=\"auto, (max-width: 1920px) 100vw, 1920px\" \/><\/a>\n\t\t\t<\/dt><\/dl><dl class='gallery-item'>\n\t\t\t<dt class='gallery-icon landscape'>\n\t\t\t\t<a href='https:\/\/www.cm-evora.pt\/wp-content\/uploads\/2023\/03\/2023_03_22-HO-Acessp-Universal-APCE-2.jpg'><img loading=\"lazy\" decoding=\"async\" width=\"1920\" height=\"1280\" src=\"https:\/\/www.cm-evora.pt\/wp-content\/uploads\/2023\/03\/2023_03_22-HO-Acessp-Universal-APCE-2.jpg\" class=\"attachment-full size-full\" alt=\"\" srcset=\"https:\/\/www.cm-evora.pt\/wp-content\/uploads\/2023\/03\/2023_03_22-HO-Acessp-Universal-APCE-2.jpg 1920w, https:\/\/www.cm-evora.pt\/wp-content\/uploads\/2023\/03\/2023_03_22-HO-Acessp-Universal-APCE-2-300x200.jpg 300w, https:\/\/www.cm-evora.pt\/wp-content\/uploads\/2023\/03\/2023_03_22-HO-Acessp-Universal-APCE-2-1024x683.jpg 1024w, https:\/\/www.cm-evora.pt\/wp-content\/uploads\/2023\/03\/2023_03_22-HO-Acessp-Universal-APCE-2-768x512.jpg 768w, https:\/\/www.cm-evora.pt\/wp-content\/uploads\/2023\/03\/2023_03_22-HO-Acessp-Universal-APCE-2-1536x1024.jpg 1536w, https:\/\/www.cm-evora.pt\/wp-content\/uploads\/2023\/03\/2023_03_22-HO-Acessp-Universal-APCE-2-1320x880.jpg 1320w\" sizes=\"auto, (max-width: 1920px) 100vw, 1920px\" \/><\/a>\n\t\t\t<\/dt><\/dl><br style=\"clear: both\" \/><dl class='gallery-item'>\n\t\t\t<dt class='gallery-icon landscape'>\n\t\t\t\t<a href='https:\/\/www.cm-evora.pt\/wp-content\/uploads\/2023\/03\/2023_03_22-HO-Acessp-Universal-APCE-3.jpg'><img loading=\"lazy\" decoding=\"async\" width=\"1920\" height=\"1310\" src=\"https:\/\/www.cm-evora.pt\/wp-content\/uploads\/2023\/03\/2023_03_22-HO-Acessp-Universal-APCE-3.jpg\" class=\"attachment-full size-full\" alt=\"\" srcset=\"https:\/\/www.cm-evora.pt\/wp-content\/uploads\/2023\/03\/2023_03_22-HO-Acessp-Universal-APCE-3.jpg 1920w, https:\/\/www.cm-evora.pt\/wp-content\/uploads\/2023\/03\/2023_03_22-HO-Acessp-Universal-APCE-3-300x205.jpg 300w, https:\/\/www.cm-evora.pt\/wp-content\/uploads\/2023\/03\/2023_03_22-HO-Acessp-Universal-APCE-3-1024x699.jpg 1024w, https:\/\/www.cm-evora.pt\/wp-content\/uploads\/2023\/03\/2023_03_22-HO-Acessp-Universal-APCE-3-768x524.jpg 768w, https:\/\/www.cm-evora.pt\/wp-content\/uploads\/2023\/03\/2023_03_22-HO-Acessp-Universal-APCE-3-1536x1048.jpg 1536w, https:\/\/www.cm-evora.pt\/wp-content\/uploads\/2023\/03\/2023_03_22-HO-Acessp-Universal-APCE-3-1320x901.jpg 1320w\" sizes=\"auto, (max-width: 1920px) 100vw, 1920px\" \/><\/a>\n\t\t\t<\/dt><\/dl>\n\t\t\t<br style='clear: both' \/>\n\t\t<\/div>\n\n","protected":false},"excerpt":{"rendered":"<p>Teve lugar ontem, 22 de mar\u00e7o, no Sal\u00e3o Nobre da Associa\u00e7\u00e3o Comercial do Distrito de \u00c9vora, uma sess\u00e3o t\u00e9cnica para apresenta\u00e7\u00e3o do Projeto Acesso Universal 1.2, com incid\u00eancia na iniciativa que visa promover a atribui\u00e7\u00e3o do \u201cSelo de Acesso Universal\u201d aos estabelecimentos abertos ao p\u00fablico. Trata-se da atribui\u00e7\u00e3o pela Associa\u00e7\u00e3o de Paralisia Cerebral de \u00c9vora [&hellip;]<\/p>\n","protected":false},"author":37,"featured_media":47175,"comment_status":"closed","ping_status":"closed","sticky":false,"template":"","format":"standard","meta":{"_acf_changed":false,"footnotes":""},"categories":[2110],"tags":[],"class_list":["post-47171","post","type-post","status-publish","format-standard","has-post-thumbnail","hentry","category-noticias"],"acf":{"imagens":"","destaq_image":47175,"titulo_docs_seccao":"","documentos":""},"_links":{"self":[{"href":"https:\/\/www.cm-evora.pt\/en\/wp-json\/wp\/v2\/posts\/47171","targetHints":{"allow":["GET"]}}],"collection":[{"href":"https:\/\/www.cm-evora.pt\/en\/wp-json\/wp\/v2\/posts"}],"about":[{"href":"https:\/\/www.cm-evora.pt\/en\/wp-json\/wp\/v2\/types\/post"}],"author":[{"embeddable":true,"href":"https:\/\/www.cm-evora.pt\/en\/wp-json\/wp\/v2\/users\/37"}],"replies":[{"embeddable":true,"href":"https:\/\/www.cm-evora.pt\/en\/wp-json\/wp\/v2\/comments?post=47171"}],"version-history":[{"count":1,"href":"https:\/\/www.cm-evora.pt\/en\/wp-json\/wp\/v2\/posts\/47171\/revisions"}],"predecessor-version":[{"id":47176,"href":"https:\/\/www.cm-evora.pt\/en\/wp-json\/wp\/v2\/posts\/47171\/revisions\/47176"}],"wp:featuredmedia":[{"embeddable":true,"href":"https:\/\/www.cm-evora.pt\/en\/wp-json\/wp\/v2\/media\/47175"}],"wp:attachment":[{"href":"https:\/\/www.cm-evora.pt\/en\/wp-json\/wp\/v2\/media?parent=47171"}],"wp:term":[{"taxonomy":"category","embeddable":true,"href":"https:\/\/www.cm-evora.pt\/en\/wp-json\/wp\/v2\/categories?post=47171"},{"taxonomy":"post_tag","embeddable":true,"href":"https:\/\/www.cm-evora.pt\/en\/wp-json\/wp\/v2\/tags?post=47171"}],"curies":[{"name":"wp","href":"https:\/\/api.w.org\/{rel}","templated":true}]}}