{"id":48358,"date":"2023-04-24T15:01:38","date_gmt":"2023-04-24T14:01:38","guid":{"rendered":"https:\/\/www.cm-evora.pt\/?p=48358"},"modified":"2023-04-24T15:01:38","modified_gmt":"2023-04-24T14:01:38","slug":"baile-da-amendoa-animou-miudos-e-graudos-no-monte-alentejano","status":"publish","type":"post","link":"https:\/\/www.cm-evora.pt\/en\/baile-da-amendoa-animou-miudos-e-graudos-no-monte-alentejano\/","title":{"rendered":"Baile da Am\u00eandoa animou mi\u00fados e gra\u00fados no Monte Alentejano"},"content":{"rendered":"<p>O Baile da Am\u00eandoa, organizado pela C\u00e2mara Municipal de \u00c9vora no \u00e2mbito do Plano de A\u00e7\u00e3o para o Envelhecimento Positivo, cumpriu a tradi\u00e7\u00e3o com mais uma edi\u00e7\u00e3o reunindo 300 participantes (entre idosos e crian\u00e7as) no dia 20 de abril, no Monte Alentejano\/Rossio de S. Br\u00e1s, para uma tarde de festa e conv\u00edvio. Desta vez, por compromissos inadi\u00e1veis, o Presidente da C\u00e2mara Municipal de \u00c9vora n\u00e3o pode estar presente, tendo encarregado o seu Secret\u00e1rio de dar as boas vindas a todos.<\/p>\n<p>A anima\u00e7\u00e3o esteve a cargo do m\u00fasico David Mel\u00e3o, sendo tamb\u00e9m servido um lanche aos diversos participantes das associa\u00e7\u00f5es de reformados, pensionistas e idosos do Concelho que se inscreveram para participar no evento.<\/p>\n<p>Participaram 15 associa\u00e7\u00f5es e entidades do concelho, com respostas sociais na \u00e1rea da terceira idade e as crian\u00e7as do Jardim Infantil N\u00aa Sra. da Piedade. A decora\u00e7\u00e3o da sala foi feita pelos Utentes do Centro de Conv\u00edvio da C\u00e2mara Municipal de \u00c9vora, da Obra de S. Jos\u00e9 Oper\u00e1rio e do J.I. N\u00aa Sra. da Piedade.<\/p>\n<p>As crian\u00e7as distribu\u00edram ainda postais ilustrados por elas aos seniores, que por sua vez lhe ofereceram pequenas lembran\u00e7as. Tamb\u00e9m a pinha (pinhata) n\u00e3o faltou para dar seguimento a esta ancestral tradi\u00e7\u00e3o crist\u00e3, com um grupo de seniores a puxar as fitas, a abrir a pinha (que neste caso era uma galinha feita pelas utentes do Centro de Conv\u00edvio da CME) e a despejar bombons para aqueles que os quiseram apanhar, tendo o baile prosseguido num clima de grande entusiasmo e satisfa\u00e7\u00e3o.<\/p>\n\n\t\t<style type=\"text\/css\">\n\t\t\t#gallery-1 {\n\t\t\t\tmargin: auto;\n\t\t\t}\n\t\t\t#gallery-1 .gallery-item {\n\t\t\t\tfloat: left;\n\t\t\t\tmargin-top: 10px;\n\t\t\t\ttext-align: center;\n\t\t\t\twidth: 50%;\n\t\t\t}\n\t\t\t#gallery-1 img {\n\t\t\t\tborder: 2px solid #cfcfcf;\n\t\t\t}\n\t\t\t#gallery-1 .gallery-caption {\n\t\t\t\tmargin-left: 0;\n\t\t\t}\n\t\t\t\/* see gallery_shortcode() in wp-includes\/media.php *\/\n\t\t<\/style>\n\t\t<div id='gallery-1' class='gallery galleryid-48358 gallery-columns-2 gallery-size-full'><dl class='gallery-item'>\n\t\t\t<dt class='gallery-icon landscape'>\n\t\t\t\t<a href='https:\/\/www.cm-evora.pt\/wp-content\/uploads\/2023\/04\/BA10.jpg'><img loading=\"lazy\" decoding=\"async\" width=\"1920\" height=\"1280\" src=\"https:\/\/www.cm-evora.pt\/wp-content\/uploads\/2023\/04\/BA10.jpg\" class=\"attachment-full size-full\" alt=\"\" srcset=\"https:\/\/www.cm-evora.pt\/wp-content\/uploads\/2023\/04\/BA10.jpg 1920w, https:\/\/www.cm-evora.pt\/wp-content\/uploads\/2023\/04\/BA10-300x200.jpg 300w, https:\/\/www.cm-evora.pt\/wp-content\/uploads\/2023\/04\/BA10-1024x683.jpg 1024w, https:\/\/www.cm-evora.pt\/wp-content\/uploads\/2023\/04\/BA10-768x512.jpg 768w, https:\/\/www.cm-evora.pt\/wp-content\/uploads\/2023\/04\/BA10-1536x1024.jpg 1536w, https:\/\/www.cm-evora.pt\/wp-content\/uploads\/2023\/04\/BA10-1320x880.jpg 1320w\" sizes=\"auto, (max-width: 1920px) 100vw, 1920px\" \/><\/a>\n\t\t\t<\/dt><\/dl><dl class='gallery-item'>\n\t\t\t<dt class='gallery-icon landscape'>\n\t\t\t\t<a href='https:\/\/www.cm-evora.pt\/wp-content\/uploads\/2023\/04\/BA36.jpg'><img loading=\"lazy\" decoding=\"async\" width=\"1920\" height=\"1280\" src=\"https:\/\/www.cm-evora.pt\/wp-content\/uploads\/2023\/04\/BA36.jpg\" class=\"attachment-full size-full\" alt=\"\" srcset=\"https:\/\/www.cm-evora.pt\/wp-content\/uploads\/2023\/04\/BA36.jpg 1920w, https:\/\/www.cm-evora.pt\/wp-content\/uploads\/2023\/04\/BA36-300x200.jpg 300w, https:\/\/www.cm-evora.pt\/wp-content\/uploads\/2023\/04\/BA36-1024x683.jpg 1024w, https:\/\/www.cm-evora.pt\/wp-content\/uploads\/2023\/04\/BA36-768x512.jpg 768w, https:\/\/www.cm-evora.pt\/wp-content\/uploads\/2023\/04\/BA36-1536x1024.jpg 1536w, https:\/\/www.cm-evora.pt\/wp-content\/uploads\/2023\/04\/BA36-1320x880.jpg 1320w\" sizes=\"auto, (max-width: 1920px) 100vw, 1920px\" \/><\/a>\n\t\t\t<\/dt><\/dl><br style=\"clear: both\" \/><dl class='gallery-item'>\n\t\t\t<dt class='gallery-icon landscape'>\n\t\t\t\t<a href='https:\/\/www.cm-evora.pt\/wp-content\/uploads\/2023\/04\/BA23.jpg'><img loading=\"lazy\" decoding=\"async\" width=\"1920\" height=\"1205\" src=\"https:\/\/www.cm-evora.pt\/wp-content\/uploads\/2023\/04\/BA23.jpg\" class=\"attachment-full size-full\" alt=\"\" srcset=\"https:\/\/www.cm-evora.pt\/wp-content\/uploads\/2023\/04\/BA23.jpg 1920w, https:\/\/www.cm-evora.pt\/wp-content\/uploads\/2023\/04\/BA23-300x188.jpg 300w, https:\/\/www.cm-evora.pt\/wp-content\/uploads\/2023\/04\/BA23-1024x643.jpg 1024w, https:\/\/www.cm-evora.pt\/wp-content\/uploads\/2023\/04\/BA23-768x482.jpg 768w, https:\/\/www.cm-evora.pt\/wp-content\/uploads\/2023\/04\/BA23-1536x964.jpg 1536w, https:\/\/www.cm-evora.pt\/wp-content\/uploads\/2023\/04\/BA23-1320x828.jpg 1320w\" sizes=\"auto, (max-width: 1920px) 100vw, 1920px\" \/><\/a>\n\t\t\t<\/dt><\/dl><dl class='gallery-item'>\n\t\t\t<dt class='gallery-icon landscape'>\n\t\t\t\t<a href='https:\/\/www.cm-evora.pt\/wp-content\/uploads\/2023\/04\/BA19.jpg'><img loading=\"lazy\" decoding=\"async\" width=\"1920\" height=\"1116\" src=\"https:\/\/www.cm-evora.pt\/wp-content\/uploads\/2023\/04\/BA19.jpg\" class=\"attachment-full size-full\" alt=\"\" srcset=\"https:\/\/www.cm-evora.pt\/wp-content\/uploads\/2023\/04\/BA19.jpg 1920w, https:\/\/www.cm-evora.pt\/wp-content\/uploads\/2023\/04\/BA19-300x174.jpg 300w, https:\/\/www.cm-evora.pt\/wp-content\/uploads\/2023\/04\/BA19-1024x595.jpg 1024w, https:\/\/www.cm-evora.pt\/wp-content\/uploads\/2023\/04\/BA19-768x446.jpg 768w, https:\/\/www.cm-evora.pt\/wp-content\/uploads\/2023\/04\/BA19-1536x893.jpg 1536w, https:\/\/www.cm-evora.pt\/wp-content\/uploads\/2023\/04\/BA19-1320x767.jpg 1320w\" sizes=\"auto, (max-width: 1920px) 100vw, 1920px\" \/><\/a>\n\t\t\t<\/dt><\/dl><br style=\"clear: both\" \/>\n\t\t<\/div>\n\n","protected":false},"excerpt":{"rendered":"<p>O Baile da Am\u00eandoa, organizado pela C\u00e2mara Municipal de \u00c9vora no \u00e2mbito do Plano de A\u00e7\u00e3o para o Envelhecimento Positivo, cumpriu a tradi\u00e7\u00e3o com mais uma edi\u00e7\u00e3o reunindo 300 participantes (entre idosos e crian\u00e7as) no dia 20 de abril, no Monte Alentejano\/Rossio de S. Br\u00e1s, para uma tarde de festa e conv\u00edvio. Desta vez, por [&hellip;]<\/p>\n","protected":false},"author":45,"featured_media":48359,"comment_status":"closed","ping_status":"closed","sticky":false,"template":"","format":"standard","meta":{"_acf_changed":false,"footnotes":""},"categories":[2110],"tags":[],"class_list":["post-48358","post","type-post","status-publish","format-standard","has-post-thumbnail","hentry","category-noticias"],"acf":{"imagens":"","destaq_image":48359,"titulo_docs_seccao":"","documentos":""},"_links":{"self":[{"href":"https:\/\/www.cm-evora.pt\/en\/wp-json\/wp\/v2\/posts\/48358","targetHints":{"allow":["GET"]}}],"collection":[{"href":"https:\/\/www.cm-evora.pt\/en\/wp-json\/wp\/v2\/posts"}],"about":[{"href":"https:\/\/www.cm-evora.pt\/en\/wp-json\/wp\/v2\/types\/post"}],"author":[{"embeddable":true,"href":"https:\/\/www.cm-evora.pt\/en\/wp-json\/wp\/v2\/users\/45"}],"replies":[{"embeddable":true,"href":"https:\/\/www.cm-evora.pt\/en\/wp-json\/wp\/v2\/comments?post=48358"}],"version-history":[{"count":1,"href":"https:\/\/www.cm-evora.pt\/en\/wp-json\/wp\/v2\/posts\/48358\/revisions"}],"predecessor-version":[{"id":48363,"href":"https:\/\/www.cm-evora.pt\/en\/wp-json\/wp\/v2\/posts\/48358\/revisions\/48363"}],"wp:featuredmedia":[{"embeddable":true,"href":"https:\/\/www.cm-evora.pt\/en\/wp-json\/wp\/v2\/media\/48359"}],"wp:attachment":[{"href":"https:\/\/www.cm-evora.pt\/en\/wp-json\/wp\/v2\/media?parent=48358"}],"wp:term":[{"taxonomy":"category","embeddable":true,"href":"https:\/\/www.cm-evora.pt\/en\/wp-json\/wp\/v2\/categories?post=48358"},{"taxonomy":"post_tag","embeddable":true,"href":"https:\/\/www.cm-evora.pt\/en\/wp-json\/wp\/v2\/tags?post=48358"}],"curies":[{"name":"wp","href":"https:\/\/api.w.org\/{rel}","templated":true}]}}