{"id":48532,"date":"2023-04-26T15:22:53","date_gmt":"2023-04-26T14:22:53","guid":{"rendered":"https:\/\/www.cm-evora.pt\/?p=48532"},"modified":"2023-04-26T15:23:37","modified_gmt":"2023-04-26T14:23:37","slug":"assembleia-municipal-de-evora-reune-no-dia-28-de-abril","status":"publish","type":"post","link":"https:\/\/www.cm-evora.pt\/en\/assembleia-municipal-de-evora-reune-no-dia-28-de-abril\/","title":{"rendered":"Assembleia Municipal de \u00c9vora re\u00fane no dia 28 de abril"},"content":{"rendered":"<p>A Assembleia Municipal de \u00c9vora realiza uma Sess\u00e3o Ordin\u00e1ria no dia 28 de abril (sexta-feira), a partir das 21 horas, no Pal\u00e1cio de D. Manuel. A mudan\u00e7a de local prende-se com as obras de requalifica\u00e7\u00e3o que est\u00e3o a decorrer no edif\u00edcio dos Pa\u00e7os do Concelho.<\/p>\n<p>A Sess\u00e3o ser\u00e1 transmitida em direto atrav\u00e9s do canal de YouTube do Munic\u00edpio de \u00c9vora, com o seguinte endere\u00e7o: <a href=\"https:\/\/youtube.com\/live\/bEFAi3mfNn0\" target=\"_blank\" rel=\"noopener\">https:\/\/youtube.com\/live\/bEFAi3mfNn0<\/a><\/p>\n<p>&nbsp;<\/p>\n<p>A Ordem de Trabalhos \u00e9 a seguinte:<\/p>\n<p style=\"padding-left: 40px\"><strong>I. PER\u00cdODO DE INTERVEN\u00c7\u00c3O DO P\u00daBLICO<\/strong><\/p>\n<ul>\n<li style=\"list-style-type: none\">\n<ul>\n<li>Este per\u00edodo tem a dura\u00e7\u00e3o m\u00e1xima de 15 minutos, nos termos do artigo 37\u00ba do Regimento da Assembleia Municipal.<\/li>\n<\/ul>\n<\/li>\n<\/ul>\n<p>&nbsp;<\/p>\n<p style=\"padding-left: 40px\"><strong>II. PER\u00cdODO DE ANTES DA ORDEM DO DIA<\/strong><\/p>\n<ul>\n<li style=\"list-style-type: none\">\n<ul>\n<li>Este per\u00edodo tem a dura\u00e7\u00e3o m\u00e1xima de 60 minutos, nos termos do artigo 32\u00ba do Regimento da Assembleia Municipal.<\/li>\n<\/ul>\n<\/li>\n<\/ul>\n<p style=\"padding-left: 40px\"><strong>A)<\/strong>\u00a0Proposta de aprova\u00e7\u00e3o da Ata n\u00ba 11 de 28-02-2023.<\/p>\n<p>&nbsp;<\/p>\n<p style=\"padding-left: 40px\"><strong>III. PER\u00cdODO DA ORDEM DO DIA<\/strong><\/p>\n<p style=\"padding-left: 40px\">Nos termos da Lei n\u00ba 75\/2013, de 12 de setembro, a C\u00e2mara Municipal apresenta os seguintes pontos:<\/p>\n<ol>\n<li style=\"list-style-type: none\">\n<ol>\n<li>Informa\u00e7\u00e3o do Presidente da CME acerca da atividade do Munic\u00edpio, bem como a situa\u00e7\u00e3o financeira do mesmo. \u2013 Para conhecimento.<\/li>\n<li>Atribui\u00e7\u00e3o de dominialidade p\u00fablica a tro\u00e7o na Estrada dos Aliados, na Uni\u00e3o das Freguesias de Bacelo e Senhora da Sa\u00fade.<\/li>\n<li>Atribui\u00e7\u00e3o de dominialidade p\u00fablica a tro\u00e7o na Tapada do Esquinaleiro.<\/li>\n<li>Celebra\u00e7\u00e3o de Contratos Interadministrativos com as Juntas de Freguesia para o ano de 2023. (A documenta\u00e7\u00e3o est\u00e1 condicionada \u00e0 sua aprova\u00e7\u00e3o na pr\u00f3xima Reuni\u00e3o P\u00fablica de C\u00e2mara do dia 26 de abril).<\/li>\n<li>Documentos da Presta\u00e7\u00e3o de Contas 2022. (A documenta\u00e7\u00e3o est\u00e1 condicionada \u00e0 sua aprova\u00e7\u00e3o na pr\u00f3xima Reuni\u00e3o P\u00fablica de C\u00e2mara do dia 26 de abril).<\/li>\n<li>Altera\u00e7\u00e3o Or\u00e7amental Modificativa aos Documentos Previsionais de 2023 \u2014 Integra\u00e7\u00e3o do Saldo de Ger\u00eancia. (A documenta\u00e7\u00e3o est\u00e1 condicionada \u00e0 sua aprova\u00e7\u00e3o na pr\u00f3xima Reuni\u00e3o P\u00fablica de C\u00e2mara do dia 26 de abril).<\/li>\n<li>Regulamento do servi\u00e7o de Atendimento e Acompanhamento Social do Munic\u00edpio de \u00c9vora.<\/li>\n<\/ol>\n<\/li>\n<\/ol>\n<p>&nbsp;<\/p>\n<p style=\"padding-left: 40px\"><strong>IV. PER\u00cdODO DE INTERVEN\u00c7\u00c3O E ESCLARECIMENTO AO P\u00daBLICO<\/strong><\/p>\n<ul>\n<li style=\"list-style-type: none\">\n<ul>\n<li>Este per\u00edodo tem a dura\u00e7\u00e3o m\u00e1xima de 30 minutos, nos termos do artigo 37\u00ba do Regimento da Assembleia Municipal.<\/li>\n<\/ul>\n<\/li>\n<\/ul>\n","protected":false},"excerpt":{"rendered":"<p>A Assembleia Municipal de \u00c9vora realiza uma Sess\u00e3o Ordin\u00e1ria no dia 28 de abril (sexta-feira), a partir das 21 horas, no Pal\u00e1cio de D. Manuel. A mudan\u00e7a de local prende-se com as obras de requalifica\u00e7\u00e3o que est\u00e3o a decorrer no edif\u00edcio dos Pa\u00e7os do Concelho. A Sess\u00e3o ser\u00e1 transmitida em direto atrav\u00e9s do canal de [&hellip;]<\/p>\n","protected":false},"author":45,"featured_media":48533,"comment_status":"closed","ping_status":"closed","sticky":false,"template":"","format":"standard","meta":{"_acf_changed":false,"footnotes":""},"categories":[2110],"tags":[],"class_list":["post-48532","post","type-post","status-publish","format-standard","has-post-thumbnail","hentry","category-noticias"],"acf":{"imagens":"","destaq_image":48533,"titulo_docs_seccao":"","documentos":""},"_links":{"self":[{"href":"https:\/\/www.cm-evora.pt\/en\/wp-json\/wp\/v2\/posts\/48532","targetHints":{"allow":["GET"]}}],"collection":[{"href":"https:\/\/www.cm-evora.pt\/en\/wp-json\/wp\/v2\/posts"}],"about":[{"href":"https:\/\/www.cm-evora.pt\/en\/wp-json\/wp\/v2\/types\/post"}],"author":[{"embeddable":true,"href":"https:\/\/www.cm-evora.pt\/en\/wp-json\/wp\/v2\/users\/45"}],"replies":[{"embeddable":true,"href":"https:\/\/www.cm-evora.pt\/en\/wp-json\/wp\/v2\/comments?post=48532"}],"version-history":[{"count":2,"href":"https:\/\/www.cm-evora.pt\/en\/wp-json\/wp\/v2\/posts\/48532\/revisions"}],"predecessor-version":[{"id":48535,"href":"https:\/\/www.cm-evora.pt\/en\/wp-json\/wp\/v2\/posts\/48532\/revisions\/48535"}],"wp:featuredmedia":[{"embeddable":true,"href":"https:\/\/www.cm-evora.pt\/en\/wp-json\/wp\/v2\/media\/48533"}],"wp:attachment":[{"href":"https:\/\/www.cm-evora.pt\/en\/wp-json\/wp\/v2\/media?parent=48532"}],"wp:term":[{"taxonomy":"category","embeddable":true,"href":"https:\/\/www.cm-evora.pt\/en\/wp-json\/wp\/v2\/categories?post=48532"},{"taxonomy":"post_tag","embeddable":true,"href":"https:\/\/www.cm-evora.pt\/en\/wp-json\/wp\/v2\/tags?post=48532"}],"curies":[{"name":"wp","href":"https:\/\/api.w.org\/{rel}","templated":true}]}}