{"id":49154,"date":"2023-05-16T14:46:11","date_gmt":"2023-05-16T13:46:11","guid":{"rendered":"https:\/\/www.cm-evora.pt\/?p=49154"},"modified":"2023-05-16T14:46:43","modified_gmt":"2023-05-16T13:46:43","slug":"comissao-organizadora-dos-50-anos-do-25-de-abril-camara-de-evora-cria-estrutura-para-comemorar-meio-seculo-da-revolucao-dos-cravos","status":"publish","type":"post","link":"https:\/\/www.cm-evora.pt\/en\/comissao-organizadora-dos-50-anos-do-25-de-abril-camara-de-evora-cria-estrutura-para-comemorar-meio-seculo-da-revolucao-dos-cravos\/","title":{"rendered":"Comiss\u00e3o Organizadora dos 50 Anos do 25 de Abril: C\u00e2mara de \u00c9vora cria estrutura para comemorar meio s\u00e9culo da Revolu\u00e7\u00e3o dos Cravos"},"content":{"rendered":"<p><strong>Com a aproxima\u00e7\u00e3o do 50.\u00ba anivers\u00e1rio da revolu\u00e7\u00e3o de 25 de Abril de 1974, que se celebra no pr\u00f3ximo ano (2024), a autarquia eborense decidiu criar uma comiss\u00e3o organizadora para preparar \u201ccom ampla participa\u00e7\u00e3o popular\u201d, as comemora\u00e7\u00f5es desta data marcante para a democracia portuguesa. Para integrar a estrutura, o Munic\u00edpio convida todas as associa\u00e7\u00f5es e institui\u00e7\u00f5es do concelho, por forma a garantir um programa vasto e aberto que promova os valores de Abril. <\/strong><strong>\u00a0<\/strong><\/p>\n<p>A constitui\u00e7\u00e3o desta comiss\u00e3o foi aprovada em reuni\u00e3o de C\u00e2mara, por unanimidade, no passado m\u00eas de abril, para que seja poss\u00edvel \u201cidentificar iniciativas, a incluir no programa, que possam deixar algum legado para o futuro\u201d, conforme est\u00e1 expl\u00edcito no texto do convite enviado \u00e0s entidades.<\/p>\n<p>\u201cA Revolu\u00e7\u00e3o popular e democr\u00e1tica de 25 de Abril de 1974 originou o per\u00edodo de maior justi\u00e7a social, progresso e desenvolvimento da Hist\u00f3ria de Portugal. Derrubou o fascismo, conquistou a liberdade pol\u00edtica, abriu perspetivas de constru\u00e7\u00e3o de um Portugal democr\u00e1tico, de paz, desenvolvido e mais justo. As liberdades constitucionais, os direitos dos trabalhadores e das mulheres, a descoloniza\u00e7\u00e3o e o respeito por todos os povos, a democratiza\u00e7\u00e3o do ensino, o servi\u00e7o nacional de sa\u00fade de qualidade e de acesso universal, a seguran\u00e7a social p\u00fablica, o Poder Local Democr\u00e1tico, entre outros avan\u00e7os, levou a um enorme desenvolvimento do Pa\u00eds, do Alentejo e de \u00c9vora\u201d, lembra o munic\u00edpio, destacando a import\u00e2ncia da data.<\/p>\n<p>A primeira reuni\u00e3o da futura Comiss\u00e3o Organizadora dos 50 Anos do 25 de Abril est\u00e1, em princ\u00edpio, agendada para junho, com o objetivo de discutir e decidir sobre as formas de organiza\u00e7\u00e3o da comiss\u00e3o, bem como das orienta\u00e7\u00f5es gerais para elabora\u00e7\u00e3o do programa.<\/p>\n<p>Todos os contactos e pedidos de informa\u00e7\u00e3o sobre este tema devem ser feitos para o endere\u00e7o de correio eletr\u00f3nico <a href=\"mailto:presidencia@cm-evora.pt\">presidencia@cm-evora.pt<\/a>.<\/p>\n","protected":false},"excerpt":{"rendered":"<p>Com a aproxima\u00e7\u00e3o do 50.\u00ba anivers\u00e1rio da revolu\u00e7\u00e3o de 25 de Abril de 1974, que se celebra no pr\u00f3ximo ano (2024), a autarquia eborense decidiu criar uma comiss\u00e3o organizadora para preparar \u201ccom ampla participa\u00e7\u00e3o popular\u201d, as comemora\u00e7\u00f5es desta data marcante para a democracia portuguesa. Para integrar a estrutura, o Munic\u00edpio convida todas as associa\u00e7\u00f5es e [&hellip;]<\/p>\n","protected":false},"author":58,"featured_media":49155,"comment_status":"closed","ping_status":"closed","sticky":false,"template":"","format":"standard","meta":{"_acf_changed":false,"footnotes":""},"categories":[2110,1],"tags":[],"class_list":["post-49154","post","type-post","status-publish","format-standard","has-post-thumbnail","hentry","category-noticias","category-sem-categoria"],"acf":{"imagens":"","destaq_image":49155,"titulo_docs_seccao":"","documentos":""},"_links":{"self":[{"href":"https:\/\/www.cm-evora.pt\/en\/wp-json\/wp\/v2\/posts\/49154","targetHints":{"allow":["GET"]}}],"collection":[{"href":"https:\/\/www.cm-evora.pt\/en\/wp-json\/wp\/v2\/posts"}],"about":[{"href":"https:\/\/www.cm-evora.pt\/en\/wp-json\/wp\/v2\/types\/post"}],"author":[{"embeddable":true,"href":"https:\/\/www.cm-evora.pt\/en\/wp-json\/wp\/v2\/users\/58"}],"replies":[{"embeddable":true,"href":"https:\/\/www.cm-evora.pt\/en\/wp-json\/wp\/v2\/comments?post=49154"}],"version-history":[{"count":1,"href":"https:\/\/www.cm-evora.pt\/en\/wp-json\/wp\/v2\/posts\/49154\/revisions"}],"predecessor-version":[{"id":49156,"href":"https:\/\/www.cm-evora.pt\/en\/wp-json\/wp\/v2\/posts\/49154\/revisions\/49156"}],"wp:featuredmedia":[{"embeddable":true,"href":"https:\/\/www.cm-evora.pt\/en\/wp-json\/wp\/v2\/media\/49155"}],"wp:attachment":[{"href":"https:\/\/www.cm-evora.pt\/en\/wp-json\/wp\/v2\/media?parent=49154"}],"wp:term":[{"taxonomy":"category","embeddable":true,"href":"https:\/\/www.cm-evora.pt\/en\/wp-json\/wp\/v2\/categories?post=49154"},{"taxonomy":"post_tag","embeddable":true,"href":"https:\/\/www.cm-evora.pt\/en\/wp-json\/wp\/v2\/tags?post=49154"}],"curies":[{"name":"wp","href":"https:\/\/api.w.org\/{rel}","templated":true}]}}