{"id":49863,"date":"2023-05-29T14:59:43","date_gmt":"2023-05-29T13:59:43","guid":{"rendered":"https:\/\/www.cm-evora.pt\/?p=49863"},"modified":"2023-05-29T14:59:43","modified_gmt":"2023-05-29T13:59:43","slug":"assinalando-o-dia-mundial-da-esclerose-multipla-fonte-henriquina-da-praca-de-giraldo-ilumina-se-de-laranja","status":"publish","type":"post","link":"https:\/\/www.cm-evora.pt\/en\/assinalando-o-dia-mundial-da-esclerose-multipla-fonte-henriquina-da-praca-de-giraldo-ilumina-se-de-laranja\/","title":{"rendered":"Assinalando o Dia Mundial da Esclerose M\u00faltipla, Fonte Henriquina da Pra\u00e7a de Giraldo \u201cilumina-se\u201d de laranja"},"content":{"rendered":"<p>O Dia Mundial da Esclerose M\u00faltipla \u00e9 assinalado oficialmente a 30 de maio, data que une todos os anos a comunidade nacional e internacional de Esclerose M\u00faltipla (EM) na partilha de hist\u00f3rias e sensibiliza\u00e7\u00e3o do p\u00fablico em geral para a doen\u00e7a, celebrando a solidariedade global e a esperan\u00e7a no futuro. Em \u00c9vora, a data ser\u00e1 assinalada com a ilumina\u00e7\u00e3o da Fonte Henriquina da Pra\u00e7a de Giraldo em tons laranja.<\/p>\n<p>Como membro da Federa\u00e7\u00e3o Internacional da Esclerose M\u00faltipla (MSIF), a Sociedade Portuguesa de Esclerose M\u00faltipla (SPEM) regista anualmente a data em Portugal e faz campanha com todas as pessoas afetadas pela EM. Est\u00e3o previstas diversas atividades que ir\u00e3o decorrer at\u00e9 ao dia 31 de maio de norte a sul do pa\u00eds, entre as 18 (dezoito) delega\u00e7\u00f5es regionais e a sede nacional em Lisboa.<\/p>\n<p>Conex\u00f5es EM \u00e9 o tema do Dia Mundial desde 2020, por orienta\u00e7\u00e3o da MSIF, e 2023 ser\u00e1 o \u00faltimo ano em que se comemora a data sob o mote \u201cEu conecto-me, n\u00f3s conectamo-nos\u201d. A campanha pretende alertar para a import\u00e2ncia das conex\u00f5es \u00e0 comunidade, com o pr\u00f3prio e a cuidados de sa\u00fade de qualidade, desafiando as barreiras sociais que fazem com que as pessoas com Esclerose M\u00faltipla (PcEM) se sintam sozinhas e socialmente isoladas.<\/p>\n<p>Mas este dia \u00e9 tamb\u00e9m uma oportunidade para sensibilizar a sociedade para a causa e miss\u00e3o da SPEM, chamar a aten\u00e7\u00e3o para a doen\u00e7a, os seus sintomas e import\u00e2ncia do diagn\u00f3stico precoce, defender melhores servi\u00e7os, celebrar redes de apoio, defender o autocuidado, pressionar os decisores pol\u00edticos para conseguir mais e melhores servi\u00e7os e tratamentos para as PcEM e mostrar ao atual governo o que ainda tem de ser feito para melhorar a condi\u00e7\u00e3o de vida destas pessoas em Portugal.<\/p>\n<p style=\"text-align: center\"><a href=\"https:\/\/www.cm-evora.pt\/wp-content\/uploads\/2023\/05\/Dia-Mundial-EM-2023.jpg\" target=\"_blank\" rel=\"noopener\"><img loading=\"lazy\" decoding=\"async\" class=\"alignnone wp-image-49865 size-full\" src=\"https:\/\/www.cm-evora.pt\/wp-content\/uploads\/2023\/05\/Dia-Mundial-EM-2023.jpg\" alt=\"\" width=\"2126\" height=\"1524\" srcset=\"https:\/\/www.cm-evora.pt\/wp-content\/uploads\/2023\/05\/Dia-Mundial-EM-2023.jpg 2126w, https:\/\/www.cm-evora.pt\/wp-content\/uploads\/2023\/05\/Dia-Mundial-EM-2023-300x215.jpg 300w, https:\/\/www.cm-evora.pt\/wp-content\/uploads\/2023\/05\/Dia-Mundial-EM-2023-1024x734.jpg 1024w, https:\/\/www.cm-evora.pt\/wp-content\/uploads\/2023\/05\/Dia-Mundial-EM-2023-768x551.jpg 768w, https:\/\/www.cm-evora.pt\/wp-content\/uploads\/2023\/05\/Dia-Mundial-EM-2023-1536x1101.jpg 1536w, https:\/\/www.cm-evora.pt\/wp-content\/uploads\/2023\/05\/Dia-Mundial-EM-2023-2048x1468.jpg 2048w, https:\/\/www.cm-evora.pt\/wp-content\/uploads\/2023\/05\/Dia-Mundial-EM-2023-1320x946.jpg 1320w\" sizes=\"auto, (max-width: 2126px) 100vw, 2126px\" \/><\/a><\/p>\n","protected":false},"excerpt":{"rendered":"<p>O Dia Mundial da Esclerose M\u00faltipla \u00e9 assinalado oficialmente a 30 de maio, data que une todos os anos a comunidade nacional e internacional de Esclerose M\u00faltipla (EM) na partilha de hist\u00f3rias e sensibiliza\u00e7\u00e3o do p\u00fablico em geral para a doen\u00e7a, celebrando a solidariedade global e a esperan\u00e7a no futuro. Em \u00c9vora, a data ser\u00e1 [&hellip;]<\/p>\n","protected":false},"author":45,"featured_media":49865,"comment_status":"closed","ping_status":"closed","sticky":false,"template":"","format":"standard","meta":{"_acf_changed":false,"footnotes":""},"categories":[2110],"tags":[],"class_list":["post-49863","post","type-post","status-publish","format-standard","has-post-thumbnail","hentry","category-noticias"],"acf":{"imagens":"","destaq_image":49866,"titulo_docs_seccao":"","documentos":""},"_links":{"self":[{"href":"https:\/\/www.cm-evora.pt\/en\/wp-json\/wp\/v2\/posts\/49863","targetHints":{"allow":["GET"]}}],"collection":[{"href":"https:\/\/www.cm-evora.pt\/en\/wp-json\/wp\/v2\/posts"}],"about":[{"href":"https:\/\/www.cm-evora.pt\/en\/wp-json\/wp\/v2\/types\/post"}],"author":[{"embeddable":true,"href":"https:\/\/www.cm-evora.pt\/en\/wp-json\/wp\/v2\/users\/45"}],"replies":[{"embeddable":true,"href":"https:\/\/www.cm-evora.pt\/en\/wp-json\/wp\/v2\/comments?post=49863"}],"version-history":[{"count":1,"href":"https:\/\/www.cm-evora.pt\/en\/wp-json\/wp\/v2\/posts\/49863\/revisions"}],"predecessor-version":[{"id":49867,"href":"https:\/\/www.cm-evora.pt\/en\/wp-json\/wp\/v2\/posts\/49863\/revisions\/49867"}],"wp:featuredmedia":[{"embeddable":true,"href":"https:\/\/www.cm-evora.pt\/en\/wp-json\/wp\/v2\/media\/49865"}],"wp:attachment":[{"href":"https:\/\/www.cm-evora.pt\/en\/wp-json\/wp\/v2\/media?parent=49863"}],"wp:term":[{"taxonomy":"category","embeddable":true,"href":"https:\/\/www.cm-evora.pt\/en\/wp-json\/wp\/v2\/categories?post=49863"},{"taxonomy":"post_tag","embeddable":true,"href":"https:\/\/www.cm-evora.pt\/en\/wp-json\/wp\/v2\/tags?post=49863"}],"curies":[{"name":"wp","href":"https:\/\/api.w.org\/{rel}","templated":true}]}}