{"id":50392,"date":"2023-06-06T12:32:34","date_gmt":"2023-06-06T11:32:34","guid":{"rendered":"https:\/\/www.cm-evora.pt\/?p=50392"},"modified":"2023-06-06T12:32:34","modified_gmt":"2023-06-06T11:32:34","slug":"seniores-do-centro-de-convivio-da-cme-trocam-saberes-com-os-mais-jovens","status":"publish","type":"post","link":"https:\/\/www.cm-evora.pt\/en\/seniores-do-centro-de-convivio-da-cme-trocam-saberes-com-os-mais-jovens\/","title":{"rendered":"Seniores do Centro de Conv\u00edvio da CME trocam saberes com os mais jovens"},"content":{"rendered":"<p>Os utentes do Centro de Conv\u00edvio da C\u00e2mara Municipal de \u00c9vora prosseguem na sua transmiss\u00e3o de saberes e conv\u00edvio com as gera\u00e7\u00f5es mais novas, tendo participado em mais duas atividades.<\/p>\n<p>Assim, no \u00e2mbito do Projeto Mais Pr\u00f3ximo de Todos, estiveram num encontro com a turma do curso Psicossocial e a turma de Jardim de Inf\u00e2ncia da Azaruja, a convite da Diretora de Turma do Psicossocial, Prof\u00aa Paula Murcela. Este encontro teve como objetivo a troca de saberes entre as diversas institui\u00e7\u00f5es envolvidas.<\/p>\n<p>Foi dinamizada uma sess\u00e3o de Cante e realizados trabalhos com as crian\u00e7as do Jardim de Inf\u00e2ncia e os utentes. Este encontro intergeracional e interinstitucional finalizou com um lanche-conv\u00edvio.<\/p>\n<p>No \u00e2mbito da comemora\u00e7\u00e3o do Dia Mundial da Crian\u00e7a, as utentes do Centro de Conv\u00edvio deslocaram-se ao Convento dos Rem\u00e9dios, onde participaram no II Encontro de Narradores, Contadores e outros Pantomineiros. Contar Inf\u00e2ncias, com a contadora Bru Jun\u00e7a.<\/p>\n\n\t\t<style type=\"text\/css\">\n\t\t\t#gallery-1 {\n\t\t\t\tmargin: auto;\n\t\t\t}\n\t\t\t#gallery-1 .gallery-item {\n\t\t\t\tfloat: left;\n\t\t\t\tmargin-top: 10px;\n\t\t\t\ttext-align: center;\n\t\t\t\twidth: 20%;\n\t\t\t}\n\t\t\t#gallery-1 img {\n\t\t\t\tborder: 2px solid #cfcfcf;\n\t\t\t}\n\t\t\t#gallery-1 .gallery-caption {\n\t\t\t\tmargin-left: 0;\n\t\t\t}\n\t\t\t\/* see gallery_shortcode() in wp-includes\/media.php *\/\n\t\t<\/style>\n\t\t<div id='gallery-1' class='gallery galleryid-50392 gallery-columns-5 gallery-size-full'><dl class='gallery-item'>\n\t\t\t<dt class='gallery-icon landscape'>\n\t\t\t\t<a href='https:\/\/www.cm-evora.pt\/wp-content\/uploads\/2023\/06\/e1-scaled.jpg'><img loading=\"lazy\" decoding=\"async\" width=\"2560\" height=\"1440\" src=\"https:\/\/www.cm-evora.pt\/wp-content\/uploads\/2023\/06\/e1-scaled.jpg\" class=\"attachment-full size-full\" alt=\"\" srcset=\"https:\/\/www.cm-evora.pt\/wp-content\/uploads\/2023\/06\/e1-scaled.jpg 2560w, https:\/\/www.cm-evora.pt\/wp-content\/uploads\/2023\/06\/e1-300x169.jpg 300w, https:\/\/www.cm-evora.pt\/wp-content\/uploads\/2023\/06\/e1-1024x576.jpg 1024w, https:\/\/www.cm-evora.pt\/wp-content\/uploads\/2023\/06\/e1-768x432.jpg 768w, https:\/\/www.cm-evora.pt\/wp-content\/uploads\/2023\/06\/e1-1536x864.jpg 1536w, https:\/\/www.cm-evora.pt\/wp-content\/uploads\/2023\/06\/e1-2048x1152.jpg 2048w, https:\/\/www.cm-evora.pt\/wp-content\/uploads\/2023\/06\/e1-1320x743.jpg 1320w\" sizes=\"auto, (max-width: 2560px) 100vw, 2560px\" \/><\/a>\n\t\t\t<\/dt><\/dl><dl class='gallery-item'>\n\t\t\t<dt class='gallery-icon landscape'>\n\t\t\t\t<a href='https:\/\/www.cm-evora.pt\/wp-content\/uploads\/2023\/06\/e2.jpg'><img loading=\"lazy\" decoding=\"async\" width=\"1920\" height=\"1080\" src=\"https:\/\/www.cm-evora.pt\/wp-content\/uploads\/2023\/06\/e2.jpg\" class=\"attachment-full size-full\" alt=\"\" srcset=\"https:\/\/www.cm-evora.pt\/wp-content\/uploads\/2023\/06\/e2.jpg 1920w, https:\/\/www.cm-evora.pt\/wp-content\/uploads\/2023\/06\/e2-300x169.jpg 300w, https:\/\/www.cm-evora.pt\/wp-content\/uploads\/2023\/06\/e2-1024x576.jpg 1024w, https:\/\/www.cm-evora.pt\/wp-content\/uploads\/2023\/06\/e2-768x432.jpg 768w, https:\/\/www.cm-evora.pt\/wp-content\/uploads\/2023\/06\/e2-1536x864.jpg 1536w, https:\/\/www.cm-evora.pt\/wp-content\/uploads\/2023\/06\/e2-1320x743.jpg 1320w\" sizes=\"auto, (max-width: 1920px) 100vw, 1920px\" \/><\/a>\n\t\t\t<\/dt><\/dl><dl class='gallery-item'>\n\t\t\t<dt class='gallery-icon landscape'>\n\t\t\t\t<a href='https:\/\/www.cm-evora.pt\/wp-content\/uploads\/2023\/06\/e3.jpg'><img loading=\"lazy\" decoding=\"async\" width=\"1920\" height=\"1080\" src=\"https:\/\/www.cm-evora.pt\/wp-content\/uploads\/2023\/06\/e3.jpg\" class=\"attachment-full size-full\" alt=\"\" srcset=\"https:\/\/www.cm-evora.pt\/wp-content\/uploads\/2023\/06\/e3.jpg 1920w, https:\/\/www.cm-evora.pt\/wp-content\/uploads\/2023\/06\/e3-300x169.jpg 300w, https:\/\/www.cm-evora.pt\/wp-content\/uploads\/2023\/06\/e3-1024x576.jpg 1024w, https:\/\/www.cm-evora.pt\/wp-content\/uploads\/2023\/06\/e3-768x432.jpg 768w, https:\/\/www.cm-evora.pt\/wp-content\/uploads\/2023\/06\/e3-1536x864.jpg 1536w, https:\/\/www.cm-evora.pt\/wp-content\/uploads\/2023\/06\/e3-1320x743.jpg 1320w\" sizes=\"auto, (max-width: 1920px) 100vw, 1920px\" \/><\/a>\n\t\t\t<\/dt><\/dl><dl class='gallery-item'>\n\t\t\t<dt class='gallery-icon portrait'>\n\t\t\t\t<a href='https:\/\/www.cm-evora.pt\/wp-content\/uploads\/2023\/06\/f1-1-scaled.jpg'><img loading=\"lazy\" decoding=\"async\" width=\"1686\" height=\"2560\" src=\"https:\/\/www.cm-evora.pt\/wp-content\/uploads\/2023\/06\/f1-1-scaled.jpg\" class=\"attachment-full size-full\" alt=\"\" srcset=\"https:\/\/www.cm-evora.pt\/wp-content\/uploads\/2023\/06\/f1-1-scaled.jpg 1686w, https:\/\/www.cm-evora.pt\/wp-content\/uploads\/2023\/06\/f1-1-198x300.jpg 198w, https:\/\/www.cm-evora.pt\/wp-content\/uploads\/2023\/06\/f1-1-674x1024.jpg 674w, https:\/\/www.cm-evora.pt\/wp-content\/uploads\/2023\/06\/f1-1-768x1166.jpg 768w, https:\/\/www.cm-evora.pt\/wp-content\/uploads\/2023\/06\/f1-1-1012x1536.jpg 1012w, https:\/\/www.cm-evora.pt\/wp-content\/uploads\/2023\/06\/f1-1-1349x2048.jpg 1349w, https:\/\/www.cm-evora.pt\/wp-content\/uploads\/2023\/06\/f1-1-1320x2004.jpg 1320w\" sizes=\"auto, (max-width: 1686px) 100vw, 1686px\" \/><\/a>\n\t\t\t<\/dt><\/dl><dl class='gallery-item'>\n\t\t\t<dt class='gallery-icon portrait'>\n\t\t\t\t<a href='https:\/\/www.cm-evora.pt\/wp-content\/uploads\/2023\/06\/f2-1-scaled.jpg'><img loading=\"lazy\" decoding=\"async\" width=\"1915\" height=\"2560\" src=\"https:\/\/www.cm-evora.pt\/wp-content\/uploads\/2023\/06\/f2-1-scaled.jpg\" class=\"attachment-full size-full\" alt=\"\" srcset=\"https:\/\/www.cm-evora.pt\/wp-content\/uploads\/2023\/06\/f2-1-scaled.jpg 1915w, https:\/\/www.cm-evora.pt\/wp-content\/uploads\/2023\/06\/f2-1-224x300.jpg 224w, https:\/\/www.cm-evora.pt\/wp-content\/uploads\/2023\/06\/f2-1-766x1024.jpg 766w, https:\/\/www.cm-evora.pt\/wp-content\/uploads\/2023\/06\/f2-1-768x1027.jpg 768w, https:\/\/www.cm-evora.pt\/wp-content\/uploads\/2023\/06\/f2-1-1149x1536.jpg 1149w, https:\/\/www.cm-evora.pt\/wp-content\/uploads\/2023\/06\/f2-1-1532x2048.jpg 1532w, https:\/\/www.cm-evora.pt\/wp-content\/uploads\/2023\/06\/f2-1-1320x1765.jpg 1320w\" sizes=\"auto, (max-width: 1915px) 100vw, 1915px\" \/><\/a>\n\t\t\t<\/dt><\/dl><br style=\"clear: both\" \/>\n\t\t<\/div>\n\n","protected":false},"excerpt":{"rendered":"<p>Os utentes do Centro de Conv\u00edvio da C\u00e2mara Municipal de \u00c9vora prosseguem na sua transmiss\u00e3o de saberes e conv\u00edvio com as gera\u00e7\u00f5es mais novas, tendo participado em mais duas atividades. Assim, no \u00e2mbito do Projeto Mais Pr\u00f3ximo de Todos, estiveram num encontro com a turma do curso Psicossocial e a turma de Jardim de Inf\u00e2ncia [&hellip;]<\/p>\n","protected":false},"author":81,"featured_media":50394,"comment_status":"closed","ping_status":"closed","sticky":false,"template":"","format":"standard","meta":{"_acf_changed":false,"footnotes":""},"categories":[2110],"tags":[],"class_list":["post-50392","post","type-post","status-publish","format-standard","has-post-thumbnail","hentry","category-noticias"],"acf":{"imagens":"","destaq_image":50394,"titulo_docs_seccao":"","documentos":""},"_links":{"self":[{"href":"https:\/\/www.cm-evora.pt\/en\/wp-json\/wp\/v2\/posts\/50392","targetHints":{"allow":["GET"]}}],"collection":[{"href":"https:\/\/www.cm-evora.pt\/en\/wp-json\/wp\/v2\/posts"}],"about":[{"href":"https:\/\/www.cm-evora.pt\/en\/wp-json\/wp\/v2\/types\/post"}],"author":[{"embeddable":true,"href":"https:\/\/www.cm-evora.pt\/en\/wp-json\/wp\/v2\/users\/81"}],"replies":[{"embeddable":true,"href":"https:\/\/www.cm-evora.pt\/en\/wp-json\/wp\/v2\/comments?post=50392"}],"version-history":[{"count":1,"href":"https:\/\/www.cm-evora.pt\/en\/wp-json\/wp\/v2\/posts\/50392\/revisions"}],"predecessor-version":[{"id":50398,"href":"https:\/\/www.cm-evora.pt\/en\/wp-json\/wp\/v2\/posts\/50392\/revisions\/50398"}],"wp:featuredmedia":[{"embeddable":true,"href":"https:\/\/www.cm-evora.pt\/en\/wp-json\/wp\/v2\/media\/50394"}],"wp:attachment":[{"href":"https:\/\/www.cm-evora.pt\/en\/wp-json\/wp\/v2\/media?parent=50392"}],"wp:term":[{"taxonomy":"category","embeddable":true,"href":"https:\/\/www.cm-evora.pt\/en\/wp-json\/wp\/v2\/categories?post=50392"},{"taxonomy":"post_tag","embeddable":true,"href":"https:\/\/www.cm-evora.pt\/en\/wp-json\/wp\/v2\/tags?post=50392"}],"curies":[{"name":"wp","href":"https:\/\/api.w.org\/{rel}","templated":true}]}}