{"id":50700,"date":"2023-06-14T12:30:27","date_gmt":"2023-06-14T11:30:27","guid":{"rendered":"https:\/\/www.cm-evora.pt\/?p=50700"},"modified":"2023-07-07T15:01:33","modified_gmt":"2023-07-07T14:01:33","slug":"13-a-18-de-junho-1-o-evora-pride-celebra-a-igualdade-e-o-amor-com-um-vasto-conjunto-de-iniciativas","status":"publish","type":"post","link":"https:\/\/www.cm-evora.pt\/en\/13-a-18-de-junho-1-o-evora-pride-celebra-a-igualdade-e-o-amor-com-um-vasto-conjunto-de-iniciativas\/","title":{"rendered":"13 a 18 de junho: 1.\u00ba \u00c9vora Pride celebra a igualdade e o amor com um vasto conjunto de iniciativas"},"content":{"rendered":"<p><strong>Porque o amor ser\u00e1 sempre a cura e nunca a doen\u00e7a. \u00c9 este o mote da primeira edi\u00e7\u00e3o do \u00c9vora Pride, que celebra a diversidade, o orgulho, a igualdade e a diversidade entre os seres humanos. A exposi\u00e7\u00e3o \u2018Amor e \u00d3dio\u201d, j\u00e1 inaugurada na Igreja de S\u00e3o Vicente, \u00e9 o primeiro momento de uma ampla programa\u00e7\u00e3o que se prolonga at\u00e9 18 de junho e inclui cultura, m\u00fasica, conversas, cinema e iniciativas dedicadas aos mais novos.<\/strong><\/p>\n<p>Patente at\u00e9 30 de junho, \u2018Amor e \u00d3dio\u2019 resulta do desafio lan\u00e7ado a alguns artistas visuais para \u201colharem para a dualidade que \u00e9 comportar amor quando se recebe \u00f3dio em troca. Com um conjunto de trabalhos que refletem uma rela\u00e7\u00e3o com tudo isto e com o que \u00e9 a celebra\u00e7\u00e3o do <em>Pride<\/em>, esta exposi\u00e7\u00e3o celebra o orgulho de uma forma muito diversificada.\u201d A exposi\u00e7\u00e3o tem a curadoria de Andr\u00e9 Batista, artista visual e membro da Comiss\u00e3o \u00c9vora Pride, \u00e0 qual pertence tamb\u00e9m R\u00faben Jaulino, a quem coube a apresenta\u00e7\u00e3o dos trabalhos expostos.<\/p>\n<p>A C\u00e2mara Municipal de \u00c9vora, parceira da organiza\u00e7\u00e3o, foi representada por Pedro Costa, do Gabinete de Apoio \u00e0 Verea\u00e7\u00e3o, que destacou o Plano Municipal para a Igualdade e N\u00e3o Discrimina\u00e7\u00e3o como instrumento decisivo para combate aos estigmas e preconceitos de g\u00e9nero.<\/p>\n<p>A organiza\u00e7\u00e3o pertence \u00e0 Comiss\u00e3o \u00c9vora Pride, Sociedade Harmonia Eborense, N\u00facleo Feminista de \u00c9vora e Associa\u00e7\u00e3o \u00c9vora Queer, em parceria com a C\u00e2mara Municipal de \u00c9vora.<\/p>\n<p>Clique nas imagens para consultar a programa\u00e7\u00e3o completa.<\/p>\n\n\t\t<style type=\"text\/css\">\n\t\t\t#gallery-1 {\n\t\t\t\tmargin: auto;\n\t\t\t}\n\t\t\t#gallery-1 .gallery-item {\n\t\t\t\tfloat: left;\n\t\t\t\tmargin-top: 10px;\n\t\t\t\ttext-align: center;\n\t\t\t\twidth: 33%;\n\t\t\t}\n\t\t\t#gallery-1 img {\n\t\t\t\tborder: 2px solid #cfcfcf;\n\t\t\t}\n\t\t\t#gallery-1 .gallery-caption {\n\t\t\t\tmargin-left: 0;\n\t\t\t}\n\t\t\t\/* see gallery_shortcode() in wp-includes\/media.php *\/\n\t\t<\/style>\n\t\t<div id='gallery-1' class='gallery galleryid-50700 gallery-columns-3 gallery-size-full'><dl class='gallery-item'>\n\t\t\t<dt class='gallery-icon landscape'>\n\t\t\t\t<a href='https:\/\/www.cm-evora.pt\/wp-content\/uploads\/2023\/06\/DSC_2565-scaled.jpg'><img loading=\"lazy\" decoding=\"async\" width=\"2560\" height=\"1707\" src=\"https:\/\/www.cm-evora.pt\/wp-content\/uploads\/2023\/06\/DSC_2565-scaled.jpg\" class=\"attachment-full size-full\" alt=\"\" srcset=\"https:\/\/www.cm-evora.pt\/wp-content\/uploads\/2023\/06\/DSC_2565-scaled.jpg 2560w, https:\/\/www.cm-evora.pt\/wp-content\/uploads\/2023\/06\/DSC_2565-300x200.jpg 300w, https:\/\/www.cm-evora.pt\/wp-content\/uploads\/2023\/06\/DSC_2565-1024x683.jpg 1024w, https:\/\/www.cm-evora.pt\/wp-content\/uploads\/2023\/06\/DSC_2565-768x512.jpg 768w, https:\/\/www.cm-evora.pt\/wp-content\/uploads\/2023\/06\/DSC_2565-1536x1024.jpg 1536w, https:\/\/www.cm-evora.pt\/wp-content\/uploads\/2023\/06\/DSC_2565-2048x1365.jpg 2048w, https:\/\/www.cm-evora.pt\/wp-content\/uploads\/2023\/06\/DSC_2565-1320x880.jpg 1320w\" sizes=\"auto, (max-width: 2560px) 100vw, 2560px\" \/><\/a>\n\t\t\t<\/dt><\/dl><dl class='gallery-item'>\n\t\t\t<dt class='gallery-icon landscape'>\n\t\t\t\t<a href='https:\/\/www.cm-evora.pt\/wp-content\/uploads\/2023\/06\/DSC_2569-scaled.jpg'><img loading=\"lazy\" decoding=\"async\" width=\"2560\" height=\"1707\" src=\"https:\/\/www.cm-evora.pt\/wp-content\/uploads\/2023\/06\/DSC_2569-scaled.jpg\" class=\"attachment-full size-full\" alt=\"\" srcset=\"https:\/\/www.cm-evora.pt\/wp-content\/uploads\/2023\/06\/DSC_2569-scaled.jpg 2560w, https:\/\/www.cm-evora.pt\/wp-content\/uploads\/2023\/06\/DSC_2569-300x200.jpg 300w, https:\/\/www.cm-evora.pt\/wp-content\/uploads\/2023\/06\/DSC_2569-1024x683.jpg 1024w, https:\/\/www.cm-evora.pt\/wp-content\/uploads\/2023\/06\/DSC_2569-768x512.jpg 768w, https:\/\/www.cm-evora.pt\/wp-content\/uploads\/2023\/06\/DSC_2569-1536x1024.jpg 1536w, https:\/\/www.cm-evora.pt\/wp-content\/uploads\/2023\/06\/DSC_2569-2048x1365.jpg 2048w, https:\/\/www.cm-evora.pt\/wp-content\/uploads\/2023\/06\/DSC_2569-1320x880.jpg 1320w\" sizes=\"auto, (max-width: 2560px) 100vw, 2560px\" \/><\/a>\n\t\t\t<\/dt><\/dl><dl class='gallery-item'>\n\t\t\t<dt class='gallery-icon landscape'>\n\t\t\t\t<a href='https:\/\/www.cm-evora.pt\/wp-content\/uploads\/2023\/06\/DSC_2576-scaled.jpg'><img loading=\"lazy\" decoding=\"async\" width=\"2560\" height=\"1707\" src=\"https:\/\/www.cm-evora.pt\/wp-content\/uploads\/2023\/06\/DSC_2576-scaled.jpg\" class=\"attachment-full size-full\" alt=\"\" srcset=\"https:\/\/www.cm-evora.pt\/wp-content\/uploads\/2023\/06\/DSC_2576-scaled.jpg 2560w, https:\/\/www.cm-evora.pt\/wp-content\/uploads\/2023\/06\/DSC_2576-300x200.jpg 300w, https:\/\/www.cm-evora.pt\/wp-content\/uploads\/2023\/06\/DSC_2576-1024x683.jpg 1024w, https:\/\/www.cm-evora.pt\/wp-content\/uploads\/2023\/06\/DSC_2576-768x512.jpg 768w, https:\/\/www.cm-evora.pt\/wp-content\/uploads\/2023\/06\/DSC_2576-1536x1024.jpg 1536w, https:\/\/www.cm-evora.pt\/wp-content\/uploads\/2023\/06\/DSC_2576-2048x1365.jpg 2048w, https:\/\/www.cm-evora.pt\/wp-content\/uploads\/2023\/06\/DSC_2576-1320x880.jpg 1320w\" sizes=\"auto, (max-width: 2560px) 100vw, 2560px\" \/><\/a>\n\t\t\t<\/dt><\/dl><br style=\"clear: both\" \/><dl class='gallery-item'>\n\t\t\t<dt class='gallery-icon landscape'>\n\t\t\t\t<a href='https:\/\/www.cm-evora.pt\/wp-content\/uploads\/2023\/06\/DSC_2578-scaled.jpg'><img loading=\"lazy\" decoding=\"async\" width=\"2560\" height=\"1707\" src=\"https:\/\/www.cm-evora.pt\/wp-content\/uploads\/2023\/06\/DSC_2578-scaled.jpg\" class=\"attachment-full size-full\" alt=\"\" srcset=\"https:\/\/www.cm-evora.pt\/wp-content\/uploads\/2023\/06\/DSC_2578-scaled.jpg 2560w, https:\/\/www.cm-evora.pt\/wp-content\/uploads\/2023\/06\/DSC_2578-300x200.jpg 300w, https:\/\/www.cm-evora.pt\/wp-content\/uploads\/2023\/06\/DSC_2578-1024x683.jpg 1024w, https:\/\/www.cm-evora.pt\/wp-content\/uploads\/2023\/06\/DSC_2578-768x512.jpg 768w, https:\/\/www.cm-evora.pt\/wp-content\/uploads\/2023\/06\/DSC_2578-1536x1024.jpg 1536w, https:\/\/www.cm-evora.pt\/wp-content\/uploads\/2023\/06\/DSC_2578-2048x1365.jpg 2048w, https:\/\/www.cm-evora.pt\/wp-content\/uploads\/2023\/06\/DSC_2578-1320x880.jpg 1320w\" sizes=\"auto, (max-width: 2560px) 100vw, 2560px\" \/><\/a>\n\t\t\t<\/dt><\/dl><dl class='gallery-item'>\n\t\t\t<dt class='gallery-icon landscape'>\n\t\t\t\t<a href='https:\/\/www.cm-evora.pt\/wp-content\/uploads\/2023\/06\/DSC_2583-scaled.jpg'><img loading=\"lazy\" decoding=\"async\" width=\"2560\" height=\"1707\" src=\"https:\/\/www.cm-evora.pt\/wp-content\/uploads\/2023\/06\/DSC_2583-scaled.jpg\" class=\"attachment-full size-full\" alt=\"\" srcset=\"https:\/\/www.cm-evora.pt\/wp-content\/uploads\/2023\/06\/DSC_2583-scaled.jpg 2560w, https:\/\/www.cm-evora.pt\/wp-content\/uploads\/2023\/06\/DSC_2583-300x200.jpg 300w, https:\/\/www.cm-evora.pt\/wp-content\/uploads\/2023\/06\/DSC_2583-1024x683.jpg 1024w, https:\/\/www.cm-evora.pt\/wp-content\/uploads\/2023\/06\/DSC_2583-768x512.jpg 768w, https:\/\/www.cm-evora.pt\/wp-content\/uploads\/2023\/06\/DSC_2583-1536x1024.jpg 1536w, https:\/\/www.cm-evora.pt\/wp-content\/uploads\/2023\/06\/DSC_2583-2048x1365.jpg 2048w, https:\/\/www.cm-evora.pt\/wp-content\/uploads\/2023\/06\/DSC_2583-1320x880.jpg 1320w\" sizes=\"auto, (max-width: 2560px) 100vw, 2560px\" \/><\/a>\n\t\t\t<\/dt><\/dl><dl class='gallery-item'>\n\t\t\t<dt class='gallery-icon landscape'>\n\t\t\t\t<a href='https:\/\/www.cm-evora.pt\/wp-content\/uploads\/2023\/06\/DSC_2585-scaled.jpg'><img loading=\"lazy\" decoding=\"async\" width=\"2560\" height=\"1707\" src=\"https:\/\/www.cm-evora.pt\/wp-content\/uploads\/2023\/06\/DSC_2585-scaled.jpg\" class=\"attachment-full size-full\" alt=\"\" srcset=\"https:\/\/www.cm-evora.pt\/wp-content\/uploads\/2023\/06\/DSC_2585-scaled.jpg 2560w, https:\/\/www.cm-evora.pt\/wp-content\/uploads\/2023\/06\/DSC_2585-300x200.jpg 300w, https:\/\/www.cm-evora.pt\/wp-content\/uploads\/2023\/06\/DSC_2585-1024x683.jpg 1024w, https:\/\/www.cm-evora.pt\/wp-content\/uploads\/2023\/06\/DSC_2585-768x512.jpg 768w, https:\/\/www.cm-evora.pt\/wp-content\/uploads\/2023\/06\/DSC_2585-1536x1024.jpg 1536w, https:\/\/www.cm-evora.pt\/wp-content\/uploads\/2023\/06\/DSC_2585-2048x1365.jpg 2048w, https:\/\/www.cm-evora.pt\/wp-content\/uploads\/2023\/06\/DSC_2585-1320x880.jpg 1320w\" sizes=\"auto, (max-width: 2560px) 100vw, 2560px\" \/><\/a>\n\t\t\t<\/dt><\/dl><br style=\"clear: both\" \/><dl class='gallery-item'>\n\t\t\t<dt class='gallery-icon landscape'>\n\t\t\t\t<a href='https:\/\/www.cm-evora.pt\/wp-content\/uploads\/2023\/06\/DSC_2586-scaled.jpg'><img loading=\"lazy\" decoding=\"async\" width=\"2560\" height=\"1707\" src=\"https:\/\/www.cm-evora.pt\/wp-content\/uploads\/2023\/06\/DSC_2586-scaled.jpg\" class=\"attachment-full size-full\" alt=\"\" srcset=\"https:\/\/www.cm-evora.pt\/wp-content\/uploads\/2023\/06\/DSC_2586-scaled.jpg 2560w, https:\/\/www.cm-evora.pt\/wp-content\/uploads\/2023\/06\/DSC_2586-300x200.jpg 300w, https:\/\/www.cm-evora.pt\/wp-content\/uploads\/2023\/06\/DSC_2586-1024x683.jpg 1024w, https:\/\/www.cm-evora.pt\/wp-content\/uploads\/2023\/06\/DSC_2586-768x512.jpg 768w, https:\/\/www.cm-evora.pt\/wp-content\/uploads\/2023\/06\/DSC_2586-1536x1024.jpg 1536w, https:\/\/www.cm-evora.pt\/wp-content\/uploads\/2023\/06\/DSC_2586-2048x1365.jpg 2048w, https:\/\/www.cm-evora.pt\/wp-content\/uploads\/2023\/06\/DSC_2586-1320x880.jpg 1320w\" sizes=\"auto, (max-width: 2560px) 100vw, 2560px\" \/><\/a>\n\t\t\t<\/dt><\/dl><dl class='gallery-item'>\n\t\t\t<dt class='gallery-icon landscape'>\n\t\t\t\t<a href='https:\/\/www.cm-evora.pt\/wp-content\/uploads\/2023\/06\/DSC_2594-scaled.jpg'><img loading=\"lazy\" decoding=\"async\" width=\"2560\" height=\"1707\" src=\"https:\/\/www.cm-evora.pt\/wp-content\/uploads\/2023\/06\/DSC_2594-scaled.jpg\" class=\"attachment-full size-full\" alt=\"\" srcset=\"https:\/\/www.cm-evora.pt\/wp-content\/uploads\/2023\/06\/DSC_2594-scaled.jpg 2560w, https:\/\/www.cm-evora.pt\/wp-content\/uploads\/2023\/06\/DSC_2594-300x200.jpg 300w, https:\/\/www.cm-evora.pt\/wp-content\/uploads\/2023\/06\/DSC_2594-1024x683.jpg 1024w, https:\/\/www.cm-evora.pt\/wp-content\/uploads\/2023\/06\/DSC_2594-768x512.jpg 768w, https:\/\/www.cm-evora.pt\/wp-content\/uploads\/2023\/06\/DSC_2594-1536x1024.jpg 1536w, https:\/\/www.cm-evora.pt\/wp-content\/uploads\/2023\/06\/DSC_2594-2048x1365.jpg 2048w, https:\/\/www.cm-evora.pt\/wp-content\/uploads\/2023\/06\/DSC_2594-1320x880.jpg 1320w\" sizes=\"auto, (max-width: 2560px) 100vw, 2560px\" \/><\/a>\n\t\t\t<\/dt><\/dl><dl class='gallery-item'>\n\t\t\t<dt class='gallery-icon landscape'>\n\t\t\t\t<a href='https:\/\/www.cm-evora.pt\/wp-content\/uploads\/2023\/06\/DSC_2604-scaled.jpg'><img loading=\"lazy\" decoding=\"async\" width=\"2560\" height=\"1707\" src=\"https:\/\/www.cm-evora.pt\/wp-content\/uploads\/2023\/06\/DSC_2604-scaled.jpg\" class=\"attachment-full size-full\" alt=\"\" srcset=\"https:\/\/www.cm-evora.pt\/wp-content\/uploads\/2023\/06\/DSC_2604-scaled.jpg 2560w, https:\/\/www.cm-evora.pt\/wp-content\/uploads\/2023\/06\/DSC_2604-300x200.jpg 300w, https:\/\/www.cm-evora.pt\/wp-content\/uploads\/2023\/06\/DSC_2604-1024x683.jpg 1024w, https:\/\/www.cm-evora.pt\/wp-content\/uploads\/2023\/06\/DSC_2604-768x512.jpg 768w, https:\/\/www.cm-evora.pt\/wp-content\/uploads\/2023\/06\/DSC_2604-1536x1024.jpg 1536w, https:\/\/www.cm-evora.pt\/wp-content\/uploads\/2023\/06\/DSC_2604-2048x1365.jpg 2048w, https:\/\/www.cm-evora.pt\/wp-content\/uploads\/2023\/06\/DSC_2604-1320x880.jpg 1320w\" sizes=\"auto, (max-width: 2560px) 100vw, 2560px\" \/><\/a>\n\t\t\t<\/dt><\/dl><br style=\"clear: both\" \/><dl class='gallery-item'>\n\t\t\t<dt class='gallery-icon landscape'>\n\t\t\t\t<a href='https:\/\/www.cm-evora.pt\/wp-content\/uploads\/2023\/06\/DSC_2608-scaled.jpg'><img loading=\"lazy\" decoding=\"async\" width=\"2560\" height=\"1707\" src=\"https:\/\/www.cm-evora.pt\/wp-content\/uploads\/2023\/06\/DSC_2608-scaled.jpg\" class=\"attachment-full size-full\" alt=\"\" srcset=\"https:\/\/www.cm-evora.pt\/wp-content\/uploads\/2023\/06\/DSC_2608-scaled.jpg 2560w, https:\/\/www.cm-evora.pt\/wp-content\/uploads\/2023\/06\/DSC_2608-300x200.jpg 300w, https:\/\/www.cm-evora.pt\/wp-content\/uploads\/2023\/06\/DSC_2608-1024x683.jpg 1024w, https:\/\/www.cm-evora.pt\/wp-content\/uploads\/2023\/06\/DSC_2608-768x512.jpg 768w, https:\/\/www.cm-evora.pt\/wp-content\/uploads\/2023\/06\/DSC_2608-1536x1024.jpg 1536w, https:\/\/www.cm-evora.pt\/wp-content\/uploads\/2023\/06\/DSC_2608-2048x1365.jpg 2048w, https:\/\/www.cm-evora.pt\/wp-content\/uploads\/2023\/06\/DSC_2608-1320x880.jpg 1320w\" sizes=\"auto, (max-width: 2560px) 100vw, 2560px\" \/><\/a>\n\t\t\t<\/dt><\/dl><dl class='gallery-item'>\n\t\t\t<dt class='gallery-icon landscape'>\n\t\t\t\t<a href='https:\/\/www.cm-evora.pt\/wp-content\/uploads\/2023\/06\/DSC_2611-scaled.jpg'><img loading=\"lazy\" decoding=\"async\" width=\"2560\" height=\"1707\" src=\"https:\/\/www.cm-evora.pt\/wp-content\/uploads\/2023\/06\/DSC_2611-scaled.jpg\" class=\"attachment-full size-full\" alt=\"\" srcset=\"https:\/\/www.cm-evora.pt\/wp-content\/uploads\/2023\/06\/DSC_2611-scaled.jpg 2560w, https:\/\/www.cm-evora.pt\/wp-content\/uploads\/2023\/06\/DSC_2611-300x200.jpg 300w, https:\/\/www.cm-evora.pt\/wp-content\/uploads\/2023\/06\/DSC_2611-1024x683.jpg 1024w, https:\/\/www.cm-evora.pt\/wp-content\/uploads\/2023\/06\/DSC_2611-768x512.jpg 768w, https:\/\/www.cm-evora.pt\/wp-content\/uploads\/2023\/06\/DSC_2611-1536x1024.jpg 1536w, https:\/\/www.cm-evora.pt\/wp-content\/uploads\/2023\/06\/DSC_2611-2048x1365.jpg 2048w, https:\/\/www.cm-evora.pt\/wp-content\/uploads\/2023\/06\/DSC_2611-1320x880.jpg 1320w\" sizes=\"auto, (max-width: 2560px) 100vw, 2560px\" \/><\/a>\n\t\t\t<\/dt><\/dl><dl class='gallery-item'>\n\t\t\t<dt class='gallery-icon landscape'>\n\t\t\t\t<a href='https:\/\/www.cm-evora.pt\/wp-content\/uploads\/2023\/06\/DSC_2612-scaled.jpg'><img loading=\"lazy\" decoding=\"async\" width=\"2560\" height=\"1707\" src=\"https:\/\/www.cm-evora.pt\/wp-content\/uploads\/2023\/06\/DSC_2612-scaled.jpg\" class=\"attachment-full size-full\" alt=\"\" srcset=\"https:\/\/www.cm-evora.pt\/wp-content\/uploads\/2023\/06\/DSC_2612-scaled.jpg 2560w, https:\/\/www.cm-evora.pt\/wp-content\/uploads\/2023\/06\/DSC_2612-300x200.jpg 300w, https:\/\/www.cm-evora.pt\/wp-content\/uploads\/2023\/06\/DSC_2612-1024x683.jpg 1024w, https:\/\/www.cm-evora.pt\/wp-content\/uploads\/2023\/06\/DSC_2612-768x512.jpg 768w, https:\/\/www.cm-evora.pt\/wp-content\/uploads\/2023\/06\/DSC_2612-1536x1024.jpg 1536w, https:\/\/www.cm-evora.pt\/wp-content\/uploads\/2023\/06\/DSC_2612-2048x1365.jpg 2048w, https:\/\/www.cm-evora.pt\/wp-content\/uploads\/2023\/06\/DSC_2612-1320x880.jpg 1320w\" sizes=\"auto, (max-width: 2560px) 100vw, 2560px\" \/><\/a>\n\t\t\t<\/dt><\/dl><br style=\"clear: both\" \/><dl class='gallery-item'>\n\t\t\t<dt class='gallery-icon landscape'>\n\t\t\t\t<a href='https:\/\/www.cm-evora.pt\/wp-content\/uploads\/2023\/06\/DSC_2614-scaled.jpg'><img loading=\"lazy\" decoding=\"async\" width=\"2560\" height=\"1707\" src=\"https:\/\/www.cm-evora.pt\/wp-content\/uploads\/2023\/06\/DSC_2614-scaled.jpg\" class=\"attachment-full size-full\" alt=\"\" srcset=\"https:\/\/www.cm-evora.pt\/wp-content\/uploads\/2023\/06\/DSC_2614-scaled.jpg 2560w, https:\/\/www.cm-evora.pt\/wp-content\/uploads\/2023\/06\/DSC_2614-300x200.jpg 300w, https:\/\/www.cm-evora.pt\/wp-content\/uploads\/2023\/06\/DSC_2614-1024x683.jpg 1024w, https:\/\/www.cm-evora.pt\/wp-content\/uploads\/2023\/06\/DSC_2614-768x512.jpg 768w, https:\/\/www.cm-evora.pt\/wp-content\/uploads\/2023\/06\/DSC_2614-1536x1024.jpg 1536w, https:\/\/www.cm-evora.pt\/wp-content\/uploads\/2023\/06\/DSC_2614-2048x1365.jpg 2048w, https:\/\/www.cm-evora.pt\/wp-content\/uploads\/2023\/06\/DSC_2614-1320x880.jpg 1320w\" sizes=\"auto, (max-width: 2560px) 100vw, 2560px\" \/><\/a>\n\t\t\t<\/dt><\/dl><dl class='gallery-item'>\n\t\t\t<dt class='gallery-icon landscape'>\n\t\t\t\t<a href='https:\/\/www.cm-evora.pt\/wp-content\/uploads\/2023\/06\/DSC_2616-scaled.jpg'><img loading=\"lazy\" decoding=\"async\" width=\"2560\" height=\"1655\" src=\"https:\/\/www.cm-evora.pt\/wp-content\/uploads\/2023\/06\/DSC_2616-scaled.jpg\" class=\"attachment-full size-full\" alt=\"\" srcset=\"https:\/\/www.cm-evora.pt\/wp-content\/uploads\/2023\/06\/DSC_2616-scaled.jpg 2560w, https:\/\/www.cm-evora.pt\/wp-content\/uploads\/2023\/06\/DSC_2616-300x194.jpg 300w, https:\/\/www.cm-evora.pt\/wp-content\/uploads\/2023\/06\/DSC_2616-1024x662.jpg 1024w, https:\/\/www.cm-evora.pt\/wp-content\/uploads\/2023\/06\/DSC_2616-768x497.jpg 768w, https:\/\/www.cm-evora.pt\/wp-content\/uploads\/2023\/06\/DSC_2616-1536x993.jpg 1536w, https:\/\/www.cm-evora.pt\/wp-content\/uploads\/2023\/06\/DSC_2616-2048x1324.jpg 2048w, https:\/\/www.cm-evora.pt\/wp-content\/uploads\/2023\/06\/DSC_2616-1320x854.jpg 1320w\" sizes=\"auto, (max-width: 2560px) 100vw, 2560px\" \/><\/a>\n\t\t\t<\/dt><\/dl>\n\t\t\t<br style='clear: both' \/>\n\t\t<\/div>\n\n","protected":false},"excerpt":{"rendered":"<p>Porque o amor ser\u00e1 sempre a cura e nunca a doen\u00e7a. \u00c9 este o mote da primeira edi\u00e7\u00e3o do \u00c9vora Pride, que celebra a diversidade, o orgulho, a igualdade e a diversidade entre os seres humanos. A exposi\u00e7\u00e3o \u2018Amor e \u00d3dio\u201d, j\u00e1 inaugurada na Igreja de S\u00e3o Vicente, \u00e9 o primeiro momento de uma ampla [&hellip;]<\/p>\n","protected":false},"author":58,"featured_media":50715,"comment_status":"closed","ping_status":"closed","sticky":false,"template":"","format":"standard","meta":{"_acf_changed":false,"footnotes":""},"categories":[2110],"tags":[],"class_list":["post-50700","post","type-post","status-publish","format-standard","has-post-thumbnail","hentry","category-noticias"],"acf":{"imagens":"","destaq_image":50715,"titulo_docs_seccao":"","documentos":""},"_links":{"self":[{"href":"https:\/\/www.cm-evora.pt\/en\/wp-json\/wp\/v2\/posts\/50700","targetHints":{"allow":["GET"]}}],"collection":[{"href":"https:\/\/www.cm-evora.pt\/en\/wp-json\/wp\/v2\/posts"}],"about":[{"href":"https:\/\/www.cm-evora.pt\/en\/wp-json\/wp\/v2\/types\/post"}],"author":[{"embeddable":true,"href":"https:\/\/www.cm-evora.pt\/en\/wp-json\/wp\/v2\/users\/58"}],"replies":[{"embeddable":true,"href":"https:\/\/www.cm-evora.pt\/en\/wp-json\/wp\/v2\/comments?post=50700"}],"version-history":[{"count":1,"href":"https:\/\/www.cm-evora.pt\/en\/wp-json\/wp\/v2\/posts\/50700\/revisions"}],"predecessor-version":[{"id":50716,"href":"https:\/\/www.cm-evora.pt\/en\/wp-json\/wp\/v2\/posts\/50700\/revisions\/50716"}],"wp:featuredmedia":[{"embeddable":true,"href":"https:\/\/www.cm-evora.pt\/en\/wp-json\/wp\/v2\/media\/50715"}],"wp:attachment":[{"href":"https:\/\/www.cm-evora.pt\/en\/wp-json\/wp\/v2\/media?parent=50700"}],"wp:term":[{"taxonomy":"category","embeddable":true,"href":"https:\/\/www.cm-evora.pt\/en\/wp-json\/wp\/v2\/categories?post=50700"},{"taxonomy":"post_tag","embeddable":true,"href":"https:\/\/www.cm-evora.pt\/en\/wp-json\/wp\/v2\/tags?post=50700"}],"curies":[{"name":"wp","href":"https:\/\/api.w.org\/{rel}","templated":true}]}}