{"id":51018,"date":"2023-06-23T14:42:13","date_gmt":"2023-06-23T13:42:13","guid":{"rendered":"https:\/\/www.cm-evora.pt\/?p=51018"},"modified":"2023-06-23T14:42:13","modified_gmt":"2023-06-23T13:42:13","slug":"instituicoes-eborenses-unidas-na-prevencao-e-combate-a-violencia-contra-idosos","status":"publish","type":"post","link":"https:\/\/www.cm-evora.pt\/en\/instituicoes-eborenses-unidas-na-prevencao-e-combate-a-violencia-contra-idosos\/","title":{"rendered":"Institui\u00e7\u00f5es eborenses unidas na preven\u00e7\u00e3o e combate \u00e0 viol\u00eancia contra idosos"},"content":{"rendered":"<p>Consciencializar para o fen\u00f3meno crescente da viol\u00eancia contra os idosos e procurar formas de prevenir e combater este flagelo \u00e9 a principal tem\u00e1tica do semin\u00e1rio \u201cA Voz do Sil\u00eancio&#8221; que decorre hoje (23 de junho), no Anfiteatro da Escola Superior de Enfermagem S\u00e3o Jo\u00e3o de Deus, em \u00c9vora.<\/p>\n<p>Um evento que \u00e9 igualmente de partilha de conhecimentos t\u00e9cnicos e experi\u00eancias, organizado pela Equipa para a Preven\u00e7\u00e3o da Viol\u00eancia em Adultos do Hospital do Esp\u00edrito Santo de \u00c9vora, inserido no \u00e2mbito do Dia Mundial da Consciencializa\u00e7\u00e3o da Viol\u00eancia contra a Pessoa Idosa.<\/p>\n<p>&nbsp;<\/p>\n<p>Este f\u00f3rum contou, na sua sess\u00e3o de abertura, com a participa\u00e7\u00e3o do Vice-Presidente da C\u00e2mara Municipal de \u00c9vora, Alexandre Varela. Al\u00e9m do autarca, proferiram tamb\u00e9m interven\u00e7\u00f5es nesta sess\u00e3o, Ant\u00f3nio Guerreiro (Vogal Executivo do Conselho de Administra\u00e7\u00e3o do Hospital do Esp\u00edrito Santo de \u00c9vora), Anabela Caixeiro (Coordenadora da Equipa de Preven\u00e7\u00e3o da Viol\u00eancia em Adultos do Hospital do Esp\u00edrito Santo de \u00c9vora), Maria Filomena Mendes (Presidente do Conselho de Administra\u00e7\u00e3o da Administra\u00e7\u00e3o Regional de Sa\u00fade do Alentejo) e Daniela Machado (Coordenadora Nacional do Programa Nacional de Preven\u00e7\u00e3o da Viol\u00eancia no Ciclo de Vida).<\/p>\n<p>&nbsp;<\/p>\n<p>Nas suas interven\u00e7\u00f5es, os oradores expressaram preocupa\u00e7\u00f5es tais como o abandono de idosos pelas suas fam\u00edlias nos hospitais, a necessidade de consciencializa\u00e7\u00e3o da sociedade para este fen\u00f3meno e a import\u00e2ncia da realiza\u00e7\u00e3o de um trabalho conjunto de preven\u00e7\u00e3o e prote\u00e7\u00e3o das v\u00edtimas entre as diversas entidades, nomeadamente institucionais, com incid\u00eancia especial na \u00e1rea da sa\u00fade, sociais e for\u00e7as de seguran\u00e7a.<\/p>\n<p>&nbsp;<\/p>\n<p>Apetrechar a comunidade e as fam\u00edlias, sobretudo no contexto dos cuidados informais, foi outra das ideias sublinhadas, neste caso pelo Vice-Presidente do Munic\u00edpio, Alexandre Varela, apelando igualmente a uma reflex\u00e3o sobre as causas estruturais da viol\u00eancia contra os idosos no sentido de a prevenir.<\/p>\n<p>&nbsp;<\/p>\n<p>Mostrou disponibilidade da C\u00e2mara para colaborar no combate a este fen\u00f3meno com as diversas institui\u00e7\u00f5es parceiras e referiu tamb\u00e9m a colabora\u00e7\u00e3o dada ao n\u00edvel de respostas em primeira linha que a C\u00e2mara tem, como por exemplo o acompanhamento dos idosos em conjunto com as associa\u00e7\u00f5es (no \u00e2mbito do programa Seniores Ativos), ou atrav\u00e9s de programas pensados dentro da Rede Social do Conselho Local de A\u00e7\u00e3o Social de \u00c9vora como \u00e9 a Unidade de Rede de Envelhecimento Positivo.<\/p>\n\n\t\t<style type=\"text\/css\">\n\t\t\t#gallery-1 {\n\t\t\t\tmargin: auto;\n\t\t\t}\n\t\t\t#gallery-1 .gallery-item {\n\t\t\t\tfloat: left;\n\t\t\t\tmargin-top: 10px;\n\t\t\t\ttext-align: center;\n\t\t\t\twidth: 33%;\n\t\t\t}\n\t\t\t#gallery-1 img {\n\t\t\t\tborder: 2px solid #cfcfcf;\n\t\t\t}\n\t\t\t#gallery-1 .gallery-caption {\n\t\t\t\tmargin-left: 0;\n\t\t\t}\n\t\t\t\/* see gallery_shortcode() in wp-includes\/media.php *\/\n\t\t<\/style>\n\t\t<div id='gallery-1' class='gallery galleryid-51018 gallery-columns-3 gallery-size-full'><dl class='gallery-item'>\n\t\t\t<dt class='gallery-icon landscape'>\n\t\t\t\t<a href='https:\/\/www.cm-evora.pt\/wp-content\/uploads\/2023\/06\/S1.jpg'><img loading=\"lazy\" decoding=\"async\" width=\"1920\" height=\"1676\" src=\"https:\/\/www.cm-evora.pt\/wp-content\/uploads\/2023\/06\/S1.jpg\" class=\"attachment-full size-full\" alt=\"\" srcset=\"https:\/\/www.cm-evora.pt\/wp-content\/uploads\/2023\/06\/S1.jpg 1920w, https:\/\/www.cm-evora.pt\/wp-content\/uploads\/2023\/06\/S1-300x262.jpg 300w, https:\/\/www.cm-evora.pt\/wp-content\/uploads\/2023\/06\/S1-1024x894.jpg 1024w, https:\/\/www.cm-evora.pt\/wp-content\/uploads\/2023\/06\/S1-768x670.jpg 768w, https:\/\/www.cm-evora.pt\/wp-content\/uploads\/2023\/06\/S1-1536x1341.jpg 1536w, https:\/\/www.cm-evora.pt\/wp-content\/uploads\/2023\/06\/S1-1320x1152.jpg 1320w\" sizes=\"auto, (max-width: 1920px) 100vw, 1920px\" \/><\/a>\n\t\t\t<\/dt><\/dl><dl class='gallery-item'>\n\t\t\t<dt class='gallery-icon landscape'>\n\t\t\t\t<a href='https:\/\/www.cm-evora.pt\/wp-content\/uploads\/2023\/06\/S2.jpg'><img loading=\"lazy\" decoding=\"async\" width=\"1920\" height=\"971\" src=\"https:\/\/www.cm-evora.pt\/wp-content\/uploads\/2023\/06\/S2.jpg\" class=\"attachment-full size-full\" alt=\"\" srcset=\"https:\/\/www.cm-evora.pt\/wp-content\/uploads\/2023\/06\/S2.jpg 1920w, https:\/\/www.cm-evora.pt\/wp-content\/uploads\/2023\/06\/S2-300x152.jpg 300w, https:\/\/www.cm-evora.pt\/wp-content\/uploads\/2023\/06\/S2-1024x518.jpg 1024w, https:\/\/www.cm-evora.pt\/wp-content\/uploads\/2023\/06\/S2-768x388.jpg 768w, https:\/\/www.cm-evora.pt\/wp-content\/uploads\/2023\/06\/S2-1536x777.jpg 1536w, https:\/\/www.cm-evora.pt\/wp-content\/uploads\/2023\/06\/S2-1320x668.jpg 1320w\" sizes=\"auto, (max-width: 1920px) 100vw, 1920px\" \/><\/a>\n\t\t\t<\/dt><\/dl><dl class='gallery-item'>\n\t\t\t<dt class='gallery-icon landscape'>\n\t\t\t\t<a href='https:\/\/www.cm-evora.pt\/wp-content\/uploads\/2023\/06\/S3.jpg'><img loading=\"lazy\" decoding=\"async\" width=\"1920\" height=\"1137\" src=\"https:\/\/www.cm-evora.pt\/wp-content\/uploads\/2023\/06\/S3.jpg\" class=\"attachment-full size-full\" alt=\"\" srcset=\"https:\/\/www.cm-evora.pt\/wp-content\/uploads\/2023\/06\/S3.jpg 1920w, https:\/\/www.cm-evora.pt\/wp-content\/uploads\/2023\/06\/S3-300x178.jpg 300w, https:\/\/www.cm-evora.pt\/wp-content\/uploads\/2023\/06\/S3-1024x606.jpg 1024w, https:\/\/www.cm-evora.pt\/wp-content\/uploads\/2023\/06\/S3-768x455.jpg 768w, https:\/\/www.cm-evora.pt\/wp-content\/uploads\/2023\/06\/S3-1536x910.jpg 1536w, https:\/\/www.cm-evora.pt\/wp-content\/uploads\/2023\/06\/S3-1320x782.jpg 1320w\" sizes=\"auto, (max-width: 1920px) 100vw, 1920px\" \/><\/a>\n\t\t\t<\/dt><\/dl><br style=\"clear: both\" \/>\n\t\t<\/div>\n\n","protected":false},"excerpt":{"rendered":"<p>Consciencializar para o fen\u00f3meno crescente da viol\u00eancia contra os idosos e procurar formas de prevenir e combater este flagelo \u00e9 a principal tem\u00e1tica do semin\u00e1rio \u201cA Voz do Sil\u00eancio&#8221; que decorre hoje (23 de junho), no Anfiteatro da Escola Superior de Enfermagem S\u00e3o Jo\u00e3o de Deus, em \u00c9vora. Um evento que \u00e9 igualmente de partilha [&hellip;]<\/p>\n","protected":false},"author":81,"featured_media":51019,"comment_status":"closed","ping_status":"closed","sticky":false,"template":"","format":"standard","meta":{"_acf_changed":false,"footnotes":""},"categories":[2110],"tags":[],"class_list":["post-51018","post","type-post","status-publish","format-standard","has-post-thumbnail","hentry","category-noticias"],"acf":{"imagens":"","destaq_image":51019,"titulo_docs_seccao":"","documentos":""},"_links":{"self":[{"href":"https:\/\/www.cm-evora.pt\/en\/wp-json\/wp\/v2\/posts\/51018","targetHints":{"allow":["GET"]}}],"collection":[{"href":"https:\/\/www.cm-evora.pt\/en\/wp-json\/wp\/v2\/posts"}],"about":[{"href":"https:\/\/www.cm-evora.pt\/en\/wp-json\/wp\/v2\/types\/post"}],"author":[{"embeddable":true,"href":"https:\/\/www.cm-evora.pt\/en\/wp-json\/wp\/v2\/users\/81"}],"replies":[{"embeddable":true,"href":"https:\/\/www.cm-evora.pt\/en\/wp-json\/wp\/v2\/comments?post=51018"}],"version-history":[{"count":1,"href":"https:\/\/www.cm-evora.pt\/en\/wp-json\/wp\/v2\/posts\/51018\/revisions"}],"predecessor-version":[{"id":51022,"href":"https:\/\/www.cm-evora.pt\/en\/wp-json\/wp\/v2\/posts\/51018\/revisions\/51022"}],"wp:featuredmedia":[{"embeddable":true,"href":"https:\/\/www.cm-evora.pt\/en\/wp-json\/wp\/v2\/media\/51019"}],"wp:attachment":[{"href":"https:\/\/www.cm-evora.pt\/en\/wp-json\/wp\/v2\/media?parent=51018"}],"wp:term":[{"taxonomy":"category","embeddable":true,"href":"https:\/\/www.cm-evora.pt\/en\/wp-json\/wp\/v2\/categories?post=51018"},{"taxonomy":"post_tag","embeddable":true,"href":"https:\/\/www.cm-evora.pt\/en\/wp-json\/wp\/v2\/tags?post=51018"}],"curies":[{"name":"wp","href":"https:\/\/api.w.org\/{rel}","templated":true}]}}