{"id":53085,"date":"2023-09-04T14:07:43","date_gmt":"2023-09-04T13:07:43","guid":{"rendered":"https:\/\/www.cm-evora.pt\/?p=53085"},"modified":"2023-09-04T14:07:43","modified_gmt":"2023-09-04T13:07:43","slug":"abertura-do-artes-a-rua-acontece-amanha-as-10h30-no-teatro-garcia-de-resende-5-a-10-de-setembro","status":"publish","type":"post","link":"https:\/\/www.cm-evora.pt\/en\/abertura-do-artes-a-rua-acontece-amanha-as-10h30-no-teatro-garcia-de-resende-5-a-10-de-setembro\/","title":{"rendered":"Abertura do ARTES \u00c0 RUA acontece amanh\u00e3 \u00e0s 10h30 no Teatro Garcia de Resende | 5 a 10 de setembro"},"content":{"rendered":"<p><strong>As condi\u00e7\u00f5es climat\u00e9ricas obrigaram a altera\u00e7\u00f5es nos locais onde se vai realizar a 5\u00aa edi\u00e7\u00e3o do Artes \u00e0 Rua. A abertura ir\u00e1 acontecer no Teatro Garcia de Resende e todos os espet\u00e1culos previstos para o Jardim P\u00fablico, a partir de dia 6 de Setembro, passam para a Arena de \u00c9vora com acesso gratuito, mediante lota\u00e7\u00e3o do espa\u00e7o.<\/strong><\/p>\n<p>A 5\u00aa edi\u00e7\u00e3o do Artes \u00e0 Rua tem in\u00edcio amanh\u00e3, dia 5 de setembro e decorre at\u00e9 ao pr\u00f3ximo dia 10, em \u00c9vora, com uma programa\u00e7\u00e3o variada. As propostas do Artes \u00e0 Rua desdobram-se em 38 momentos \u00fanicos com dois temas centrais como fio condutor: \u201cA descoloniza\u00e7\u00e3o do pensamento\u201d e \u201cA igualdade de g\u00e9nero\u201d.<\/p>\n<p>Devido \u00e0s previs\u00f5es meteorol\u00f3gicas e para maior conforto dos espectadores, o Festival Artes \u00e0 Rua, vai mudar o recinto dos espect\u00e1culos programados para o Jardim P\u00fablico:<\/p>\n<p><strong>5 de Setembro &#8211; Abertura do Festival \u2013 10H30<\/strong><\/p>\n<p><strong>Teatro Garcia de Resende | 10:30<\/strong><br \/>\nGigabombos do Imagin\u00e1rio e Seven Dixie<br \/>\nAssim Devera Eu Ser, de Catarina Moura, Celina da Piedade, Sara Vidal e Ricardo Silva | M\u00fasica | Fam\u00edlias | Portugal<\/p>\n<p><strong>Teatro Garcia de Resende | 21:00<\/strong><br \/>\nOumou Sangar\u00e9 | M\u00fasica | Mali<br \/>\nCelina da Piedade convida Uxia | M\u00fasica | Alentejo\/Galiza<\/p>\n<p>A restante programa\u00e7\u00e3o, como manh\u00e3s para fam\u00edlias, confer\u00eancias, podcasts ao vivo, fins de tarde no p\u00e1tio Inatel e after hours mant\u00eam os locais previstos e previamente divulgados.<\/p>\n<p>A partir de dia 6 de Setembro, o palco principal do Festival, que estava planeado para o Jardim P\u00fablico, muda para a <strong>Arena de \u00c9vora<\/strong> mantendo-se o acesso gratuito a todos os espet\u00e1culos, mediante lota\u00e7\u00e3o da sala.<\/p>\n<p>A 5\u00aa edi\u00e7\u00e3o Artes \u00e0 Rua realiza-se em \u00c9vora de 5 a 10 de setembro. Todas as atividades s\u00e3o de acesso gratuito, mediante lota\u00e7\u00e3o dos espa\u00e7os.<\/p>\n<p>O Festival \u00e9 uma iniciativa da C\u00e2mara Municipal de \u00c9vora, Cidade Capital Europeia da Cultura em 2027.<\/p>\n<p>Programa completo em https:\/\/www.facebook.com\/events\/841397697482371<\/p>\n<p>&nbsp;<\/p>\n","protected":false},"excerpt":{"rendered":"<p>As condi\u00e7\u00f5es climat\u00e9ricas obrigaram a altera\u00e7\u00f5es nos locais onde se vai realizar a 5\u00aa edi\u00e7\u00e3o do Artes \u00e0 Rua. A abertura ir\u00e1 acontecer no Teatro Garcia de Resende e todos os espet\u00e1culos previstos para o Jardim P\u00fablico, a partir de dia 6 de Setembro, passam para a Arena de \u00c9vora com acesso gratuito, mediante lota\u00e7\u00e3o [&hellip;]<\/p>\n","protected":false},"author":58,"featured_media":52982,"comment_status":"closed","ping_status":"closed","sticky":false,"template":"","format":"standard","meta":{"_acf_changed":false,"footnotes":""},"categories":[2110],"tags":[],"class_list":["post-53085","post","type-post","status-publish","format-standard","has-post-thumbnail","hentry","category-noticias"],"acf":{"imagens":"","destaq_image":52982,"titulo_docs_seccao":"","documentos":""},"_links":{"self":[{"href":"https:\/\/www.cm-evora.pt\/en\/wp-json\/wp\/v2\/posts\/53085","targetHints":{"allow":["GET"]}}],"collection":[{"href":"https:\/\/www.cm-evora.pt\/en\/wp-json\/wp\/v2\/posts"}],"about":[{"href":"https:\/\/www.cm-evora.pt\/en\/wp-json\/wp\/v2\/types\/post"}],"author":[{"embeddable":true,"href":"https:\/\/www.cm-evora.pt\/en\/wp-json\/wp\/v2\/users\/58"}],"replies":[{"embeddable":true,"href":"https:\/\/www.cm-evora.pt\/en\/wp-json\/wp\/v2\/comments?post=53085"}],"version-history":[{"count":1,"href":"https:\/\/www.cm-evora.pt\/en\/wp-json\/wp\/v2\/posts\/53085\/revisions"}],"predecessor-version":[{"id":53086,"href":"https:\/\/www.cm-evora.pt\/en\/wp-json\/wp\/v2\/posts\/53085\/revisions\/53086"}],"wp:featuredmedia":[{"embeddable":true,"href":"https:\/\/www.cm-evora.pt\/en\/wp-json\/wp\/v2\/media\/52982"}],"wp:attachment":[{"href":"https:\/\/www.cm-evora.pt\/en\/wp-json\/wp\/v2\/media?parent=53085"}],"wp:term":[{"taxonomy":"category","embeddable":true,"href":"https:\/\/www.cm-evora.pt\/en\/wp-json\/wp\/v2\/categories?post=53085"},{"taxonomy":"post_tag","embeddable":true,"href":"https:\/\/www.cm-evora.pt\/en\/wp-json\/wp\/v2\/tags?post=53085"}],"curies":[{"name":"wp","href":"https:\/\/api.w.org\/{rel}","templated":true}]}}