{"id":54899,"date":"2023-11-03T10:51:56","date_gmt":"2023-11-03T10:51:56","guid":{"rendered":"https:\/\/www.cm-evora.pt\/?p=54899"},"modified":"2023-11-03T10:51:56","modified_gmt":"2023-11-03T10:51:56","slug":"exposicao-de-fotografia-sobre-chartres-patente-na-igreja-de-s-vicente","status":"publish","type":"post","link":"https:\/\/www.cm-evora.pt\/en\/exposicao-de-fotografia-sobre-chartres-patente-na-igreja-de-s-vicente\/","title":{"rendered":"Exposi\u00e7\u00e3o de fotografia sobre Chartres patente na Igreja de S. Vicente"},"content":{"rendered":"<p>At\u00e9 2 de Dezembro pode conhecer a exposi\u00e7\u00e3o \u201cCHARTRES A CORES\u201d, com entrada livre, patente na Igreja de S. Vicente. Uma mostra que permite aprender mais sobre a cidade francesa de Chartres, nomeadamente sobre o seu patrim\u00f3nio e cultura, inclusive sobre o famoso festival \u201cChartres en Lumi\u00e8re\u201d que este ano assinala a sua 20\u00aa edi\u00e7\u00e3o.<\/p>\n<p>Esta exposi\u00e7\u00e3o, inserida no 20\u00ba anivers\u00e1rio da gemina\u00e7\u00e3o \u00c9vora-Chartres, cidades classificadas Patrim\u00f3nio Mundial pela UNESCO, foi inaugurada no dia 2 de novembro. A cerim\u00f3nia contou com a participa\u00e7\u00e3o da comitiva oficial de Chartres, tendo proferido interven\u00e7\u00f5es o vereador de Chartres (Patrick G\u00e9roudet) e o Diretor do Departamento Sociocultural da C\u00e2mara Municipal de \u00c9vora (Jos\u00e9 Conde). Teve ainda um momento musical executado pelo Coral \u00c9vora.<\/p>\n<p>&nbsp;<\/p>\n\n\t\t<style type=\"text\/css\">\n\t\t\t#gallery-1 {\n\t\t\t\tmargin: auto;\n\t\t\t}\n\t\t\t#gallery-1 .gallery-item {\n\t\t\t\tfloat: left;\n\t\t\t\tmargin-top: 10px;\n\t\t\t\ttext-align: center;\n\t\t\t\twidth: 20%;\n\t\t\t}\n\t\t\t#gallery-1 img {\n\t\t\t\tborder: 2px solid #cfcfcf;\n\t\t\t}\n\t\t\t#gallery-1 .gallery-caption {\n\t\t\t\tmargin-left: 0;\n\t\t\t}\n\t\t\t\/* see gallery_shortcode() in wp-includes\/media.php *\/\n\t\t<\/style>\n\t\t<div id='gallery-1' class='gallery galleryid-54899 gallery-columns-5 gallery-size-full'><dl class='gallery-item'>\n\t\t\t<dt class='gallery-icon portrait'>\n\t\t\t\t<a href='https:\/\/www.cm-evora.pt\/wp-content\/uploads\/2023\/11\/C-scaled.jpg'><img loading=\"lazy\" decoding=\"async\" width=\"1728\" height=\"2560\" src=\"https:\/\/www.cm-evora.pt\/wp-content\/uploads\/2023\/11\/C-scaled.jpg\" class=\"attachment-full size-full\" alt=\"\" srcset=\"https:\/\/www.cm-evora.pt\/wp-content\/uploads\/2023\/11\/C-scaled.jpg 1728w, https:\/\/www.cm-evora.pt\/wp-content\/uploads\/2023\/11\/C-203x300.jpg 203w, https:\/\/www.cm-evora.pt\/wp-content\/uploads\/2023\/11\/C-691x1024.jpg 691w, https:\/\/www.cm-evora.pt\/wp-content\/uploads\/2023\/11\/C-768x1138.jpg 768w, https:\/\/www.cm-evora.pt\/wp-content\/uploads\/2023\/11\/C-1037x1536.jpg 1037w, https:\/\/www.cm-evora.pt\/wp-content\/uploads\/2023\/11\/C-1383x2048.jpg 1383w, https:\/\/www.cm-evora.pt\/wp-content\/uploads\/2023\/11\/C-1320x1955.jpg 1320w\" sizes=\"auto, (max-width: 1728px) 100vw, 1728px\" \/><\/a>\n\t\t\t<\/dt><\/dl><dl class='gallery-item'>\n\t\t\t<dt class='gallery-icon portrait'>\n\t\t\t\t<a href='https:\/\/www.cm-evora.pt\/wp-content\/uploads\/2023\/11\/C1-scaled.jpg'><img loading=\"lazy\" decoding=\"async\" width=\"1708\" height=\"2560\" src=\"https:\/\/www.cm-evora.pt\/wp-content\/uploads\/2023\/11\/C1-scaled.jpg\" class=\"attachment-full size-full\" alt=\"\" srcset=\"https:\/\/www.cm-evora.pt\/wp-content\/uploads\/2023\/11\/C1-scaled.jpg 1708w, https:\/\/www.cm-evora.pt\/wp-content\/uploads\/2023\/11\/C1-200x300.jpg 200w, https:\/\/www.cm-evora.pt\/wp-content\/uploads\/2023\/11\/C1-683x1024.jpg 683w, https:\/\/www.cm-evora.pt\/wp-content\/uploads\/2023\/11\/C1-768x1151.jpg 768w, https:\/\/www.cm-evora.pt\/wp-content\/uploads\/2023\/11\/C1-1025x1536.jpg 1025w, https:\/\/www.cm-evora.pt\/wp-content\/uploads\/2023\/11\/C1-1367x2048.jpg 1367w, https:\/\/www.cm-evora.pt\/wp-content\/uploads\/2023\/11\/C1-1320x1978.jpg 1320w\" sizes=\"auto, (max-width: 1708px) 100vw, 1708px\" \/><\/a>\n\t\t\t<\/dt><\/dl><dl class='gallery-item'>\n\t\t\t<dt class='gallery-icon portrait'>\n\t\t\t\t<a href='https:\/\/www.cm-evora.pt\/wp-content\/uploads\/2023\/11\/C2-scaled.jpg'><img loading=\"lazy\" decoding=\"async\" width=\"1680\" height=\"2560\" src=\"https:\/\/www.cm-evora.pt\/wp-content\/uploads\/2023\/11\/C2-scaled.jpg\" class=\"attachment-full size-full\" alt=\"\" srcset=\"https:\/\/www.cm-evora.pt\/wp-content\/uploads\/2023\/11\/C2-scaled.jpg 1680w, https:\/\/www.cm-evora.pt\/wp-content\/uploads\/2023\/11\/C2-197x300.jpg 197w, https:\/\/www.cm-evora.pt\/wp-content\/uploads\/2023\/11\/C2-672x1024.jpg 672w, https:\/\/www.cm-evora.pt\/wp-content\/uploads\/2023\/11\/C2-768x1170.jpg 768w, https:\/\/www.cm-evora.pt\/wp-content\/uploads\/2023\/11\/C2-1008x1536.jpg 1008w, https:\/\/www.cm-evora.pt\/wp-content\/uploads\/2023\/11\/C2-1344x2048.jpg 1344w, https:\/\/www.cm-evora.pt\/wp-content\/uploads\/2023\/11\/C2-1320x2012.jpg 1320w\" sizes=\"auto, (max-width: 1680px) 100vw, 1680px\" \/><\/a>\n\t\t\t<\/dt><\/dl><dl class='gallery-item'>\n\t\t\t<dt class='gallery-icon portrait'>\n\t\t\t\t<a href='https:\/\/www.cm-evora.pt\/wp-content\/uploads\/2023\/11\/C3.jpg'><img loading=\"lazy\" decoding=\"async\" width=\"1920\" height=\"2389\" src=\"https:\/\/www.cm-evora.pt\/wp-content\/uploads\/2023\/11\/C3.jpg\" class=\"attachment-full size-full\" alt=\"\" srcset=\"https:\/\/www.cm-evora.pt\/wp-content\/uploads\/2023\/11\/C3.jpg 1920w, https:\/\/www.cm-evora.pt\/wp-content\/uploads\/2023\/11\/C3-241x300.jpg 241w, https:\/\/www.cm-evora.pt\/wp-content\/uploads\/2023\/11\/C3-823x1024.jpg 823w, https:\/\/www.cm-evora.pt\/wp-content\/uploads\/2023\/11\/C3-768x956.jpg 768w, https:\/\/www.cm-evora.pt\/wp-content\/uploads\/2023\/11\/C3-1234x1536.jpg 1234w, https:\/\/www.cm-evora.pt\/wp-content\/uploads\/2023\/11\/C3-1646x2048.jpg 1646w, https:\/\/www.cm-evora.pt\/wp-content\/uploads\/2023\/11\/C3-1320x1642.jpg 1320w\" sizes=\"auto, (max-width: 1920px) 100vw, 1920px\" \/><\/a>\n\t\t\t<\/dt><\/dl><dl class='gallery-item'>\n\t\t\t<dt class='gallery-icon landscape'>\n\t\t\t\t<a href='https:\/\/www.cm-evora.pt\/wp-content\/uploads\/2023\/11\/C4.jpg'><img loading=\"lazy\" decoding=\"async\" width=\"1920\" height=\"1307\" src=\"https:\/\/www.cm-evora.pt\/wp-content\/uploads\/2023\/11\/C4.jpg\" class=\"attachment-full size-full\" alt=\"\" srcset=\"https:\/\/www.cm-evora.pt\/wp-content\/uploads\/2023\/11\/C4.jpg 1920w, https:\/\/www.cm-evora.pt\/wp-content\/uploads\/2023\/11\/C4-300x204.jpg 300w, https:\/\/www.cm-evora.pt\/wp-content\/uploads\/2023\/11\/C4-1024x697.jpg 1024w, https:\/\/www.cm-evora.pt\/wp-content\/uploads\/2023\/11\/C4-768x523.jpg 768w, https:\/\/www.cm-evora.pt\/wp-content\/uploads\/2023\/11\/C4-1536x1046.jpg 1536w, https:\/\/www.cm-evora.pt\/wp-content\/uploads\/2023\/11\/C4-1320x899.jpg 1320w\" sizes=\"auto, (max-width: 1920px) 100vw, 1920px\" \/><\/a>\n\t\t\t<\/dt><\/dl><br style=\"clear: both\" \/><dl class='gallery-item'>\n\t\t\t<dt class='gallery-icon landscape'>\n\t\t\t\t<a href='https:\/\/www.cm-evora.pt\/wp-content\/uploads\/2023\/11\/C5.jpg'><img loading=\"lazy\" decoding=\"async\" width=\"1920\" height=\"1403\" src=\"https:\/\/www.cm-evora.pt\/wp-content\/uploads\/2023\/11\/C5.jpg\" class=\"attachment-full size-full\" alt=\"\" srcset=\"https:\/\/www.cm-evora.pt\/wp-content\/uploads\/2023\/11\/C5.jpg 1920w, https:\/\/www.cm-evora.pt\/wp-content\/uploads\/2023\/11\/C5-300x219.jpg 300w, https:\/\/www.cm-evora.pt\/wp-content\/uploads\/2023\/11\/C5-1024x748.jpg 1024w, https:\/\/www.cm-evora.pt\/wp-content\/uploads\/2023\/11\/C5-768x561.jpg 768w, https:\/\/www.cm-evora.pt\/wp-content\/uploads\/2023\/11\/C5-1536x1122.jpg 1536w, https:\/\/www.cm-evora.pt\/wp-content\/uploads\/2023\/11\/C5-1320x965.jpg 1320w\" sizes=\"auto, (max-width: 1920px) 100vw, 1920px\" \/><\/a>\n\t\t\t<\/dt><\/dl><dl class='gallery-item'>\n\t\t\t<dt class='gallery-icon landscape'>\n\t\t\t\t<a href='https:\/\/www.cm-evora.pt\/wp-content\/uploads\/2023\/11\/C6.jpg'><img loading=\"lazy\" decoding=\"async\" width=\"1920\" height=\"977\" src=\"https:\/\/www.cm-evora.pt\/wp-content\/uploads\/2023\/11\/C6.jpg\" class=\"attachment-full size-full\" alt=\"\" srcset=\"https:\/\/www.cm-evora.pt\/wp-content\/uploads\/2023\/11\/C6.jpg 1920w, https:\/\/www.cm-evora.pt\/wp-content\/uploads\/2023\/11\/C6-300x153.jpg 300w, https:\/\/www.cm-evora.pt\/wp-content\/uploads\/2023\/11\/C6-1024x521.jpg 1024w, https:\/\/www.cm-evora.pt\/wp-content\/uploads\/2023\/11\/C6-768x391.jpg 768w, https:\/\/www.cm-evora.pt\/wp-content\/uploads\/2023\/11\/C6-1536x782.jpg 1536w, https:\/\/www.cm-evora.pt\/wp-content\/uploads\/2023\/11\/C6-1320x672.jpg 1320w\" sizes=\"auto, (max-width: 1920px) 100vw, 1920px\" \/><\/a>\n\t\t\t<\/dt><\/dl><dl class='gallery-item'>\n\t\t\t<dt class='gallery-icon landscape'>\n\t\t\t\t<a href='https:\/\/www.cm-evora.pt\/wp-content\/uploads\/2023\/11\/C7.jpg'><img loading=\"lazy\" decoding=\"async\" width=\"1920\" height=\"1325\" src=\"https:\/\/www.cm-evora.pt\/wp-content\/uploads\/2023\/11\/C7.jpg\" class=\"attachment-full size-full\" alt=\"\" srcset=\"https:\/\/www.cm-evora.pt\/wp-content\/uploads\/2023\/11\/C7.jpg 1920w, https:\/\/www.cm-evora.pt\/wp-content\/uploads\/2023\/11\/C7-300x207.jpg 300w, https:\/\/www.cm-evora.pt\/wp-content\/uploads\/2023\/11\/C7-1024x707.jpg 1024w, https:\/\/www.cm-evora.pt\/wp-content\/uploads\/2023\/11\/C7-768x530.jpg 768w, https:\/\/www.cm-evora.pt\/wp-content\/uploads\/2023\/11\/C7-1536x1060.jpg 1536w, https:\/\/www.cm-evora.pt\/wp-content\/uploads\/2023\/11\/C7-1320x911.jpg 1320w\" sizes=\"auto, (max-width: 1920px) 100vw, 1920px\" \/><\/a>\n\t\t\t<\/dt><\/dl><dl class='gallery-item'>\n\t\t\t<dt class='gallery-icon landscape'>\n\t\t\t\t<a href='https:\/\/www.cm-evora.pt\/wp-content\/uploads\/2023\/11\/C8.jpg'><img loading=\"lazy\" decoding=\"async\" width=\"1920\" height=\"1108\" src=\"https:\/\/www.cm-evora.pt\/wp-content\/uploads\/2023\/11\/C8.jpg\" class=\"attachment-full size-full\" alt=\"\" srcset=\"https:\/\/www.cm-evora.pt\/wp-content\/uploads\/2023\/11\/C8.jpg 1920w, https:\/\/www.cm-evora.pt\/wp-content\/uploads\/2023\/11\/C8-300x173.jpg 300w, https:\/\/www.cm-evora.pt\/wp-content\/uploads\/2023\/11\/C8-1024x591.jpg 1024w, https:\/\/www.cm-evora.pt\/wp-content\/uploads\/2023\/11\/C8-768x443.jpg 768w, https:\/\/www.cm-evora.pt\/wp-content\/uploads\/2023\/11\/C8-1536x886.jpg 1536w, https:\/\/www.cm-evora.pt\/wp-content\/uploads\/2023\/11\/C8-1320x762.jpg 1320w\" sizes=\"auto, (max-width: 1920px) 100vw, 1920px\" \/><\/a>\n\t\t\t<\/dt><\/dl><dl class='gallery-item'>\n\t\t\t<dt class='gallery-icon portrait'>\n\t\t\t\t<a href='https:\/\/www.cm-evora.pt\/wp-content\/uploads\/2023\/11\/C9-scaled.jpg'><img loading=\"lazy\" decoding=\"async\" width=\"1708\" height=\"2560\" src=\"https:\/\/www.cm-evora.pt\/wp-content\/uploads\/2023\/11\/C9-scaled.jpg\" class=\"attachment-full size-full\" alt=\"\" srcset=\"https:\/\/www.cm-evora.pt\/wp-content\/uploads\/2023\/11\/C9-scaled.jpg 1708w, https:\/\/www.cm-evora.pt\/wp-content\/uploads\/2023\/11\/C9-200x300.jpg 200w, https:\/\/www.cm-evora.pt\/wp-content\/uploads\/2023\/11\/C9-683x1024.jpg 683w, https:\/\/www.cm-evora.pt\/wp-content\/uploads\/2023\/11\/C9-768x1151.jpg 768w, https:\/\/www.cm-evora.pt\/wp-content\/uploads\/2023\/11\/C9-1025x1536.jpg 1025w, https:\/\/www.cm-evora.pt\/wp-content\/uploads\/2023\/11\/C9-1367x2048.jpg 1367w, https:\/\/www.cm-evora.pt\/wp-content\/uploads\/2023\/11\/C9-1320x1978.jpg 1320w\" sizes=\"auto, (max-width: 1708px) 100vw, 1708px\" \/><\/a>\n\t\t\t<\/dt><\/dl><br style=\"clear: both\" \/><dl class='gallery-item'>\n\t\t\t<dt class='gallery-icon landscape'>\n\t\t\t\t<a href='https:\/\/www.cm-evora.pt\/wp-content\/uploads\/2023\/11\/C10.jpg'><img loading=\"lazy\" decoding=\"async\" width=\"1920\" height=\"1281\" src=\"https:\/\/www.cm-evora.pt\/wp-content\/uploads\/2023\/11\/C10.jpg\" class=\"attachment-full size-full\" alt=\"\" srcset=\"https:\/\/www.cm-evora.pt\/wp-content\/uploads\/2023\/11\/C10.jpg 1920w, https:\/\/www.cm-evora.pt\/wp-content\/uploads\/2023\/11\/C10-300x200.jpg 300w, https:\/\/www.cm-evora.pt\/wp-content\/uploads\/2023\/11\/C10-1024x683.jpg 1024w, https:\/\/www.cm-evora.pt\/wp-content\/uploads\/2023\/11\/C10-768x512.jpg 768w, https:\/\/www.cm-evora.pt\/wp-content\/uploads\/2023\/11\/C10-1536x1025.jpg 1536w, https:\/\/www.cm-evora.pt\/wp-content\/uploads\/2023\/11\/C10-1320x881.jpg 1320w\" sizes=\"auto, (max-width: 1920px) 100vw, 1920px\" \/><\/a>\n\t\t\t<\/dt><\/dl><dl class='gallery-item'>\n\t\t\t<dt class='gallery-icon landscape'>\n\t\t\t\t<a href='https:\/\/www.cm-evora.pt\/wp-content\/uploads\/2023\/11\/C11.jpg'><img loading=\"lazy\" decoding=\"async\" width=\"1920\" height=\"1284\" src=\"https:\/\/www.cm-evora.pt\/wp-content\/uploads\/2023\/11\/C11.jpg\" class=\"attachment-full size-full\" alt=\"\" srcset=\"https:\/\/www.cm-evora.pt\/wp-content\/uploads\/2023\/11\/C11.jpg 1920w, https:\/\/www.cm-evora.pt\/wp-content\/uploads\/2023\/11\/C11-300x201.jpg 300w, https:\/\/www.cm-evora.pt\/wp-content\/uploads\/2023\/11\/C11-1024x685.jpg 1024w, https:\/\/www.cm-evora.pt\/wp-content\/uploads\/2023\/11\/C11-768x514.jpg 768w, https:\/\/www.cm-evora.pt\/wp-content\/uploads\/2023\/11\/C11-1536x1027.jpg 1536w, https:\/\/www.cm-evora.pt\/wp-content\/uploads\/2023\/11\/C11-1320x883.jpg 1320w\" sizes=\"auto, (max-width: 1920px) 100vw, 1920px\" \/><\/a>\n\t\t\t<\/dt><\/dl><dl class='gallery-item'>\n\t\t\t<dt class='gallery-icon landscape'>\n\t\t\t\t<a href='https:\/\/www.cm-evora.pt\/wp-content\/uploads\/2023\/11\/C12.jpg'><img loading=\"lazy\" decoding=\"async\" width=\"1920\" height=\"1269\" src=\"https:\/\/www.cm-evora.pt\/wp-content\/uploads\/2023\/11\/C12.jpg\" class=\"attachment-full size-full\" alt=\"\" srcset=\"https:\/\/www.cm-evora.pt\/wp-content\/uploads\/2023\/11\/C12.jpg 1920w, https:\/\/www.cm-evora.pt\/wp-content\/uploads\/2023\/11\/C12-300x198.jpg 300w, https:\/\/www.cm-evora.pt\/wp-content\/uploads\/2023\/11\/C12-1024x677.jpg 1024w, https:\/\/www.cm-evora.pt\/wp-content\/uploads\/2023\/11\/C12-768x508.jpg 768w, https:\/\/www.cm-evora.pt\/wp-content\/uploads\/2023\/11\/C12-1536x1015.jpg 1536w, https:\/\/www.cm-evora.pt\/wp-content\/uploads\/2023\/11\/C12-1320x872.jpg 1320w\" sizes=\"auto, (max-width: 1920px) 100vw, 1920px\" \/><\/a>\n\t\t\t<\/dt><\/dl><dl class='gallery-item'>\n\t\t\t<dt class='gallery-icon landscape'>\n\t\t\t\t<a href='https:\/\/www.cm-evora.pt\/wp-content\/uploads\/2023\/11\/C13.jpg'><img loading=\"lazy\" decoding=\"async\" width=\"1920\" height=\"1174\" src=\"https:\/\/www.cm-evora.pt\/wp-content\/uploads\/2023\/11\/C13.jpg\" class=\"attachment-full size-full\" alt=\"\" srcset=\"https:\/\/www.cm-evora.pt\/wp-content\/uploads\/2023\/11\/C13.jpg 1920w, https:\/\/www.cm-evora.pt\/wp-content\/uploads\/2023\/11\/C13-300x183.jpg 300w, https:\/\/www.cm-evora.pt\/wp-content\/uploads\/2023\/11\/C13-1024x626.jpg 1024w, https:\/\/www.cm-evora.pt\/wp-content\/uploads\/2023\/11\/C13-768x470.jpg 768w, https:\/\/www.cm-evora.pt\/wp-content\/uploads\/2023\/11\/C13-1536x939.jpg 1536w, https:\/\/www.cm-evora.pt\/wp-content\/uploads\/2023\/11\/C13-1320x807.jpg 1320w\" sizes=\"auto, (max-width: 1920px) 100vw, 1920px\" \/><\/a>\n\t\t\t<\/dt><\/dl><dl class='gallery-item'>\n\t\t\t<dt class='gallery-icon landscape'>\n\t\t\t\t<a href='https:\/\/www.cm-evora.pt\/wp-content\/uploads\/2023\/11\/C14.jpg'><img loading=\"lazy\" decoding=\"async\" width=\"1920\" height=\"1174\" src=\"https:\/\/www.cm-evora.pt\/wp-content\/uploads\/2023\/11\/C14.jpg\" class=\"attachment-full size-full\" alt=\"\" srcset=\"https:\/\/www.cm-evora.pt\/wp-content\/uploads\/2023\/11\/C14.jpg 1920w, https:\/\/www.cm-evora.pt\/wp-content\/uploads\/2023\/11\/C14-300x183.jpg 300w, https:\/\/www.cm-evora.pt\/wp-content\/uploads\/2023\/11\/C14-1024x626.jpg 1024w, https:\/\/www.cm-evora.pt\/wp-content\/uploads\/2023\/11\/C14-768x470.jpg 768w, https:\/\/www.cm-evora.pt\/wp-content\/uploads\/2023\/11\/C14-1536x939.jpg 1536w, https:\/\/www.cm-evora.pt\/wp-content\/uploads\/2023\/11\/C14-1320x807.jpg 1320w\" sizes=\"auto, (max-width: 1920px) 100vw, 1920px\" \/><\/a>\n\t\t\t<\/dt><\/dl><br style=\"clear: both\" \/>\n\t\t<\/div>\n\n","protected":false},"excerpt":{"rendered":"<p>At\u00e9 2 de Dezembro pode conhecer a exposi\u00e7\u00e3o \u201cCHARTRES A CORES\u201d, com entrada livre, patente na Igreja de S. Vicente. Uma mostra que permite aprender mais sobre a cidade francesa de Chartres, nomeadamente sobre o seu patrim\u00f3nio e cultura, inclusive sobre o famoso festival \u201cChartres en Lumi\u00e8re\u201d que este ano assinala a sua 20\u00aa edi\u00e7\u00e3o. [&hellip;]<\/p>\n","protected":false},"author":81,"featured_media":54911,"comment_status":"closed","ping_status":"closed","sticky":false,"template":"","format":"standard","meta":{"_acf_changed":false,"footnotes":""},"categories":[2110],"tags":[],"class_list":["post-54899","post","type-post","status-publish","format-standard","has-post-thumbnail","hentry","category-noticias"],"acf":{"imagens":"","destaq_image":54911,"titulo_docs_seccao":"","documentos":""},"_links":{"self":[{"href":"https:\/\/www.cm-evora.pt\/en\/wp-json\/wp\/v2\/posts\/54899","targetHints":{"allow":["GET"]}}],"collection":[{"href":"https:\/\/www.cm-evora.pt\/en\/wp-json\/wp\/v2\/posts"}],"about":[{"href":"https:\/\/www.cm-evora.pt\/en\/wp-json\/wp\/v2\/types\/post"}],"author":[{"embeddable":true,"href":"https:\/\/www.cm-evora.pt\/en\/wp-json\/wp\/v2\/users\/81"}],"replies":[{"embeddable":true,"href":"https:\/\/www.cm-evora.pt\/en\/wp-json\/wp\/v2\/comments?post=54899"}],"version-history":[{"count":1,"href":"https:\/\/www.cm-evora.pt\/en\/wp-json\/wp\/v2\/posts\/54899\/revisions"}],"predecessor-version":[{"id":54915,"href":"https:\/\/www.cm-evora.pt\/en\/wp-json\/wp\/v2\/posts\/54899\/revisions\/54915"}],"wp:featuredmedia":[{"embeddable":true,"href":"https:\/\/www.cm-evora.pt\/en\/wp-json\/wp\/v2\/media\/54911"}],"wp:attachment":[{"href":"https:\/\/www.cm-evora.pt\/en\/wp-json\/wp\/v2\/media?parent=54899"}],"wp:term":[{"taxonomy":"category","embeddable":true,"href":"https:\/\/www.cm-evora.pt\/en\/wp-json\/wp\/v2\/categories?post=54899"},{"taxonomy":"post_tag","embeddable":true,"href":"https:\/\/www.cm-evora.pt\/en\/wp-json\/wp\/v2\/tags?post=54899"}],"curies":[{"name":"wp","href":"https:\/\/api.w.org\/{rel}","templated":true}]}}