{"id":55490,"date":"2023-11-21T08:33:06","date_gmt":"2023-11-21T08:33:06","guid":{"rendered":"https:\/\/www.cm-evora.pt\/?p=55490"},"modified":"2023-11-21T08:33:06","modified_gmt":"2023-11-21T08:33:06","slug":"no-fim-de-semana-de-25-e-26-de-novembro-meia-de-evora-celebra-o-patrimonio-mundial-com-4000-participantes","status":"publish","type":"post","link":"https:\/\/www.cm-evora.pt\/en\/no-fim-de-semana-de-25-e-26-de-novembro-meia-de-evora-celebra-o-patrimonio-mundial-com-4000-participantes\/","title":{"rendered":"No fim-de-semana de 25 e 26 de Novembro, \u201cMeia de \u00c9vora\u201d Celebra o Patrim\u00f3nio Mundial com 4000 Participantes"},"content":{"rendered":"<p>\u00c9vora prepara-se para viver um fim-de-semana desportivo memor\u00e1vel nos dias 25 e 26 de novembro por ocasi\u00e3o da meia maratona da cidade que, uma vez mais, ir\u00e1 assinalar a classifica\u00e7\u00e3o pela UNESCO do Centro Hist\u00f3rico como Patrim\u00f3nio Mundial. Com um n\u00famero recorde de inscritos, 4000 participantes ir\u00e3o dar vida \u00e0s diferentes vertentes da competi\u00e7\u00e3o, dividindo-se entre a prova principal (21,1kms), uma competi\u00e7\u00e3o de 10 km, corrida para a pequenada e uma caminhada (5 km).<\/p>\n<p>Segundo o Presidente da C\u00e2mara Municipal de \u00c9vora, a \u201cMeia de \u00c9vora \u00e9 uma prova de destaque nacional que, sem esquecer a fam\u00edlia, convida todos, dos mais velhos aos mais novos, a praticarem atividade f\u00edsica e desporto nas diversas dist\u00e2ncias\u201d.<\/p>\n<p>\u201cEsta prova, para al\u00e9m de ser um d\u00ednamo local, com um sem fim de agentes envolvidos, projeta \u00c9vora al\u00e9m-fronteiras, n\u00e3o s\u00f3 a n\u00edvel desportivo, mas tamb\u00e9m no plano tur\u00edstico e econ\u00f3mico\u201d, frisa Carlos Pinto de S\u00e1.<\/p>\n<p>A grande novidade deste ano \u00e9, efetivamente, o &#8220;Run Kids&#8221;, destinado aos mais jovens, que ter\u00e3o a oportunidade de brilhar em diversas corridas que decorrer\u00e3o, no s\u00e1bado \u00e0 tarde, na emblem\u00e1tica Pra\u00e7a de Giraldo. A presen\u00e7a dos \u201ckids\u201d reflete o compromisso da edilidade em promover a pr\u00e1tica desportiva desde tenra idade e fortalecer os la\u00e7os familiares.<\/p>\n<p>No s\u00e1bado de manh\u00e3, a C\u00e2mara Municipal de \u00c9vora, entidade organizadora, ir\u00e1 realizar uma a\u00e7\u00e3o simb\u00f3lica em prol da sustentabilidade, desafiando uma s\u00e9rie de entidades e figuras p\u00fablicas da cidade a plantar uma \u00e1rvore por cada 150 inscritos. Esta iniciativa refor\u00e7a a consci\u00eancia ambiental e contribui para a preserva\u00e7\u00e3o do ecossistema local.<\/p>\n<p>Mas a \u201cMeia de \u00c9vora\u201d n\u00e3o se limita apenas \u00e0 corrida, sendo tamb\u00e9m uma celebra\u00e7\u00e3o da cultura. Ao longo dos diversos percursos de domingo, est\u00e3o assegurados momentos de anima\u00e7\u00e3o, com a presen\u00e7a de cerca de 30 pontos musicais que prometem enriquecer a experi\u00eancia dos participantes e animar os espetadores ao longo das ruas da cidade hist\u00f3rica.<\/p>\n<p>A log\u00edstica do evento tamb\u00e9m conhece inova\u00e7\u00f5es, com o centro nevr\u00e1lgico da prova a ser instalado na Arena D&#8217;\u00c9vora. Este local servir\u00e1 n\u00e3o s\u00f3 para a distribui\u00e7\u00e3o dos kits de participa\u00e7\u00e3o, mas tamb\u00e9m para acolher a Feira da Prova, contando com a presen\u00e7a de 40 expositores de diversas \u00e1reas. A mudan\u00e7a para a Arena visa proporcionar uma experi\u00eancia mais ampla e envolvente aos participantes, espectadores e expositores.<\/p>\n<p>Na sexta-feira e no s\u00e1bado, quem se deslocar \u00e0 Arena D\u00b4\u00c9vora poder\u00e1 visitar os seguintes stands: HMS Sports, \u00c9vora_27 Capital Europeia da Cultura, Universidade de \u00c9vora, Escola Superior de Enfermagem S\u00e3o Jo\u00e3o de Deus, Universidade Saud\u00e1vel da Universidade de \u00c9vora, Instituto Portugu\u00eas do Desporto e Juventude \u2013 IPDJ, Associa\u00e7\u00e3o de Solidariedade Social dos Professores, Grupo Caminheiros de \u00c9vora, Plano Municipal para a Igualdade e N\u00e3o Discrimina\u00e7\u00e3o, Ag\u00eancia do Banco do Tempo de \u00c9vora, Grupo de Apoio de \u00c9vora da Liga Portuguesa Contra o Cancro &#8211; N\u00facleo Regional do Sul, Associa\u00e7\u00e3o Portuguesa de Pais e Amigos do Cidad\u00e3o Deficiente Mental de \u00c9vora, Centro Social Nossa Senhora Auxiliadora, Escoteiros de Portugal &#8211; Grupo 265 \u00c9vora, Casa do Povo de Canaviais, Refood, Associa\u00e7\u00e3o de Paralisia Cerebral de \u00c9vora, Junta Regional de \u00c9vora, Cercidiana, Associa\u00e7\u00e3o S\u00f3cio Cultural Terap\u00eautica de \u00c9vora, Funda\u00e7\u00e3o Obra de S\u00e3o Jos\u00e9 Oper\u00e1rio, Associa\u00e7\u00e3o de Surdos de \u00c9vora, Perceptions, P\u00e3o e Paz, Queijaria Cachopas, Padaria Arte Antiga, Rusty Place- Jo\u00e3o Concha, P\u00e3o para Ti \u2013 Amores e Doces, Licores &#8211; Ant\u00f3nio Carvalho Mel- Engi\u00e9vora Lda., Vinho e Azeite -Vila Gal\u00e9, Cabazes hort\u00edcolas &#8211; Prove Evora, Olaria &#8211; L\u00facia Manilhas, Donuts &#8211; Gigubi Sweet, Doces \u2013 Melg\u00e3o, Cacau e Chocolates, Licores e Bolachinhas &#8211; Lojinha da Betinha, Pocityf, Associa\u00e7\u00e3o Comercial do Distrito de \u00c9vora, Lidl, Publiplan\u00edcie, Leroy Merlin, Decathlon \u00c9vora, Capote&#8217;s Emotion Ld\u00aa.<\/p>\n<p>Para o vice-presidente da autarquia eborense e vereador com o pelouro do desporto, Alexandre Varela \u201cparticipar na \u201cMeia de \u00c9vora\u201d permite que os corredores descubram esta cidade, Capital Europeia da Cultura em 2027, de uma maneira \u00fanica, em que os primeiros quil\u00f3metros desenrolam-se bem no cora\u00e7\u00e3o do nosso Centro Hist\u00f3rico classificado pela UNESCO. \u00c9 uma forma diferente de percorrer as ruas hist\u00f3ricas, passar por monumentos e desfrutar da beleza da cidade\u201d.<\/p>\n<p>A \u201cMeia de \u00c9vora\u201d representa, assim, uma converg\u00eancia \u00fanica entre desporto, cultura e sustentabilidade, consolidando \u00c9vora como um destino n\u00e3o apenas hist\u00f3rico, mas tamb\u00e9m din\u00e2mico e comprometido com o bem-estar da comunidade e do meio ambiente<\/p>\n","protected":false},"excerpt":{"rendered":"<p>\u00c9vora prepara-se para viver um fim-de-semana desportivo memor\u00e1vel nos dias 25 e 26 de novembro por ocasi\u00e3o da meia maratona da cidade que, uma vez mais, ir\u00e1 assinalar a classifica\u00e7\u00e3o pela UNESCO do Centro Hist\u00f3rico como Patrim\u00f3nio Mundial. Com um n\u00famero recorde de inscritos, 4000 participantes ir\u00e3o dar vida \u00e0s diferentes vertentes da competi\u00e7\u00e3o, dividindo-se [&hellip;]<\/p>\n","protected":false},"author":45,"featured_media":55492,"comment_status":"closed","ping_status":"closed","sticky":false,"template":"","format":"standard","meta":{"_acf_changed":false,"footnotes":""},"categories":[2110],"tags":[],"class_list":["post-55490","post","type-post","status-publish","format-standard","has-post-thumbnail","hentry","category-noticias"],"acf":{"imagens":"","destaq_image":55491,"titulo_docs_seccao":"","documentos":""},"_links":{"self":[{"href":"https:\/\/www.cm-evora.pt\/en\/wp-json\/wp\/v2\/posts\/55490","targetHints":{"allow":["GET"]}}],"collection":[{"href":"https:\/\/www.cm-evora.pt\/en\/wp-json\/wp\/v2\/posts"}],"about":[{"href":"https:\/\/www.cm-evora.pt\/en\/wp-json\/wp\/v2\/types\/post"}],"author":[{"embeddable":true,"href":"https:\/\/www.cm-evora.pt\/en\/wp-json\/wp\/v2\/users\/45"}],"replies":[{"embeddable":true,"href":"https:\/\/www.cm-evora.pt\/en\/wp-json\/wp\/v2\/comments?post=55490"}],"version-history":[{"count":1,"href":"https:\/\/www.cm-evora.pt\/en\/wp-json\/wp\/v2\/posts\/55490\/revisions"}],"predecessor-version":[{"id":55493,"href":"https:\/\/www.cm-evora.pt\/en\/wp-json\/wp\/v2\/posts\/55490\/revisions\/55493"}],"wp:featuredmedia":[{"embeddable":true,"href":"https:\/\/www.cm-evora.pt\/en\/wp-json\/wp\/v2\/media\/55492"}],"wp:attachment":[{"href":"https:\/\/www.cm-evora.pt\/en\/wp-json\/wp\/v2\/media?parent=55490"}],"wp:term":[{"taxonomy":"category","embeddable":true,"href":"https:\/\/www.cm-evora.pt\/en\/wp-json\/wp\/v2\/categories?post=55490"},{"taxonomy":"post_tag","embeddable":true,"href":"https:\/\/www.cm-evora.pt\/en\/wp-json\/wp\/v2\/tags?post=55490"}],"curies":[{"name":"wp","href":"https:\/\/api.w.org\/{rel}","templated":true}]}}