{"id":56060,"date":"2023-12-07T14:55:45","date_gmt":"2023-12-07T14:55:45","guid":{"rendered":"https:\/\/www.cm-evora.pt\/?p=56060"},"modified":"2023-12-07T14:55:45","modified_gmt":"2023-12-07T14:55:45","slug":"monte-alentejano-recebe-obras-de-conservacao-e-beneficiacao","status":"publish","type":"post","link":"https:\/\/www.cm-evora.pt\/en\/monte-alentejano-recebe-obras-de-conservacao-e-beneficiacao\/","title":{"rendered":"MONTE ALENTEJANO RECEBE OBRAS DE CONSERVA\u00c7\u00c3O E BENEFICIA\u00c7\u00c3O"},"content":{"rendered":"<p>O Presidente da C\u00e2mara Municipal de \u00c9vora, Carlos Pinto de S\u00e1, deslocou-se ao Monte Alentejano no passado dia 07\/12\/2023 para se inteirar sobre o desenvolvimento da obra de conserva\u00e7\u00e3o e beneficia\u00e7\u00e3o que tem vindo a decorrer neste equipamento municipal.<\/p>\n<p>A empreitada, cujo valor total ronda os 60.000,00 \u20ac, inclui a instala\u00e7\u00e3o de um piso novo, instala\u00e7\u00f5es sanit\u00e1rias modernas e adaptadas, renova\u00e7\u00e3o do espa\u00e7o da cozinha, para al\u00e9m de outros trabalhos de conserva\u00e7\u00e3o, entre os quais se inclui a cobertura. No espa\u00e7o envolvente, ap\u00f3s o necess\u00e1rio nivelamento, est\u00e1 a ser constru\u00eddo um murete de prote\u00e7\u00e3o contra alagamentos provenientes de enxurradas.<\/p>\n\n\t\t<style type=\"text\/css\">\n\t\t\t#gallery-1 {\n\t\t\t\tmargin: auto;\n\t\t\t}\n\t\t\t#gallery-1 .gallery-item {\n\t\t\t\tfloat: left;\n\t\t\t\tmargin-top: 10px;\n\t\t\t\ttext-align: center;\n\t\t\t\twidth: 33%;\n\t\t\t}\n\t\t\t#gallery-1 img {\n\t\t\t\tborder: 2px solid #cfcfcf;\n\t\t\t}\n\t\t\t#gallery-1 .gallery-caption {\n\t\t\t\tmargin-left: 0;\n\t\t\t}\n\t\t\t\/* see gallery_shortcode() in wp-includes\/media.php *\/\n\t\t<\/style>\n\t\t<div id='gallery-1' class='gallery galleryid-56060 gallery-columns-3 gallery-size-full'><dl class='gallery-item'>\n\t\t\t<dt class='gallery-icon landscape'>\n\t\t\t\t<a href='https:\/\/www.cm-evora.pt\/wp-content\/uploads\/2023\/12\/2023_12_07-HO-Visita-Presid-Obras-Monte-Alentejano.jpg'><img loading=\"lazy\" decoding=\"async\" width=\"1920\" height=\"1280\" src=\"https:\/\/www.cm-evora.pt\/wp-content\/uploads\/2023\/12\/2023_12_07-HO-Visita-Presid-Obras-Monte-Alentejano.jpg\" class=\"attachment-full size-full\" alt=\"\" srcset=\"https:\/\/www.cm-evora.pt\/wp-content\/uploads\/2023\/12\/2023_12_07-HO-Visita-Presid-Obras-Monte-Alentejano.jpg 1920w, https:\/\/www.cm-evora.pt\/wp-content\/uploads\/2023\/12\/2023_12_07-HO-Visita-Presid-Obras-Monte-Alentejano-300x200.jpg 300w, https:\/\/www.cm-evora.pt\/wp-content\/uploads\/2023\/12\/2023_12_07-HO-Visita-Presid-Obras-Monte-Alentejano-1024x683.jpg 1024w, https:\/\/www.cm-evora.pt\/wp-content\/uploads\/2023\/12\/2023_12_07-HO-Visita-Presid-Obras-Monte-Alentejano-768x512.jpg 768w, https:\/\/www.cm-evora.pt\/wp-content\/uploads\/2023\/12\/2023_12_07-HO-Visita-Presid-Obras-Monte-Alentejano-1536x1024.jpg 1536w, https:\/\/www.cm-evora.pt\/wp-content\/uploads\/2023\/12\/2023_12_07-HO-Visita-Presid-Obras-Monte-Alentejano-1320x880.jpg 1320w\" sizes=\"auto, (max-width: 1920px) 100vw, 1920px\" \/><\/a>\n\t\t\t<\/dt><\/dl><dl class='gallery-item'>\n\t\t\t<dt class='gallery-icon landscape'>\n\t\t\t\t<a href='https:\/\/www.cm-evora.pt\/wp-content\/uploads\/2023\/12\/2023_12_07-HO-Visita-Presid-Obras-Monte-Alentejano-1.jpg'><img loading=\"lazy\" decoding=\"async\" width=\"1920\" height=\"1280\" src=\"https:\/\/www.cm-evora.pt\/wp-content\/uploads\/2023\/12\/2023_12_07-HO-Visita-Presid-Obras-Monte-Alentejano-1.jpg\" class=\"attachment-full size-full\" alt=\"\" srcset=\"https:\/\/www.cm-evora.pt\/wp-content\/uploads\/2023\/12\/2023_12_07-HO-Visita-Presid-Obras-Monte-Alentejano-1.jpg 1920w, https:\/\/www.cm-evora.pt\/wp-content\/uploads\/2023\/12\/2023_12_07-HO-Visita-Presid-Obras-Monte-Alentejano-1-300x200.jpg 300w, https:\/\/www.cm-evora.pt\/wp-content\/uploads\/2023\/12\/2023_12_07-HO-Visita-Presid-Obras-Monte-Alentejano-1-1024x683.jpg 1024w, https:\/\/www.cm-evora.pt\/wp-content\/uploads\/2023\/12\/2023_12_07-HO-Visita-Presid-Obras-Monte-Alentejano-1-768x512.jpg 768w, https:\/\/www.cm-evora.pt\/wp-content\/uploads\/2023\/12\/2023_12_07-HO-Visita-Presid-Obras-Monte-Alentejano-1-1536x1024.jpg 1536w, https:\/\/www.cm-evora.pt\/wp-content\/uploads\/2023\/12\/2023_12_07-HO-Visita-Presid-Obras-Monte-Alentejano-1-1320x880.jpg 1320w\" sizes=\"auto, (max-width: 1920px) 100vw, 1920px\" \/><\/a>\n\t\t\t<\/dt><\/dl><dl class='gallery-item'>\n\t\t\t<dt class='gallery-icon landscape'>\n\t\t\t\t<a href='https:\/\/www.cm-evora.pt\/wp-content\/uploads\/2023\/12\/2023_12_07-HO-Visita-Presid-Obras-Monte-Alentejano-2.jpg'><img loading=\"lazy\" decoding=\"async\" width=\"1920\" height=\"1280\" src=\"https:\/\/www.cm-evora.pt\/wp-content\/uploads\/2023\/12\/2023_12_07-HO-Visita-Presid-Obras-Monte-Alentejano-2.jpg\" class=\"attachment-full size-full\" alt=\"\" srcset=\"https:\/\/www.cm-evora.pt\/wp-content\/uploads\/2023\/12\/2023_12_07-HO-Visita-Presid-Obras-Monte-Alentejano-2.jpg 1920w, https:\/\/www.cm-evora.pt\/wp-content\/uploads\/2023\/12\/2023_12_07-HO-Visita-Presid-Obras-Monte-Alentejano-2-300x200.jpg 300w, https:\/\/www.cm-evora.pt\/wp-content\/uploads\/2023\/12\/2023_12_07-HO-Visita-Presid-Obras-Monte-Alentejano-2-1024x683.jpg 1024w, https:\/\/www.cm-evora.pt\/wp-content\/uploads\/2023\/12\/2023_12_07-HO-Visita-Presid-Obras-Monte-Alentejano-2-768x512.jpg 768w, https:\/\/www.cm-evora.pt\/wp-content\/uploads\/2023\/12\/2023_12_07-HO-Visita-Presid-Obras-Monte-Alentejano-2-1536x1024.jpg 1536w, https:\/\/www.cm-evora.pt\/wp-content\/uploads\/2023\/12\/2023_12_07-HO-Visita-Presid-Obras-Monte-Alentejano-2-1320x880.jpg 1320w\" sizes=\"auto, (max-width: 1920px) 100vw, 1920px\" \/><\/a>\n\t\t\t<\/dt><\/dl><br style=\"clear: both\" \/><dl class='gallery-item'>\n\t\t\t<dt class='gallery-icon landscape'>\n\t\t\t\t<a href='https:\/\/www.cm-evora.pt\/wp-content\/uploads\/2023\/12\/2023_12_07-HO-Visita-Presid-Obras-Monte-Alentejano-3.jpg'><img loading=\"lazy\" decoding=\"async\" width=\"1920\" height=\"1280\" src=\"https:\/\/www.cm-evora.pt\/wp-content\/uploads\/2023\/12\/2023_12_07-HO-Visita-Presid-Obras-Monte-Alentejano-3.jpg\" class=\"attachment-full size-full\" alt=\"\" srcset=\"https:\/\/www.cm-evora.pt\/wp-content\/uploads\/2023\/12\/2023_12_07-HO-Visita-Presid-Obras-Monte-Alentejano-3.jpg 1920w, https:\/\/www.cm-evora.pt\/wp-content\/uploads\/2023\/12\/2023_12_07-HO-Visita-Presid-Obras-Monte-Alentejano-3-300x200.jpg 300w, https:\/\/www.cm-evora.pt\/wp-content\/uploads\/2023\/12\/2023_12_07-HO-Visita-Presid-Obras-Monte-Alentejano-3-1024x683.jpg 1024w, https:\/\/www.cm-evora.pt\/wp-content\/uploads\/2023\/12\/2023_12_07-HO-Visita-Presid-Obras-Monte-Alentejano-3-768x512.jpg 768w, https:\/\/www.cm-evora.pt\/wp-content\/uploads\/2023\/12\/2023_12_07-HO-Visita-Presid-Obras-Monte-Alentejano-3-1536x1024.jpg 1536w, https:\/\/www.cm-evora.pt\/wp-content\/uploads\/2023\/12\/2023_12_07-HO-Visita-Presid-Obras-Monte-Alentejano-3-1320x880.jpg 1320w\" sizes=\"auto, (max-width: 1920px) 100vw, 1920px\" \/><\/a>\n\t\t\t<\/dt><\/dl><dl class='gallery-item'>\n\t\t\t<dt class='gallery-icon landscape'>\n\t\t\t\t<a href='https:\/\/www.cm-evora.pt\/wp-content\/uploads\/2023\/12\/2023_12_07-HO-Visita-Presid-Obras-Monte-Alentejano-4.jpg'><img loading=\"lazy\" decoding=\"async\" width=\"1920\" height=\"1280\" src=\"https:\/\/www.cm-evora.pt\/wp-content\/uploads\/2023\/12\/2023_12_07-HO-Visita-Presid-Obras-Monte-Alentejano-4.jpg\" class=\"attachment-full size-full\" alt=\"\" srcset=\"https:\/\/www.cm-evora.pt\/wp-content\/uploads\/2023\/12\/2023_12_07-HO-Visita-Presid-Obras-Monte-Alentejano-4.jpg 1920w, https:\/\/www.cm-evora.pt\/wp-content\/uploads\/2023\/12\/2023_12_07-HO-Visita-Presid-Obras-Monte-Alentejano-4-300x200.jpg 300w, https:\/\/www.cm-evora.pt\/wp-content\/uploads\/2023\/12\/2023_12_07-HO-Visita-Presid-Obras-Monte-Alentejano-4-1024x683.jpg 1024w, https:\/\/www.cm-evora.pt\/wp-content\/uploads\/2023\/12\/2023_12_07-HO-Visita-Presid-Obras-Monte-Alentejano-4-768x512.jpg 768w, https:\/\/www.cm-evora.pt\/wp-content\/uploads\/2023\/12\/2023_12_07-HO-Visita-Presid-Obras-Monte-Alentejano-4-1536x1024.jpg 1536w, https:\/\/www.cm-evora.pt\/wp-content\/uploads\/2023\/12\/2023_12_07-HO-Visita-Presid-Obras-Monte-Alentejano-4-1320x880.jpg 1320w\" sizes=\"auto, (max-width: 1920px) 100vw, 1920px\" \/><\/a>\n\t\t\t<\/dt><\/dl><dl class='gallery-item'>\n\t\t\t<dt class='gallery-icon landscape'>\n\t\t\t\t<a href='https:\/\/www.cm-evora.pt\/wp-content\/uploads\/2023\/12\/2023_12_07-HO-Visita-Presid-Obras-Monte-Alentejano-5.jpg'><img loading=\"lazy\" decoding=\"async\" width=\"1920\" height=\"1280\" src=\"https:\/\/www.cm-evora.pt\/wp-content\/uploads\/2023\/12\/2023_12_07-HO-Visita-Presid-Obras-Monte-Alentejano-5.jpg\" class=\"attachment-full size-full\" alt=\"\" srcset=\"https:\/\/www.cm-evora.pt\/wp-content\/uploads\/2023\/12\/2023_12_07-HO-Visita-Presid-Obras-Monte-Alentejano-5.jpg 1920w, https:\/\/www.cm-evora.pt\/wp-content\/uploads\/2023\/12\/2023_12_07-HO-Visita-Presid-Obras-Monte-Alentejano-5-300x200.jpg 300w, https:\/\/www.cm-evora.pt\/wp-content\/uploads\/2023\/12\/2023_12_07-HO-Visita-Presid-Obras-Monte-Alentejano-5-1024x683.jpg 1024w, https:\/\/www.cm-evora.pt\/wp-content\/uploads\/2023\/12\/2023_12_07-HO-Visita-Presid-Obras-Monte-Alentejano-5-768x512.jpg 768w, https:\/\/www.cm-evora.pt\/wp-content\/uploads\/2023\/12\/2023_12_07-HO-Visita-Presid-Obras-Monte-Alentejano-5-1536x1024.jpg 1536w, https:\/\/www.cm-evora.pt\/wp-content\/uploads\/2023\/12\/2023_12_07-HO-Visita-Presid-Obras-Monte-Alentejano-5-1320x880.jpg 1320w\" sizes=\"auto, (max-width: 1920px) 100vw, 1920px\" \/><\/a>\n\t\t\t<\/dt><\/dl><br style=\"clear: both\" \/><dl class='gallery-item'>\n\t\t\t<dt class='gallery-icon landscape'>\n\t\t\t\t<a href='https:\/\/www.cm-evora.pt\/wp-content\/uploads\/2023\/12\/2023_12_07-HO-Visita-Presid-Obras-Monte-Alentejano-6.jpg'><img loading=\"lazy\" decoding=\"async\" width=\"1920\" height=\"1280\" src=\"https:\/\/www.cm-evora.pt\/wp-content\/uploads\/2023\/12\/2023_12_07-HO-Visita-Presid-Obras-Monte-Alentejano-6.jpg\" class=\"attachment-full size-full\" alt=\"\" srcset=\"https:\/\/www.cm-evora.pt\/wp-content\/uploads\/2023\/12\/2023_12_07-HO-Visita-Presid-Obras-Monte-Alentejano-6.jpg 1920w, https:\/\/www.cm-evora.pt\/wp-content\/uploads\/2023\/12\/2023_12_07-HO-Visita-Presid-Obras-Monte-Alentejano-6-300x200.jpg 300w, https:\/\/www.cm-evora.pt\/wp-content\/uploads\/2023\/12\/2023_12_07-HO-Visita-Presid-Obras-Monte-Alentejano-6-1024x683.jpg 1024w, https:\/\/www.cm-evora.pt\/wp-content\/uploads\/2023\/12\/2023_12_07-HO-Visita-Presid-Obras-Monte-Alentejano-6-768x512.jpg 768w, https:\/\/www.cm-evora.pt\/wp-content\/uploads\/2023\/12\/2023_12_07-HO-Visita-Presid-Obras-Monte-Alentejano-6-1536x1024.jpg 1536w, https:\/\/www.cm-evora.pt\/wp-content\/uploads\/2023\/12\/2023_12_07-HO-Visita-Presid-Obras-Monte-Alentejano-6-1320x880.jpg 1320w\" sizes=\"auto, (max-width: 1920px) 100vw, 1920px\" \/><\/a>\n\t\t\t<\/dt><\/dl><dl class='gallery-item'>\n\t\t\t<dt class='gallery-icon landscape'>\n\t\t\t\t<a href='https:\/\/www.cm-evora.pt\/wp-content\/uploads\/2023\/12\/2023_12_07-HO-Visita-Presid-Obras-Monte-Alentejano-7.jpg'><img loading=\"lazy\" decoding=\"async\" width=\"1920\" height=\"1280\" src=\"https:\/\/www.cm-evora.pt\/wp-content\/uploads\/2023\/12\/2023_12_07-HO-Visita-Presid-Obras-Monte-Alentejano-7.jpg\" class=\"attachment-full size-full\" alt=\"\" srcset=\"https:\/\/www.cm-evora.pt\/wp-content\/uploads\/2023\/12\/2023_12_07-HO-Visita-Presid-Obras-Monte-Alentejano-7.jpg 1920w, https:\/\/www.cm-evora.pt\/wp-content\/uploads\/2023\/12\/2023_12_07-HO-Visita-Presid-Obras-Monte-Alentejano-7-300x200.jpg 300w, https:\/\/www.cm-evora.pt\/wp-content\/uploads\/2023\/12\/2023_12_07-HO-Visita-Presid-Obras-Monte-Alentejano-7-1024x683.jpg 1024w, https:\/\/www.cm-evora.pt\/wp-content\/uploads\/2023\/12\/2023_12_07-HO-Visita-Presid-Obras-Monte-Alentejano-7-768x512.jpg 768w, https:\/\/www.cm-evora.pt\/wp-content\/uploads\/2023\/12\/2023_12_07-HO-Visita-Presid-Obras-Monte-Alentejano-7-1536x1024.jpg 1536w, https:\/\/www.cm-evora.pt\/wp-content\/uploads\/2023\/12\/2023_12_07-HO-Visita-Presid-Obras-Monte-Alentejano-7-1320x880.jpg 1320w\" sizes=\"auto, (max-width: 1920px) 100vw, 1920px\" \/><\/a>\n\t\t\t<\/dt><\/dl>\n\t\t\t<br style='clear: both' \/>\n\t\t<\/div>\n\n","protected":false},"excerpt":{"rendered":"<p>O Presidente da C\u00e2mara Municipal de \u00c9vora, Carlos Pinto de S\u00e1, deslocou-se ao Monte Alentejano no passado dia 07\/12\/2023 para se inteirar sobre o desenvolvimento da obra de conserva\u00e7\u00e3o e beneficia\u00e7\u00e3o que tem vindo a decorrer neste equipamento municipal. A empreitada, cujo valor total ronda os 60.000,00 \u20ac, inclui a instala\u00e7\u00e3o de um piso novo, [&hellip;]<\/p>\n","protected":false},"author":46,"featured_media":56061,"comment_status":"closed","ping_status":"closed","sticky":false,"template":"","format":"standard","meta":{"_acf_changed":false,"footnotes":""},"categories":[2110],"tags":[],"class_list":["post-56060","post","type-post","status-publish","format-standard","has-post-thumbnail","hentry","category-noticias"],"acf":{"imagens":"","destaq_image":56061,"titulo_docs_seccao":"","documentos":""},"_links":{"self":[{"href":"https:\/\/www.cm-evora.pt\/en\/wp-json\/wp\/v2\/posts\/56060","targetHints":{"allow":["GET"]}}],"collection":[{"href":"https:\/\/www.cm-evora.pt\/en\/wp-json\/wp\/v2\/posts"}],"about":[{"href":"https:\/\/www.cm-evora.pt\/en\/wp-json\/wp\/v2\/types\/post"}],"author":[{"embeddable":true,"href":"https:\/\/www.cm-evora.pt\/en\/wp-json\/wp\/v2\/users\/46"}],"replies":[{"embeddable":true,"href":"https:\/\/www.cm-evora.pt\/en\/wp-json\/wp\/v2\/comments?post=56060"}],"version-history":[{"count":1,"href":"https:\/\/www.cm-evora.pt\/en\/wp-json\/wp\/v2\/posts\/56060\/revisions"}],"predecessor-version":[{"id":56069,"href":"https:\/\/www.cm-evora.pt\/en\/wp-json\/wp\/v2\/posts\/56060\/revisions\/56069"}],"wp:featuredmedia":[{"embeddable":true,"href":"https:\/\/www.cm-evora.pt\/en\/wp-json\/wp\/v2\/media\/56061"}],"wp:attachment":[{"href":"https:\/\/www.cm-evora.pt\/en\/wp-json\/wp\/v2\/media?parent=56060"}],"wp:term":[{"taxonomy":"category","embeddable":true,"href":"https:\/\/www.cm-evora.pt\/en\/wp-json\/wp\/v2\/categories?post=56060"},{"taxonomy":"post_tag","embeddable":true,"href":"https:\/\/www.cm-evora.pt\/en\/wp-json\/wp\/v2\/tags?post=56060"}],"curies":[{"name":"wp","href":"https:\/\/api.w.org\/{rel}","templated":true}]}}