{"id":56865,"date":"2024-01-15T14:28:50","date_gmt":"2024-01-15T14:28:50","guid":{"rendered":"https:\/\/www.cm-evora.pt\/?p=56865"},"modified":"2024-01-15T14:28:50","modified_gmt":"2024-01-15T14:28:50","slug":"corredor-internacional-sul-sines-caia-a-nova-linha-ferroviaria-de-alta-velocidade-a-passar-por-evora-devera-incluir-transporte-de-passageiros","status":"publish","type":"post","link":"https:\/\/www.cm-evora.pt\/en\/corredor-internacional-sul-sines-caia-a-nova-linha-ferroviaria-de-alta-velocidade-a-passar-por-evora-devera-incluir-transporte-de-passageiros\/","title":{"rendered":"\u201cCorredor Internacional Sul, Sines \u2013 Caia\u201d A NOVA LINHA FERROVI\u00c1RIA DE ALTA VELOCIDADE A PASSAR POR \u00c9VORA DEVER\u00c1 INCLUIR TRANSPORTE DE PASSAGEIROS"},"content":{"rendered":"<p>O Presidente da C\u00e2mara Municipal de \u00c9vora, Carlos Pinto de S\u00e1, integrou na passada sexta-feira, 12\/01\/2024, a visita \u00e0 obra de constru\u00e7\u00e3o da nova Linha Ferrovi\u00e1ria de \u00c9vora, tro\u00e7o \u00c9vora Norte \u2014 Freixo, que faz parte do Corredor Internacional Sul que vai ligar Sines \u00e0 fronteira do Caia, e que pretende reduzir os tempos de percurso e custos de transporte, aumentar a capacidade e circula\u00e7\u00e3o de comboios de mercadorias e melhorar as liga\u00e7\u00f5es internacionais para a interoperabilidade europeia.<\/p>\n<p>Durante a visita, que decorreu a bordo de um ve\u00edculo de inspe\u00e7\u00e3o da Infraestruturas de Portugal (IP) ao longo do tro\u00e7o \u00c9vora \u2013 Freixo, os t\u00e9cnicos respons\u00e1veis pela obra explicaram na presen\u00e7a do Secret\u00e1rio de Estado das Infraestruturas, Frederico Francisco, do Presidente da IP, Miguel Cruz, autarcas da regi\u00e3o e jornalistas, quais as carater\u00edsticas mais importantes desta nova linha ferrovi\u00e1ria, a primeira considerada de alta velocidade a ser constru\u00edda em Portugal, e cujo valor de investimento ronda os 500 milh\u00f5es de euros.<\/p>\n<p>Na ocasi\u00e3o, o Presidente da C\u00e2mara Municipal de \u00c9vora fez quest\u00e3o de salientar a import\u00e2ncia da possibilidade de inclus\u00e3o do transporte de passageiros, tendo obtido da parte do Secret\u00e1rio de Estado a garantia de que esta linha foi concebida tamb\u00e9m com esse objetivo. Frederico Francisco, respondeu a Carlos Pinto de S\u00e1 afirmando que apesar de n\u00e3o estarem planeadas esta\u00e7\u00f5es espec\u00edficas para passageiros, o projeto foi concebido tamb\u00e9m com esse objetivo para todo o trajeto, e que este dever\u00e1 ter paragens em \u00c9vora e Elvas. Quanto a prazos, o Secret\u00e1rio de Estado admitiu algum atraso, mas adiantou que a conclus\u00e3o dever\u00e1 acontecer no in\u00edcio de 2025.<\/p>\n\n\t\t<style type=\"text\/css\">\n\t\t\t#gallery-1 {\n\t\t\t\tmargin: auto;\n\t\t\t}\n\t\t\t#gallery-1 .gallery-item {\n\t\t\t\tfloat: left;\n\t\t\t\tmargin-top: 10px;\n\t\t\t\ttext-align: center;\n\t\t\t\twidth: 33%;\n\t\t\t}\n\t\t\t#gallery-1 img {\n\t\t\t\tborder: 2px solid #cfcfcf;\n\t\t\t}\n\t\t\t#gallery-1 .gallery-caption {\n\t\t\t\tmargin-left: 0;\n\t\t\t}\n\t\t\t\/* see gallery_shortcode() in wp-includes\/media.php *\/\n\t\t<\/style>\n\t\t<div id='gallery-1' class='gallery galleryid-56865 gallery-columns-3 gallery-size-full'><dl class='gallery-item'>\n\t\t\t<dt class='gallery-icon landscape'>\n\t\t\t\t<a href='https:\/\/www.cm-evora.pt\/wp-content\/uploads\/2024\/01\/2024_01_12-HO-1-Viagem-CP-Troco-Evora-9.jpg'><img loading=\"lazy\" decoding=\"async\" width=\"1920\" height=\"1280\" src=\"https:\/\/www.cm-evora.pt\/wp-content\/uploads\/2024\/01\/2024_01_12-HO-1-Viagem-CP-Troco-Evora-9.jpg\" class=\"attachment-full size-full\" alt=\"\" srcset=\"https:\/\/www.cm-evora.pt\/wp-content\/uploads\/2024\/01\/2024_01_12-HO-1-Viagem-CP-Troco-Evora-9.jpg 1920w, https:\/\/www.cm-evora.pt\/wp-content\/uploads\/2024\/01\/2024_01_12-HO-1-Viagem-CP-Troco-Evora-9-300x200.jpg 300w, https:\/\/www.cm-evora.pt\/wp-content\/uploads\/2024\/01\/2024_01_12-HO-1-Viagem-CP-Troco-Evora-9-1024x683.jpg 1024w, https:\/\/www.cm-evora.pt\/wp-content\/uploads\/2024\/01\/2024_01_12-HO-1-Viagem-CP-Troco-Evora-9-768x512.jpg 768w, https:\/\/www.cm-evora.pt\/wp-content\/uploads\/2024\/01\/2024_01_12-HO-1-Viagem-CP-Troco-Evora-9-1536x1024.jpg 1536w, https:\/\/www.cm-evora.pt\/wp-content\/uploads\/2024\/01\/2024_01_12-HO-1-Viagem-CP-Troco-Evora-9-1320x880.jpg 1320w\" sizes=\"auto, (max-width: 1920px) 100vw, 1920px\" \/><\/a>\n\t\t\t<\/dt><\/dl><dl class='gallery-item'>\n\t\t\t<dt class='gallery-icon landscape'>\n\t\t\t\t<a href='https:\/\/www.cm-evora.pt\/wp-content\/uploads\/2024\/01\/2024_01_12-HO-1-Viagem-CP-Troco-Evora-8.jpg'><img loading=\"lazy\" decoding=\"async\" width=\"1920\" height=\"1280\" src=\"https:\/\/www.cm-evora.pt\/wp-content\/uploads\/2024\/01\/2024_01_12-HO-1-Viagem-CP-Troco-Evora-8.jpg\" class=\"attachment-full size-full\" alt=\"\" srcset=\"https:\/\/www.cm-evora.pt\/wp-content\/uploads\/2024\/01\/2024_01_12-HO-1-Viagem-CP-Troco-Evora-8.jpg 1920w, https:\/\/www.cm-evora.pt\/wp-content\/uploads\/2024\/01\/2024_01_12-HO-1-Viagem-CP-Troco-Evora-8-300x200.jpg 300w, https:\/\/www.cm-evora.pt\/wp-content\/uploads\/2024\/01\/2024_01_12-HO-1-Viagem-CP-Troco-Evora-8-1024x683.jpg 1024w, https:\/\/www.cm-evora.pt\/wp-content\/uploads\/2024\/01\/2024_01_12-HO-1-Viagem-CP-Troco-Evora-8-768x512.jpg 768w, https:\/\/www.cm-evora.pt\/wp-content\/uploads\/2024\/01\/2024_01_12-HO-1-Viagem-CP-Troco-Evora-8-1536x1024.jpg 1536w, https:\/\/www.cm-evora.pt\/wp-content\/uploads\/2024\/01\/2024_01_12-HO-1-Viagem-CP-Troco-Evora-8-1320x880.jpg 1320w\" sizes=\"auto, (max-width: 1920px) 100vw, 1920px\" \/><\/a>\n\t\t\t<\/dt><\/dl><dl class='gallery-item'>\n\t\t\t<dt class='gallery-icon landscape'>\n\t\t\t\t<a href='https:\/\/www.cm-evora.pt\/wp-content\/uploads\/2024\/01\/2024_01_12-HO-1-Viagem-CP-Troco-Evora-1.jpg'><img loading=\"lazy\" decoding=\"async\" width=\"1920\" height=\"1280\" src=\"https:\/\/www.cm-evora.pt\/wp-content\/uploads\/2024\/01\/2024_01_12-HO-1-Viagem-CP-Troco-Evora-1.jpg\" class=\"attachment-full size-full\" alt=\"\" srcset=\"https:\/\/www.cm-evora.pt\/wp-content\/uploads\/2024\/01\/2024_01_12-HO-1-Viagem-CP-Troco-Evora-1.jpg 1920w, https:\/\/www.cm-evora.pt\/wp-content\/uploads\/2024\/01\/2024_01_12-HO-1-Viagem-CP-Troco-Evora-1-300x200.jpg 300w, https:\/\/www.cm-evora.pt\/wp-content\/uploads\/2024\/01\/2024_01_12-HO-1-Viagem-CP-Troco-Evora-1-1024x683.jpg 1024w, https:\/\/www.cm-evora.pt\/wp-content\/uploads\/2024\/01\/2024_01_12-HO-1-Viagem-CP-Troco-Evora-1-768x512.jpg 768w, https:\/\/www.cm-evora.pt\/wp-content\/uploads\/2024\/01\/2024_01_12-HO-1-Viagem-CP-Troco-Evora-1-1536x1024.jpg 1536w, https:\/\/www.cm-evora.pt\/wp-content\/uploads\/2024\/01\/2024_01_12-HO-1-Viagem-CP-Troco-Evora-1-1320x880.jpg 1320w\" sizes=\"auto, (max-width: 1920px) 100vw, 1920px\" \/><\/a>\n\t\t\t<\/dt><\/dl><br style=\"clear: both\" \/><dl class='gallery-item'>\n\t\t\t<dt class='gallery-icon landscape'>\n\t\t\t\t<a href='https:\/\/www.cm-evora.pt\/wp-content\/uploads\/2024\/01\/2024_01_12-HO-1-Viagem-CP-Troco-Evora-2.jpg'><img loading=\"lazy\" decoding=\"async\" width=\"1920\" height=\"1236\" src=\"https:\/\/www.cm-evora.pt\/wp-content\/uploads\/2024\/01\/2024_01_12-HO-1-Viagem-CP-Troco-Evora-2.jpg\" class=\"attachment-full size-full\" alt=\"\" srcset=\"https:\/\/www.cm-evora.pt\/wp-content\/uploads\/2024\/01\/2024_01_12-HO-1-Viagem-CP-Troco-Evora-2.jpg 1920w, https:\/\/www.cm-evora.pt\/wp-content\/uploads\/2024\/01\/2024_01_12-HO-1-Viagem-CP-Troco-Evora-2-300x193.jpg 300w, https:\/\/www.cm-evora.pt\/wp-content\/uploads\/2024\/01\/2024_01_12-HO-1-Viagem-CP-Troco-Evora-2-1024x659.jpg 1024w, https:\/\/www.cm-evora.pt\/wp-content\/uploads\/2024\/01\/2024_01_12-HO-1-Viagem-CP-Troco-Evora-2-768x494.jpg 768w, https:\/\/www.cm-evora.pt\/wp-content\/uploads\/2024\/01\/2024_01_12-HO-1-Viagem-CP-Troco-Evora-2-1536x989.jpg 1536w, https:\/\/www.cm-evora.pt\/wp-content\/uploads\/2024\/01\/2024_01_12-HO-1-Viagem-CP-Troco-Evora-2-1320x850.jpg 1320w\" sizes=\"auto, (max-width: 1920px) 100vw, 1920px\" \/><\/a>\n\t\t\t<\/dt><\/dl><dl class='gallery-item'>\n\t\t\t<dt class='gallery-icon landscape'>\n\t\t\t\t<a href='https:\/\/www.cm-evora.pt\/wp-content\/uploads\/2024\/01\/2024_01_12-HO-1-Viagem-CP-Troco-Evora-3.jpg'><img loading=\"lazy\" decoding=\"async\" width=\"1920\" height=\"1280\" src=\"https:\/\/www.cm-evora.pt\/wp-content\/uploads\/2024\/01\/2024_01_12-HO-1-Viagem-CP-Troco-Evora-3.jpg\" class=\"attachment-full size-full\" alt=\"\" srcset=\"https:\/\/www.cm-evora.pt\/wp-content\/uploads\/2024\/01\/2024_01_12-HO-1-Viagem-CP-Troco-Evora-3.jpg 1920w, https:\/\/www.cm-evora.pt\/wp-content\/uploads\/2024\/01\/2024_01_12-HO-1-Viagem-CP-Troco-Evora-3-300x200.jpg 300w, https:\/\/www.cm-evora.pt\/wp-content\/uploads\/2024\/01\/2024_01_12-HO-1-Viagem-CP-Troco-Evora-3-1024x683.jpg 1024w, https:\/\/www.cm-evora.pt\/wp-content\/uploads\/2024\/01\/2024_01_12-HO-1-Viagem-CP-Troco-Evora-3-768x512.jpg 768w, https:\/\/www.cm-evora.pt\/wp-content\/uploads\/2024\/01\/2024_01_12-HO-1-Viagem-CP-Troco-Evora-3-1536x1024.jpg 1536w, https:\/\/www.cm-evora.pt\/wp-content\/uploads\/2024\/01\/2024_01_12-HO-1-Viagem-CP-Troco-Evora-3-1320x880.jpg 1320w\" sizes=\"auto, (max-width: 1920px) 100vw, 1920px\" \/><\/a>\n\t\t\t<\/dt><\/dl><dl class='gallery-item'>\n\t\t\t<dt class='gallery-icon landscape'>\n\t\t\t\t<a href='https:\/\/www.cm-evora.pt\/wp-content\/uploads\/2024\/01\/2024_01_12-HO-1-Viagem-CP-Troco-Evora-4.jpg'><img loading=\"lazy\" decoding=\"async\" width=\"1920\" height=\"1280\" src=\"https:\/\/www.cm-evora.pt\/wp-content\/uploads\/2024\/01\/2024_01_12-HO-1-Viagem-CP-Troco-Evora-4.jpg\" class=\"attachment-full size-full\" alt=\"\" srcset=\"https:\/\/www.cm-evora.pt\/wp-content\/uploads\/2024\/01\/2024_01_12-HO-1-Viagem-CP-Troco-Evora-4.jpg 1920w, https:\/\/www.cm-evora.pt\/wp-content\/uploads\/2024\/01\/2024_01_12-HO-1-Viagem-CP-Troco-Evora-4-300x200.jpg 300w, https:\/\/www.cm-evora.pt\/wp-content\/uploads\/2024\/01\/2024_01_12-HO-1-Viagem-CP-Troco-Evora-4-1024x683.jpg 1024w, https:\/\/www.cm-evora.pt\/wp-content\/uploads\/2024\/01\/2024_01_12-HO-1-Viagem-CP-Troco-Evora-4-768x512.jpg 768w, https:\/\/www.cm-evora.pt\/wp-content\/uploads\/2024\/01\/2024_01_12-HO-1-Viagem-CP-Troco-Evora-4-1536x1024.jpg 1536w, https:\/\/www.cm-evora.pt\/wp-content\/uploads\/2024\/01\/2024_01_12-HO-1-Viagem-CP-Troco-Evora-4-1320x880.jpg 1320w\" sizes=\"auto, (max-width: 1920px) 100vw, 1920px\" \/><\/a>\n\t\t\t<\/dt><\/dl><br style=\"clear: both\" \/><dl class='gallery-item'>\n\t\t\t<dt class='gallery-icon landscape'>\n\t\t\t\t<a href='https:\/\/www.cm-evora.pt\/wp-content\/uploads\/2024\/01\/2024_01_12-HO-1-Viagem-CP-Troco-Evora-5.jpg'><img loading=\"lazy\" decoding=\"async\" width=\"1920\" height=\"1280\" src=\"https:\/\/www.cm-evora.pt\/wp-content\/uploads\/2024\/01\/2024_01_12-HO-1-Viagem-CP-Troco-Evora-5.jpg\" class=\"attachment-full size-full\" alt=\"\" srcset=\"https:\/\/www.cm-evora.pt\/wp-content\/uploads\/2024\/01\/2024_01_12-HO-1-Viagem-CP-Troco-Evora-5.jpg 1920w, https:\/\/www.cm-evora.pt\/wp-content\/uploads\/2024\/01\/2024_01_12-HO-1-Viagem-CP-Troco-Evora-5-300x200.jpg 300w, https:\/\/www.cm-evora.pt\/wp-content\/uploads\/2024\/01\/2024_01_12-HO-1-Viagem-CP-Troco-Evora-5-1024x683.jpg 1024w, https:\/\/www.cm-evora.pt\/wp-content\/uploads\/2024\/01\/2024_01_12-HO-1-Viagem-CP-Troco-Evora-5-768x512.jpg 768w, https:\/\/www.cm-evora.pt\/wp-content\/uploads\/2024\/01\/2024_01_12-HO-1-Viagem-CP-Troco-Evora-5-1536x1024.jpg 1536w, https:\/\/www.cm-evora.pt\/wp-content\/uploads\/2024\/01\/2024_01_12-HO-1-Viagem-CP-Troco-Evora-5-1320x880.jpg 1320w\" sizes=\"auto, (max-width: 1920px) 100vw, 1920px\" \/><\/a>\n\t\t\t<\/dt><\/dl><dl class='gallery-item'>\n\t\t\t<dt class='gallery-icon landscape'>\n\t\t\t\t<a href='https:\/\/www.cm-evora.pt\/wp-content\/uploads\/2024\/01\/2024_01_12-HO-1-Viagem-CP-Troco-Evora-6.jpg'><img loading=\"lazy\" decoding=\"async\" width=\"1920\" height=\"1280\" src=\"https:\/\/www.cm-evora.pt\/wp-content\/uploads\/2024\/01\/2024_01_12-HO-1-Viagem-CP-Troco-Evora-6.jpg\" class=\"attachment-full size-full\" alt=\"\" srcset=\"https:\/\/www.cm-evora.pt\/wp-content\/uploads\/2024\/01\/2024_01_12-HO-1-Viagem-CP-Troco-Evora-6.jpg 1920w, https:\/\/www.cm-evora.pt\/wp-content\/uploads\/2024\/01\/2024_01_12-HO-1-Viagem-CP-Troco-Evora-6-300x200.jpg 300w, https:\/\/www.cm-evora.pt\/wp-content\/uploads\/2024\/01\/2024_01_12-HO-1-Viagem-CP-Troco-Evora-6-1024x683.jpg 1024w, https:\/\/www.cm-evora.pt\/wp-content\/uploads\/2024\/01\/2024_01_12-HO-1-Viagem-CP-Troco-Evora-6-768x512.jpg 768w, https:\/\/www.cm-evora.pt\/wp-content\/uploads\/2024\/01\/2024_01_12-HO-1-Viagem-CP-Troco-Evora-6-1536x1024.jpg 1536w, https:\/\/www.cm-evora.pt\/wp-content\/uploads\/2024\/01\/2024_01_12-HO-1-Viagem-CP-Troco-Evora-6-1320x880.jpg 1320w\" sizes=\"auto, (max-width: 1920px) 100vw, 1920px\" \/><\/a>\n\t\t\t<\/dt><\/dl><dl class='gallery-item'>\n\t\t\t<dt class='gallery-icon landscape'>\n\t\t\t\t<a href='https:\/\/www.cm-evora.pt\/wp-content\/uploads\/2024\/01\/2024_01_12-HO-1-Viagem-CP-Troco-Evora-7.jpg'><img loading=\"lazy\" decoding=\"async\" width=\"1920\" height=\"1280\" src=\"https:\/\/www.cm-evora.pt\/wp-content\/uploads\/2024\/01\/2024_01_12-HO-1-Viagem-CP-Troco-Evora-7.jpg\" class=\"attachment-full size-full\" alt=\"\" srcset=\"https:\/\/www.cm-evora.pt\/wp-content\/uploads\/2024\/01\/2024_01_12-HO-1-Viagem-CP-Troco-Evora-7.jpg 1920w, https:\/\/www.cm-evora.pt\/wp-content\/uploads\/2024\/01\/2024_01_12-HO-1-Viagem-CP-Troco-Evora-7-300x200.jpg 300w, https:\/\/www.cm-evora.pt\/wp-content\/uploads\/2024\/01\/2024_01_12-HO-1-Viagem-CP-Troco-Evora-7-1024x683.jpg 1024w, https:\/\/www.cm-evora.pt\/wp-content\/uploads\/2024\/01\/2024_01_12-HO-1-Viagem-CP-Troco-Evora-7-768x512.jpg 768w, https:\/\/www.cm-evora.pt\/wp-content\/uploads\/2024\/01\/2024_01_12-HO-1-Viagem-CP-Troco-Evora-7-1536x1024.jpg 1536w, https:\/\/www.cm-evora.pt\/wp-content\/uploads\/2024\/01\/2024_01_12-HO-1-Viagem-CP-Troco-Evora-7-1320x880.jpg 1320w\" sizes=\"auto, (max-width: 1920px) 100vw, 1920px\" \/><\/a>\n\t\t\t<\/dt><\/dl><br style=\"clear: both\" \/><dl class='gallery-item'>\n\t\t\t<dt class='gallery-icon landscape'>\n\t\t\t\t<a href='https:\/\/www.cm-evora.pt\/wp-content\/uploads\/2024\/01\/2024_01_12-HO-1-Viagem-CP-Troco-Evora-10.jpg'><img loading=\"lazy\" decoding=\"async\" width=\"1920\" height=\"1280\" src=\"https:\/\/www.cm-evora.pt\/wp-content\/uploads\/2024\/01\/2024_01_12-HO-1-Viagem-CP-Troco-Evora-10.jpg\" class=\"attachment-full size-full\" alt=\"\" srcset=\"https:\/\/www.cm-evora.pt\/wp-content\/uploads\/2024\/01\/2024_01_12-HO-1-Viagem-CP-Troco-Evora-10.jpg 1920w, https:\/\/www.cm-evora.pt\/wp-content\/uploads\/2024\/01\/2024_01_12-HO-1-Viagem-CP-Troco-Evora-10-300x200.jpg 300w, https:\/\/www.cm-evora.pt\/wp-content\/uploads\/2024\/01\/2024_01_12-HO-1-Viagem-CP-Troco-Evora-10-1024x683.jpg 1024w, https:\/\/www.cm-evora.pt\/wp-content\/uploads\/2024\/01\/2024_01_12-HO-1-Viagem-CP-Troco-Evora-10-768x512.jpg 768w, https:\/\/www.cm-evora.pt\/wp-content\/uploads\/2024\/01\/2024_01_12-HO-1-Viagem-CP-Troco-Evora-10-1536x1024.jpg 1536w, https:\/\/www.cm-evora.pt\/wp-content\/uploads\/2024\/01\/2024_01_12-HO-1-Viagem-CP-Troco-Evora-10-1320x880.jpg 1320w\" sizes=\"auto, (max-width: 1920px) 100vw, 1920px\" \/><\/a>\n\t\t\t<\/dt><\/dl><dl class='gallery-item'>\n\t\t\t<dt class='gallery-icon landscape'>\n\t\t\t\t<a href='https:\/\/www.cm-evora.pt\/wp-content\/uploads\/2024\/01\/2024_01_12-HO-1-Viagem-CP-Troco-Evora-11.jpg'><img loading=\"lazy\" decoding=\"async\" width=\"1920\" height=\"1280\" src=\"https:\/\/www.cm-evora.pt\/wp-content\/uploads\/2024\/01\/2024_01_12-HO-1-Viagem-CP-Troco-Evora-11.jpg\" class=\"attachment-full size-full\" alt=\"\" srcset=\"https:\/\/www.cm-evora.pt\/wp-content\/uploads\/2024\/01\/2024_01_12-HO-1-Viagem-CP-Troco-Evora-11.jpg 1920w, https:\/\/www.cm-evora.pt\/wp-content\/uploads\/2024\/01\/2024_01_12-HO-1-Viagem-CP-Troco-Evora-11-300x200.jpg 300w, https:\/\/www.cm-evora.pt\/wp-content\/uploads\/2024\/01\/2024_01_12-HO-1-Viagem-CP-Troco-Evora-11-1024x683.jpg 1024w, https:\/\/www.cm-evora.pt\/wp-content\/uploads\/2024\/01\/2024_01_12-HO-1-Viagem-CP-Troco-Evora-11-768x512.jpg 768w, https:\/\/www.cm-evora.pt\/wp-content\/uploads\/2024\/01\/2024_01_12-HO-1-Viagem-CP-Troco-Evora-11-1536x1024.jpg 1536w, https:\/\/www.cm-evora.pt\/wp-content\/uploads\/2024\/01\/2024_01_12-HO-1-Viagem-CP-Troco-Evora-11-1320x880.jpg 1320w\" sizes=\"auto, (max-width: 1920px) 100vw, 1920px\" \/><\/a>\n\t\t\t<\/dt><\/dl><dl class='gallery-item'>\n\t\t\t<dt class='gallery-icon landscape'>\n\t\t\t\t<a href='https:\/\/www.cm-evora.pt\/wp-content\/uploads\/2024\/01\/2024_01_12-HO-1-Viagem-CP-Troco-Evora-12.jpg'><img loading=\"lazy\" decoding=\"async\" width=\"1920\" height=\"1280\" src=\"https:\/\/www.cm-evora.pt\/wp-content\/uploads\/2024\/01\/2024_01_12-HO-1-Viagem-CP-Troco-Evora-12.jpg\" class=\"attachment-full size-full\" alt=\"\" srcset=\"https:\/\/www.cm-evora.pt\/wp-content\/uploads\/2024\/01\/2024_01_12-HO-1-Viagem-CP-Troco-Evora-12.jpg 1920w, https:\/\/www.cm-evora.pt\/wp-content\/uploads\/2024\/01\/2024_01_12-HO-1-Viagem-CP-Troco-Evora-12-300x200.jpg 300w, https:\/\/www.cm-evora.pt\/wp-content\/uploads\/2024\/01\/2024_01_12-HO-1-Viagem-CP-Troco-Evora-12-1024x683.jpg 1024w, https:\/\/www.cm-evora.pt\/wp-content\/uploads\/2024\/01\/2024_01_12-HO-1-Viagem-CP-Troco-Evora-12-768x512.jpg 768w, https:\/\/www.cm-evora.pt\/wp-content\/uploads\/2024\/01\/2024_01_12-HO-1-Viagem-CP-Troco-Evora-12-1536x1024.jpg 1536w, https:\/\/www.cm-evora.pt\/wp-content\/uploads\/2024\/01\/2024_01_12-HO-1-Viagem-CP-Troco-Evora-12-1320x880.jpg 1320w\" sizes=\"auto, (max-width: 1920px) 100vw, 1920px\" \/><\/a>\n\t\t\t<\/dt><\/dl><br style=\"clear: both\" \/><dl class='gallery-item'>\n\t\t\t<dt class='gallery-icon landscape'>\n\t\t\t\t<a href='https:\/\/www.cm-evora.pt\/wp-content\/uploads\/2024\/01\/2024_01_12-HO-1-Viagem-CP-Troco-Evora-13.jpg'><img loading=\"lazy\" decoding=\"async\" width=\"1920\" height=\"1280\" src=\"https:\/\/www.cm-evora.pt\/wp-content\/uploads\/2024\/01\/2024_01_12-HO-1-Viagem-CP-Troco-Evora-13.jpg\" class=\"attachment-full size-full\" alt=\"\" srcset=\"https:\/\/www.cm-evora.pt\/wp-content\/uploads\/2024\/01\/2024_01_12-HO-1-Viagem-CP-Troco-Evora-13.jpg 1920w, https:\/\/www.cm-evora.pt\/wp-content\/uploads\/2024\/01\/2024_01_12-HO-1-Viagem-CP-Troco-Evora-13-300x200.jpg 300w, https:\/\/www.cm-evora.pt\/wp-content\/uploads\/2024\/01\/2024_01_12-HO-1-Viagem-CP-Troco-Evora-13-1024x683.jpg 1024w, https:\/\/www.cm-evora.pt\/wp-content\/uploads\/2024\/01\/2024_01_12-HO-1-Viagem-CP-Troco-Evora-13-768x512.jpg 768w, https:\/\/www.cm-evora.pt\/wp-content\/uploads\/2024\/01\/2024_01_12-HO-1-Viagem-CP-Troco-Evora-13-1536x1024.jpg 1536w, https:\/\/www.cm-evora.pt\/wp-content\/uploads\/2024\/01\/2024_01_12-HO-1-Viagem-CP-Troco-Evora-13-1320x880.jpg 1320w\" sizes=\"auto, (max-width: 1920px) 100vw, 1920px\" \/><\/a>\n\t\t\t<\/dt><\/dl><dl class='gallery-item'>\n\t\t\t<dt class='gallery-icon landscape'>\n\t\t\t\t<a href='https:\/\/www.cm-evora.pt\/wp-content\/uploads\/2024\/01\/2024_01_12-HO-1-Viagem-CP-Troco-Evora-14.jpg'><img loading=\"lazy\" decoding=\"async\" width=\"1920\" height=\"1280\" src=\"https:\/\/www.cm-evora.pt\/wp-content\/uploads\/2024\/01\/2024_01_12-HO-1-Viagem-CP-Troco-Evora-14.jpg\" class=\"attachment-full size-full\" alt=\"\" srcset=\"https:\/\/www.cm-evora.pt\/wp-content\/uploads\/2024\/01\/2024_01_12-HO-1-Viagem-CP-Troco-Evora-14.jpg 1920w, https:\/\/www.cm-evora.pt\/wp-content\/uploads\/2024\/01\/2024_01_12-HO-1-Viagem-CP-Troco-Evora-14-300x200.jpg 300w, https:\/\/www.cm-evora.pt\/wp-content\/uploads\/2024\/01\/2024_01_12-HO-1-Viagem-CP-Troco-Evora-14-1024x683.jpg 1024w, https:\/\/www.cm-evora.pt\/wp-content\/uploads\/2024\/01\/2024_01_12-HO-1-Viagem-CP-Troco-Evora-14-768x512.jpg 768w, https:\/\/www.cm-evora.pt\/wp-content\/uploads\/2024\/01\/2024_01_12-HO-1-Viagem-CP-Troco-Evora-14-1536x1024.jpg 1536w, https:\/\/www.cm-evora.pt\/wp-content\/uploads\/2024\/01\/2024_01_12-HO-1-Viagem-CP-Troco-Evora-14-1320x880.jpg 1320w\" sizes=\"auto, (max-width: 1920px) 100vw, 1920px\" \/><\/a>\n\t\t\t<\/dt><\/dl><dl class='gallery-item'>\n\t\t\t<dt class='gallery-icon landscape'>\n\t\t\t\t<a href='https:\/\/www.cm-evora.pt\/wp-content\/uploads\/2024\/01\/2024_01_12-HO-1-Viagem-CP-Troco-Evora-15.jpg'><img loading=\"lazy\" decoding=\"async\" width=\"1920\" height=\"1333\" src=\"https:\/\/www.cm-evora.pt\/wp-content\/uploads\/2024\/01\/2024_01_12-HO-1-Viagem-CP-Troco-Evora-15.jpg\" class=\"attachment-full size-full\" alt=\"\" srcset=\"https:\/\/www.cm-evora.pt\/wp-content\/uploads\/2024\/01\/2024_01_12-HO-1-Viagem-CP-Troco-Evora-15.jpg 1920w, https:\/\/www.cm-evora.pt\/wp-content\/uploads\/2024\/01\/2024_01_12-HO-1-Viagem-CP-Troco-Evora-15-300x208.jpg 300w, https:\/\/www.cm-evora.pt\/wp-content\/uploads\/2024\/01\/2024_01_12-HO-1-Viagem-CP-Troco-Evora-15-1024x711.jpg 1024w, https:\/\/www.cm-evora.pt\/wp-content\/uploads\/2024\/01\/2024_01_12-HO-1-Viagem-CP-Troco-Evora-15-768x533.jpg 768w, https:\/\/www.cm-evora.pt\/wp-content\/uploads\/2024\/01\/2024_01_12-HO-1-Viagem-CP-Troco-Evora-15-1536x1066.jpg 1536w, https:\/\/www.cm-evora.pt\/wp-content\/uploads\/2024\/01\/2024_01_12-HO-1-Viagem-CP-Troco-Evora-15-1320x916.jpg 1320w\" sizes=\"auto, (max-width: 1920px) 100vw, 1920px\" \/><\/a>\n\t\t\t<\/dt><\/dl><br style=\"clear: both\" \/><dl class='gallery-item'>\n\t\t\t<dt class='gallery-icon landscape'>\n\t\t\t\t<a href='https:\/\/www.cm-evora.pt\/wp-content\/uploads\/2024\/01\/2024_01_12-HO-1-Viagem-CP-Troco-Evora-16.jpg'><img loading=\"lazy\" decoding=\"async\" width=\"1920\" height=\"1280\" src=\"https:\/\/www.cm-evora.pt\/wp-content\/uploads\/2024\/01\/2024_01_12-HO-1-Viagem-CP-Troco-Evora-16.jpg\" class=\"attachment-full size-full\" alt=\"\" srcset=\"https:\/\/www.cm-evora.pt\/wp-content\/uploads\/2024\/01\/2024_01_12-HO-1-Viagem-CP-Troco-Evora-16.jpg 1920w, https:\/\/www.cm-evora.pt\/wp-content\/uploads\/2024\/01\/2024_01_12-HO-1-Viagem-CP-Troco-Evora-16-300x200.jpg 300w, https:\/\/www.cm-evora.pt\/wp-content\/uploads\/2024\/01\/2024_01_12-HO-1-Viagem-CP-Troco-Evora-16-1024x683.jpg 1024w, https:\/\/www.cm-evora.pt\/wp-content\/uploads\/2024\/01\/2024_01_12-HO-1-Viagem-CP-Troco-Evora-16-768x512.jpg 768w, https:\/\/www.cm-evora.pt\/wp-content\/uploads\/2024\/01\/2024_01_12-HO-1-Viagem-CP-Troco-Evora-16-1536x1024.jpg 1536w, https:\/\/www.cm-evora.pt\/wp-content\/uploads\/2024\/01\/2024_01_12-HO-1-Viagem-CP-Troco-Evora-16-1320x880.jpg 1320w\" sizes=\"auto, (max-width: 1920px) 100vw, 1920px\" \/><\/a>\n\t\t\t<\/dt><\/dl><dl class='gallery-item'>\n\t\t\t<dt class='gallery-icon landscape'>\n\t\t\t\t<a href='https:\/\/www.cm-evora.pt\/wp-content\/uploads\/2024\/01\/2024_01_12-HO-1-Viagem-CP-Troco-Evora-17.jpg'><img loading=\"lazy\" decoding=\"async\" width=\"1920\" height=\"1346\" src=\"https:\/\/www.cm-evora.pt\/wp-content\/uploads\/2024\/01\/2024_01_12-HO-1-Viagem-CP-Troco-Evora-17.jpg\" class=\"attachment-full size-full\" alt=\"\" srcset=\"https:\/\/www.cm-evora.pt\/wp-content\/uploads\/2024\/01\/2024_01_12-HO-1-Viagem-CP-Troco-Evora-17.jpg 1920w, https:\/\/www.cm-evora.pt\/wp-content\/uploads\/2024\/01\/2024_01_12-HO-1-Viagem-CP-Troco-Evora-17-300x210.jpg 300w, https:\/\/www.cm-evora.pt\/wp-content\/uploads\/2024\/01\/2024_01_12-HO-1-Viagem-CP-Troco-Evora-17-1024x718.jpg 1024w, https:\/\/www.cm-evora.pt\/wp-content\/uploads\/2024\/01\/2024_01_12-HO-1-Viagem-CP-Troco-Evora-17-768x538.jpg 768w, https:\/\/www.cm-evora.pt\/wp-content\/uploads\/2024\/01\/2024_01_12-HO-1-Viagem-CP-Troco-Evora-17-1536x1077.jpg 1536w, https:\/\/www.cm-evora.pt\/wp-content\/uploads\/2024\/01\/2024_01_12-HO-1-Viagem-CP-Troco-Evora-17-1320x925.jpg 1320w\" sizes=\"auto, (max-width: 1920px) 100vw, 1920px\" \/><\/a>\n\t\t\t<\/dt><\/dl><dl class='gallery-item'>\n\t\t\t<dt class='gallery-icon landscape'>\n\t\t\t\t<a href='https:\/\/www.cm-evora.pt\/wp-content\/uploads\/2024\/01\/2024_01_12-HO-1-Viagem-CP-Troco-Evora-18.jpg'><img loading=\"lazy\" decoding=\"async\" width=\"1920\" height=\"1280\" src=\"https:\/\/www.cm-evora.pt\/wp-content\/uploads\/2024\/01\/2024_01_12-HO-1-Viagem-CP-Troco-Evora-18.jpg\" class=\"attachment-full size-full\" alt=\"\" srcset=\"https:\/\/www.cm-evora.pt\/wp-content\/uploads\/2024\/01\/2024_01_12-HO-1-Viagem-CP-Troco-Evora-18.jpg 1920w, https:\/\/www.cm-evora.pt\/wp-content\/uploads\/2024\/01\/2024_01_12-HO-1-Viagem-CP-Troco-Evora-18-300x200.jpg 300w, https:\/\/www.cm-evora.pt\/wp-content\/uploads\/2024\/01\/2024_01_12-HO-1-Viagem-CP-Troco-Evora-18-1024x683.jpg 1024w, https:\/\/www.cm-evora.pt\/wp-content\/uploads\/2024\/01\/2024_01_12-HO-1-Viagem-CP-Troco-Evora-18-768x512.jpg 768w, https:\/\/www.cm-evora.pt\/wp-content\/uploads\/2024\/01\/2024_01_12-HO-1-Viagem-CP-Troco-Evora-18-1536x1024.jpg 1536w, https:\/\/www.cm-evora.pt\/wp-content\/uploads\/2024\/01\/2024_01_12-HO-1-Viagem-CP-Troco-Evora-18-1320x880.jpg 1320w\" sizes=\"auto, (max-width: 1920px) 100vw, 1920px\" \/><\/a>\n\t\t\t<\/dt><\/dl><br style=\"clear: both\" \/><dl class='gallery-item'>\n\t\t\t<dt class='gallery-icon landscape'>\n\t\t\t\t<a href='https:\/\/www.cm-evora.pt\/wp-content\/uploads\/2024\/01\/2024_01_12-HO-1-Viagem-CP-Troco-Evora-19.jpg'><img loading=\"lazy\" decoding=\"async\" width=\"1920\" height=\"1315\" src=\"https:\/\/www.cm-evora.pt\/wp-content\/uploads\/2024\/01\/2024_01_12-HO-1-Viagem-CP-Troco-Evora-19.jpg\" class=\"attachment-full size-full\" alt=\"\" srcset=\"https:\/\/www.cm-evora.pt\/wp-content\/uploads\/2024\/01\/2024_01_12-HO-1-Viagem-CP-Troco-Evora-19.jpg 1920w, https:\/\/www.cm-evora.pt\/wp-content\/uploads\/2024\/01\/2024_01_12-HO-1-Viagem-CP-Troco-Evora-19-300x205.jpg 300w, https:\/\/www.cm-evora.pt\/wp-content\/uploads\/2024\/01\/2024_01_12-HO-1-Viagem-CP-Troco-Evora-19-1024x701.jpg 1024w, https:\/\/www.cm-evora.pt\/wp-content\/uploads\/2024\/01\/2024_01_12-HO-1-Viagem-CP-Troco-Evora-19-768x526.jpg 768w, https:\/\/www.cm-evora.pt\/wp-content\/uploads\/2024\/01\/2024_01_12-HO-1-Viagem-CP-Troco-Evora-19-1536x1052.jpg 1536w, https:\/\/www.cm-evora.pt\/wp-content\/uploads\/2024\/01\/2024_01_12-HO-1-Viagem-CP-Troco-Evora-19-1320x904.jpg 1320w\" sizes=\"auto, (max-width: 1920px) 100vw, 1920px\" \/><\/a>\n\t\t\t<\/dt><\/dl>\n\t\t\t<br style='clear: both' \/>\n\t\t<\/div>\n\n","protected":false},"excerpt":{"rendered":"<p>O Presidente da C\u00e2mara Municipal de \u00c9vora, Carlos Pinto de S\u00e1, integrou na passada sexta-feira, 12\/01\/2024, a visita \u00e0 obra de constru\u00e7\u00e3o da nova Linha Ferrovi\u00e1ria de \u00c9vora, tro\u00e7o \u00c9vora Norte \u2014 Freixo, que faz parte do Corredor Internacional Sul que vai ligar Sines \u00e0 fronteira do Caia, e que pretende reduzir os tempos de [&hellip;]<\/p>\n","protected":false},"author":46,"featured_media":56875,"comment_status":"closed","ping_status":"closed","sticky":false,"template":"","format":"standard","meta":{"_acf_changed":false,"footnotes":""},"categories":[2110],"tags":[],"class_list":["post-56865","post","type-post","status-publish","format-standard","has-post-thumbnail","hentry","category-noticias"],"acf":{"imagens":"","destaq_image":56875,"titulo_docs_seccao":"","documentos":""},"_links":{"self":[{"href":"https:\/\/www.cm-evora.pt\/en\/wp-json\/wp\/v2\/posts\/56865","targetHints":{"allow":["GET"]}}],"collection":[{"href":"https:\/\/www.cm-evora.pt\/en\/wp-json\/wp\/v2\/posts"}],"about":[{"href":"https:\/\/www.cm-evora.pt\/en\/wp-json\/wp\/v2\/types\/post"}],"author":[{"embeddable":true,"href":"https:\/\/www.cm-evora.pt\/en\/wp-json\/wp\/v2\/users\/46"}],"replies":[{"embeddable":true,"href":"https:\/\/www.cm-evora.pt\/en\/wp-json\/wp\/v2\/comments?post=56865"}],"version-history":[{"count":1,"href":"https:\/\/www.cm-evora.pt\/en\/wp-json\/wp\/v2\/posts\/56865\/revisions"}],"predecessor-version":[{"id":56886,"href":"https:\/\/www.cm-evora.pt\/en\/wp-json\/wp\/v2\/posts\/56865\/revisions\/56886"}],"wp:featuredmedia":[{"embeddable":true,"href":"https:\/\/www.cm-evora.pt\/en\/wp-json\/wp\/v2\/media\/56875"}],"wp:attachment":[{"href":"https:\/\/www.cm-evora.pt\/en\/wp-json\/wp\/v2\/media?parent=56865"}],"wp:term":[{"taxonomy":"category","embeddable":true,"href":"https:\/\/www.cm-evora.pt\/en\/wp-json\/wp\/v2\/categories?post=56865"},{"taxonomy":"post_tag","embeddable":true,"href":"https:\/\/www.cm-evora.pt\/en\/wp-json\/wp\/v2\/tags?post=56865"}],"curies":[{"name":"wp","href":"https:\/\/api.w.org\/{rel}","templated":true}]}}