{"id":57031,"date":"2024-01-22T15:21:40","date_gmt":"2024-01-22T15:21:40","guid":{"rendered":"https:\/\/www.cm-evora.pt\/?p=57031"},"modified":"2024-01-22T15:21:40","modified_gmt":"2024-01-22T15:21:40","slug":"jovens-embaixadores-divulgam-evora-em-varias-partes-do-mundo","status":"publish","type":"post","link":"https:\/\/www.cm-evora.pt\/en\/jovens-embaixadores-divulgam-evora-em-varias-partes-do-mundo\/","title":{"rendered":"Jovens Embaixadores divulgam \u00c9vora em v\u00e1rias partes do mundo"},"content":{"rendered":"<p>Promover e divulgar o Patrim\u00f3nio de \u00c9vora em todos os \u201ccantos do mundo\u201d \u00e9 a principal finalidade do projeto \u201cJovens Embaixadores de \u00c9vora no Mundo\u201d que mobiliza jovens que, no \u00e2mbito do acr\u00e9scimo da sua forma\u00e7\u00e3o se deslocam para outros pa\u00edses ou veem estudar para \u00c9vora, em programas de mobilidade estudantil, durante um per\u00edodo que pode variar entre 3 a 12 meses.<\/p>\n<p>A mais recente cerim\u00f3nia de Entrega dos Certificados dos Jovens Embaixadores de \u00c9vora teve lugar no dia 19 de janeiro, no Pal\u00e1cio de D. Manuel, tendo estes recebido o referido certificado e material de divulga\u00e7\u00e3o, entregue pelo Vereador da C\u00e2mara Municipal de \u00c9vora, Alexandre Varela, na presen\u00e7a de Vera Soares, a representante das entidades parceiras no projeto, a Universidade de \u00c9vora e a ESN (esta representada por Nair Silva, jovem tamb\u00e9m inclu\u00edda nos Embaixadores).<\/p>\n<p>Os jovens, que v\u00e3o para universidades na Turquia (Istambul); Espanha (Bilbao); It\u00e1lia (Udime); Pol\u00f3nia (Lublin) e Let\u00f3nia (Riga), receberam tamb\u00e9m informa\u00e7\u00f5es sobre a Capital Europeia da Cultura 27, prestadas por um elemento da Equipa de Miss\u00e3o, Madalena Galamba.<\/p>\n<p>Antes da cerim\u00f3nia, realizaram uma visita guiada ao Centro Hist\u00f3rico de \u00c9vora com o apoio de um t\u00e9cnico da autarquia e especialista em patrim\u00f3nio, Francisco Bilou.<\/p>\n<p>Refira-se que este projecto, promovido pela C\u00e2mara Municipal de \u00c9vora, surge no \u00e2mbito das suas estrat\u00e9gias de divulga\u00e7\u00e3o do Patrim\u00f3nio e de apoio \u00e0 Juventude. Pretende divulgar o Patrim\u00f3nio Hist\u00f3rico, Natural e Humano do concelho, envolvendo os seus jovens mun\u00edcipes e os jovens estudantes estrangeiros, que no \u00e2mbito da sua forma\u00e7\u00e3o integrem projetos de Mobilidade Estudantil.<\/p>\n<p>Este projeto municipal, que tem o alto patroc\u00ednio da Organiza\u00e7\u00e3o das Cidades Patrim\u00f3nio Mundial (OCPM), procura ainda estimular o sentimento de perten\u00e7a a um local nos jovens eborenses, acolher jovens oriundos de outros pa\u00edses, proporcionando-lhe experi\u00eancias enriquecedoras, apoiar os jovens eborenses que se desloquem no \u00e2mbito da sua forma\u00e7\u00e3o para outros pa\u00edses e estimular a capacidade de divulgar um produto junto de diferentes p\u00fablicos.<\/p>\n\n\t\t<style type=\"text\/css\">\n\t\t\t#gallery-1 {\n\t\t\t\tmargin: auto;\n\t\t\t}\n\t\t\t#gallery-1 .gallery-item {\n\t\t\t\tfloat: left;\n\t\t\t\tmargin-top: 10px;\n\t\t\t\ttext-align: center;\n\t\t\t\twidth: 25%;\n\t\t\t}\n\t\t\t#gallery-1 img {\n\t\t\t\tborder: 2px solid #cfcfcf;\n\t\t\t}\n\t\t\t#gallery-1 .gallery-caption {\n\t\t\t\tmargin-left: 0;\n\t\t\t}\n\t\t\t\/* see gallery_shortcode() in wp-includes\/media.php *\/\n\t\t<\/style>\n\t\t<div id='gallery-1' class='gallery galleryid-57031 gallery-columns-4 gallery-size-full'><dl class='gallery-item'>\n\t\t\t<dt class='gallery-icon landscape'>\n\t\t\t\t<a href='https:\/\/www.cm-evora.pt\/wp-content\/uploads\/2024\/01\/JE1.jpg'><img loading=\"lazy\" decoding=\"async\" width=\"1920\" height=\"1400\" src=\"https:\/\/www.cm-evora.pt\/wp-content\/uploads\/2024\/01\/JE1.jpg\" class=\"attachment-full size-full\" alt=\"\" srcset=\"https:\/\/www.cm-evora.pt\/wp-content\/uploads\/2024\/01\/JE1.jpg 1920w, https:\/\/www.cm-evora.pt\/wp-content\/uploads\/2024\/01\/JE1-300x219.jpg 300w, https:\/\/www.cm-evora.pt\/wp-content\/uploads\/2024\/01\/JE1-1024x747.jpg 1024w, https:\/\/www.cm-evora.pt\/wp-content\/uploads\/2024\/01\/JE1-768x560.jpg 768w, https:\/\/www.cm-evora.pt\/wp-content\/uploads\/2024\/01\/JE1-1536x1120.jpg 1536w, https:\/\/www.cm-evora.pt\/wp-content\/uploads\/2024\/01\/JE1-1320x963.jpg 1320w\" sizes=\"auto, (max-width: 1920px) 100vw, 1920px\" \/><\/a>\n\t\t\t<\/dt><\/dl><dl class='gallery-item'>\n\t\t\t<dt class='gallery-icon landscape'>\n\t\t\t\t<a href='https:\/\/www.cm-evora.pt\/wp-content\/uploads\/2024\/01\/JE2.jpg'><img loading=\"lazy\" decoding=\"async\" width=\"1920\" height=\"1089\" src=\"https:\/\/www.cm-evora.pt\/wp-content\/uploads\/2024\/01\/JE2.jpg\" class=\"attachment-full size-full\" alt=\"\" srcset=\"https:\/\/www.cm-evora.pt\/wp-content\/uploads\/2024\/01\/JE2.jpg 1920w, https:\/\/www.cm-evora.pt\/wp-content\/uploads\/2024\/01\/JE2-300x170.jpg 300w, https:\/\/www.cm-evora.pt\/wp-content\/uploads\/2024\/01\/JE2-1024x581.jpg 1024w, https:\/\/www.cm-evora.pt\/wp-content\/uploads\/2024\/01\/JE2-768x436.jpg 768w, https:\/\/www.cm-evora.pt\/wp-content\/uploads\/2024\/01\/JE2-1536x871.jpg 1536w, https:\/\/www.cm-evora.pt\/wp-content\/uploads\/2024\/01\/JE2-1320x749.jpg 1320w\" sizes=\"auto, (max-width: 1920px) 100vw, 1920px\" \/><\/a>\n\t\t\t<\/dt><\/dl><dl class='gallery-item'>\n\t\t\t<dt class='gallery-icon portrait'>\n\t\t\t\t<a href='https:\/\/www.cm-evora.pt\/wp-content\/uploads\/2024\/01\/JE3-scaled.jpg'><img loading=\"lazy\" decoding=\"async\" width=\"1707\" height=\"2560\" src=\"https:\/\/www.cm-evora.pt\/wp-content\/uploads\/2024\/01\/JE3-scaled.jpg\" class=\"attachment-full size-full\" alt=\"\" srcset=\"https:\/\/www.cm-evora.pt\/wp-content\/uploads\/2024\/01\/JE3-scaled.jpg 1707w, https:\/\/www.cm-evora.pt\/wp-content\/uploads\/2024\/01\/JE3-200x300.jpg 200w, https:\/\/www.cm-evora.pt\/wp-content\/uploads\/2024\/01\/JE3-683x1024.jpg 683w, https:\/\/www.cm-evora.pt\/wp-content\/uploads\/2024\/01\/JE3-768x1152.jpg 768w, https:\/\/www.cm-evora.pt\/wp-content\/uploads\/2024\/01\/JE3-1024x1536.jpg 1024w, https:\/\/www.cm-evora.pt\/wp-content\/uploads\/2024\/01\/JE3-1365x2048.jpg 1365w, https:\/\/www.cm-evora.pt\/wp-content\/uploads\/2024\/01\/JE3-1320x1980.jpg 1320w\" sizes=\"auto, (max-width: 1707px) 100vw, 1707px\" \/><\/a>\n\t\t\t<\/dt><\/dl><dl class='gallery-item'>\n\t\t\t<dt class='gallery-icon portrait'>\n\t\t\t\t<a href='https:\/\/www.cm-evora.pt\/wp-content\/uploads\/2024\/01\/JE4-scaled.jpg'><img loading=\"lazy\" decoding=\"async\" width=\"1663\" height=\"2560\" src=\"https:\/\/www.cm-evora.pt\/wp-content\/uploads\/2024\/01\/JE4-scaled.jpg\" class=\"attachment-full size-full\" alt=\"\" srcset=\"https:\/\/www.cm-evora.pt\/wp-content\/uploads\/2024\/01\/JE4-scaled.jpg 1663w, https:\/\/www.cm-evora.pt\/wp-content\/uploads\/2024\/01\/JE4-195x300.jpg 195w, https:\/\/www.cm-evora.pt\/wp-content\/uploads\/2024\/01\/JE4-665x1024.jpg 665w, https:\/\/www.cm-evora.pt\/wp-content\/uploads\/2024\/01\/JE4-768x1182.jpg 768w, https:\/\/www.cm-evora.pt\/wp-content\/uploads\/2024\/01\/JE4-998x1536.jpg 998w, https:\/\/www.cm-evora.pt\/wp-content\/uploads\/2024\/01\/JE4-1331x2048.jpg 1331w, https:\/\/www.cm-evora.pt\/wp-content\/uploads\/2024\/01\/JE4-1320x2032.jpg 1320w\" sizes=\"auto, (max-width: 1663px) 100vw, 1663px\" \/><\/a>\n\t\t\t<\/dt><\/dl><br style=\"clear: both\" \/><dl class='gallery-item'>\n\t\t\t<dt class='gallery-icon portrait'>\n\t\t\t\t<a href='https:\/\/www.cm-evora.pt\/wp-content\/uploads\/2024\/01\/JE5.jpg'><img loading=\"lazy\" decoding=\"async\" width=\"1920\" height=\"2187\" src=\"https:\/\/www.cm-evora.pt\/wp-content\/uploads\/2024\/01\/JE5.jpg\" class=\"attachment-full size-full\" alt=\"\" srcset=\"https:\/\/www.cm-evora.pt\/wp-content\/uploads\/2024\/01\/JE5.jpg 1920w, https:\/\/www.cm-evora.pt\/wp-content\/uploads\/2024\/01\/JE5-263x300.jpg 263w, https:\/\/www.cm-evora.pt\/wp-content\/uploads\/2024\/01\/JE5-899x1024.jpg 899w, https:\/\/www.cm-evora.pt\/wp-content\/uploads\/2024\/01\/JE5-768x875.jpg 768w, https:\/\/www.cm-evora.pt\/wp-content\/uploads\/2024\/01\/JE5-1348x1536.jpg 1348w, https:\/\/www.cm-evora.pt\/wp-content\/uploads\/2024\/01\/JE5-1798x2048.jpg 1798w, https:\/\/www.cm-evora.pt\/wp-content\/uploads\/2024\/01\/JE5-1320x1504.jpg 1320w\" sizes=\"auto, (max-width: 1920px) 100vw, 1920px\" \/><\/a>\n\t\t\t<\/dt><\/dl><dl class='gallery-item'>\n\t\t\t<dt class='gallery-icon landscape'>\n\t\t\t\t<a href='https:\/\/www.cm-evora.pt\/wp-content\/uploads\/2024\/01\/JE6.jpg'><img loading=\"lazy\" decoding=\"async\" width=\"1920\" height=\"1904\" src=\"https:\/\/www.cm-evora.pt\/wp-content\/uploads\/2024\/01\/JE6.jpg\" class=\"attachment-full size-full\" alt=\"\" srcset=\"https:\/\/www.cm-evora.pt\/wp-content\/uploads\/2024\/01\/JE6.jpg 1920w, https:\/\/www.cm-evora.pt\/wp-content\/uploads\/2024\/01\/JE6-300x298.jpg 300w, https:\/\/www.cm-evora.pt\/wp-content\/uploads\/2024\/01\/JE6-1024x1015.jpg 1024w, https:\/\/www.cm-evora.pt\/wp-content\/uploads\/2024\/01\/JE6-150x150.jpg 150w, https:\/\/www.cm-evora.pt\/wp-content\/uploads\/2024\/01\/JE6-768x762.jpg 768w, https:\/\/www.cm-evora.pt\/wp-content\/uploads\/2024\/01\/JE6-1536x1523.jpg 1536w, https:\/\/www.cm-evora.pt\/wp-content\/uploads\/2024\/01\/JE6-1320x1309.jpg 1320w\" sizes=\"auto, (max-width: 1920px) 100vw, 1920px\" \/><\/a>\n\t\t\t<\/dt><\/dl><dl class='gallery-item'>\n\t\t\t<dt class='gallery-icon landscape'>\n\t\t\t\t<a href='https:\/\/www.cm-evora.pt\/wp-content\/uploads\/2024\/01\/JE7.jpg'><img loading=\"lazy\" decoding=\"async\" width=\"1920\" height=\"1280\" src=\"https:\/\/www.cm-evora.pt\/wp-content\/uploads\/2024\/01\/JE7.jpg\" class=\"attachment-full size-full\" alt=\"\" srcset=\"https:\/\/www.cm-evora.pt\/wp-content\/uploads\/2024\/01\/JE7.jpg 1920w, https:\/\/www.cm-evora.pt\/wp-content\/uploads\/2024\/01\/JE7-300x200.jpg 300w, https:\/\/www.cm-evora.pt\/wp-content\/uploads\/2024\/01\/JE7-1024x683.jpg 1024w, https:\/\/www.cm-evora.pt\/wp-content\/uploads\/2024\/01\/JE7-768x512.jpg 768w, https:\/\/www.cm-evora.pt\/wp-content\/uploads\/2024\/01\/JE7-1536x1024.jpg 1536w, https:\/\/www.cm-evora.pt\/wp-content\/uploads\/2024\/01\/JE7-1320x880.jpg 1320w\" sizes=\"auto, (max-width: 1920px) 100vw, 1920px\" \/><\/a>\n\t\t\t<\/dt><\/dl><dl class='gallery-item'>\n\t\t\t<dt class='gallery-icon landscape'>\n\t\t\t\t<a href='https:\/\/www.cm-evora.pt\/wp-content\/uploads\/2024\/01\/JE8.jpg'><img loading=\"lazy\" decoding=\"async\" width=\"1920\" height=\"1115\" src=\"https:\/\/www.cm-evora.pt\/wp-content\/uploads\/2024\/01\/JE8.jpg\" class=\"attachment-full size-full\" alt=\"\" srcset=\"https:\/\/www.cm-evora.pt\/wp-content\/uploads\/2024\/01\/JE8.jpg 1920w, https:\/\/www.cm-evora.pt\/wp-content\/uploads\/2024\/01\/JE8-300x174.jpg 300w, https:\/\/www.cm-evora.pt\/wp-content\/uploads\/2024\/01\/JE8-1024x595.jpg 1024w, https:\/\/www.cm-evora.pt\/wp-content\/uploads\/2024\/01\/JE8-768x446.jpg 768w, https:\/\/www.cm-evora.pt\/wp-content\/uploads\/2024\/01\/JE8-1536x892.jpg 1536w, https:\/\/www.cm-evora.pt\/wp-content\/uploads\/2024\/01\/JE8-1320x767.jpg 1320w\" sizes=\"auto, (max-width: 1920px) 100vw, 1920px\" \/><\/a>\n\t\t\t<\/dt><\/dl><br style=\"clear: both\" \/>\n\t\t<\/div>\n\n","protected":false},"excerpt":{"rendered":"<p>Promover e divulgar o Patrim\u00f3nio de \u00c9vora em todos os \u201ccantos do mundo\u201d \u00e9 a principal finalidade do projeto \u201cJovens Embaixadores de \u00c9vora no Mundo\u201d que mobiliza jovens que, no \u00e2mbito do acr\u00e9scimo da sua forma\u00e7\u00e3o se deslocam para outros pa\u00edses ou veem estudar para \u00c9vora, em programas de mobilidade estudantil, durante um per\u00edodo que [&hellip;]<\/p>\n","protected":false},"author":81,"featured_media":57039,"comment_status":"closed","ping_status":"closed","sticky":false,"template":"","format":"standard","meta":{"_acf_changed":false,"footnotes":""},"categories":[2110],"tags":[],"class_list":["post-57031","post","type-post","status-publish","format-standard","has-post-thumbnail","hentry","category-noticias"],"acf":{"imagens":"","destaq_image":57039,"titulo_docs_seccao":"","documentos":""},"_links":{"self":[{"href":"https:\/\/www.cm-evora.pt\/en\/wp-json\/wp\/v2\/posts\/57031","targetHints":{"allow":["GET"]}}],"collection":[{"href":"https:\/\/www.cm-evora.pt\/en\/wp-json\/wp\/v2\/posts"}],"about":[{"href":"https:\/\/www.cm-evora.pt\/en\/wp-json\/wp\/v2\/types\/post"}],"author":[{"embeddable":true,"href":"https:\/\/www.cm-evora.pt\/en\/wp-json\/wp\/v2\/users\/81"}],"replies":[{"embeddable":true,"href":"https:\/\/www.cm-evora.pt\/en\/wp-json\/wp\/v2\/comments?post=57031"}],"version-history":[{"count":1,"href":"https:\/\/www.cm-evora.pt\/en\/wp-json\/wp\/v2\/posts\/57031\/revisions"}],"predecessor-version":[{"id":57043,"href":"https:\/\/www.cm-evora.pt\/en\/wp-json\/wp\/v2\/posts\/57031\/revisions\/57043"}],"wp:featuredmedia":[{"embeddable":true,"href":"https:\/\/www.cm-evora.pt\/en\/wp-json\/wp\/v2\/media\/57039"}],"wp:attachment":[{"href":"https:\/\/www.cm-evora.pt\/en\/wp-json\/wp\/v2\/media?parent=57031"}],"wp:term":[{"taxonomy":"category","embeddable":true,"href":"https:\/\/www.cm-evora.pt\/en\/wp-json\/wp\/v2\/categories?post=57031"},{"taxonomy":"post_tag","embeddable":true,"href":"https:\/\/www.cm-evora.pt\/en\/wp-json\/wp\/v2\/tags?post=57031"}],"curies":[{"name":"wp","href":"https:\/\/api.w.org\/{rel}","templated":true}]}}