{"id":57310,"date":"2024-01-29T16:33:48","date_gmt":"2024-01-29T16:33:48","guid":{"rendered":"https:\/\/www.cm-evora.pt\/?p=57310"},"modified":"2024-01-29T16:33:48","modified_gmt":"2024-01-29T16:33:48","slug":"principais-temas-tratados-na-reuniao-publica-de-24-de-janeiro","status":"publish","type":"post","link":"https:\/\/www.cm-evora.pt\/en\/principais-temas-tratados-na-reuniao-publica-de-24-de-janeiro\/","title":{"rendered":"Principais temas tratados na reuni\u00e3o p\u00fablica de 24 de janeiro"},"content":{"rendered":"<p align=\"justify\"><span style=\"font-size: large\">Ades\u00e3o \u00e0 Associa\u00e7\u00e3o \u00c9vora 2027 \u2013 O Presidente da C\u00e2mara Municipal de \u00c9vora, Carlos Pinto de S\u00e1, deu conhecimento do andamento do processo referente \u00e0 Capital Europeia da Cultura, informando que <\/span><span style=\"color: #000000\"><span style=\"font-size: large\">est\u00e1 a decorrer a negocia\u00e7\u00e3o com o Governo e se prev\u00ea que a Comiss\u00e3o Executiva <\/span><\/span><span style=\"color: #000000\"><span style=\"font-size: large\">\u00c9vora 2027 analise e consensualize os Estatutos cuja proposta ser\u00e1 apresentada em reuni\u00e3o de C\u00e2mara Municipal, <\/span><\/span><span style=\"font-size: large\">existindo tamb\u00e9m a possibilidade da 1\u00aa Assembleia Geral da Associa\u00e7\u00e3o se realizar j\u00e1 no dia 20 de fevereiro.<\/span><\/p>\n<p align=\"justify\"><span style=\"font-size: large\">&#8211; Apoio ao Associativismo Social e Juvenil do Concelho de \u00c9vora 2024, no valor de 60 mil euros, <\/span><span style=\"color: #000000\"><span style=\"font-size: large\">incluindo<\/span><\/span> <span style=\"font-size: large\">Festival Jovem e Comemora\u00e7\u00f5es dos 50 anos da Revolu\u00e7\u00e3o de 25 de Abril de 1974 \u2013 <\/span><span style=\"font-size: large\"><b>Aprovado por unanimidade com as altera\u00e7\u00f5es propostas e consensualizadas<\/b><\/span><\/p>\n<p align=\"justify\"><span style=\"font-size: large\">&#8211; Empreitada de Constru\u00e7\u00e3o do Centro de Conv\u00edvio do Bairro de Santo Ant\u00f3nio \u2013 Aprova\u00e7\u00e3o da conta final, o que permitir\u00e1 a abertura deste equipamento em breve \u2013<\/span><span style=\"font-size: large\"><b> Aprovado por unanimidade<\/b><\/span><\/p>\n<p align=\"justify\"><span style=\"font-size: large\">Protocolo entre o Munic\u00edpio de \u00c9vora e a Autoridade Tribut\u00e1ria e Aduaneira \u2013 que ir\u00e1 acelerar a conclus\u00e3o de processos de cobran\u00e7a coerciva de d\u00edvidas <\/span><span style=\"color: #000000\"><span style=\"font-size: large\">diversas, nomeadamente,<\/span><\/span><span style=\"font-size: large\"> do fornecimento de \u00e1gua \u2013<\/span><span style=\"font-size: large\"><b> Aprovado por unanimidade<\/b><\/span><\/p>\n<p><span style=\"font-size: large\">&#8211; Sauda\u00e7\u00e3o ao Restaurante &#8220;Fialho&#8221;, <\/span><span style=\"color: #000000\"><span style=\"font-size: large\">galardoado como o <\/span><\/span><span style=\"color: #000000\"><span style=\"font-size: large\">Pr\u00e9mio Especial Miele Restaurante Cl\u00e1ssico do Ano 2023,<\/span><\/span> <span style=\"font-size: large\">apresentada pelos eleitos da CDU &#8211; <\/span><span style=\"font-size: large\"><b>Aprovada por unanimidade<\/b><\/span><\/p>\n<p><span style=\"font-size: large\">&#8211; Sauda\u00e7\u00e3o \u00e0 Associa\u00e7\u00e3o Portuguesa de Pais e Amigos do Cidad\u00e3o Deficiente Mental de \u00c9vora, apresentada pelos eleitos da CDU e pelos eleitos da Coliga\u00e7\u00e3o Mudar Com Confian\u00e7a &#8211; <\/span><span style=\"font-size: large\"><b>Aprovada por unanimidade<\/b><\/span><\/p>\n<p><span style=\"font-size: large\">&#8211; Sauda\u00e7\u00e3o ao Atleta Tom\u00e1s Zurzica, apresentada pelos eleitos da Coliga\u00e7\u00e3o Mudar Com Confian\u00e7a &#8211; <\/span><span style=\"font-size: large\"><b>Aprovada por unanimidade<\/b><\/span><\/p>\n\n\t\t<style type=\"text\/css\">\n\t\t\t#gallery-1 {\n\t\t\t\tmargin: auto;\n\t\t\t}\n\t\t\t#gallery-1 .gallery-item {\n\t\t\t\tfloat: left;\n\t\t\t\tmargin-top: 10px;\n\t\t\t\ttext-align: center;\n\t\t\t\twidth: 100%;\n\t\t\t}\n\t\t\t#gallery-1 img {\n\t\t\t\tborder: 2px solid #cfcfcf;\n\t\t\t}\n\t\t\t#gallery-1 .gallery-caption {\n\t\t\t\tmargin-left: 0;\n\t\t\t}\n\t\t\t\/* see gallery_shortcode() in wp-includes\/media.php *\/\n\t\t<\/style>\n\t\t<div id='gallery-1' class='gallery galleryid-57310 gallery-columns-1 gallery-size-full'><dl class='gallery-item'>\n\t\t\t<dt class='gallery-icon landscape'>\n\t\t\t\t<a href='https:\/\/www.cm-evora.pt\/wp-content\/uploads\/2024\/01\/CME-24jan24-foto.jpg'><img loading=\"lazy\" decoding=\"async\" width=\"1920\" height=\"1280\" src=\"https:\/\/www.cm-evora.pt\/wp-content\/uploads\/2024\/01\/CME-24jan24-foto.jpg\" class=\"attachment-full size-full\" alt=\"\" srcset=\"https:\/\/www.cm-evora.pt\/wp-content\/uploads\/2024\/01\/CME-24jan24-foto.jpg 1920w, https:\/\/www.cm-evora.pt\/wp-content\/uploads\/2024\/01\/CME-24jan24-foto-300x200.jpg 300w, https:\/\/www.cm-evora.pt\/wp-content\/uploads\/2024\/01\/CME-24jan24-foto-1024x683.jpg 1024w, https:\/\/www.cm-evora.pt\/wp-content\/uploads\/2024\/01\/CME-24jan24-foto-768x512.jpg 768w, https:\/\/www.cm-evora.pt\/wp-content\/uploads\/2024\/01\/CME-24jan24-foto-1536x1024.jpg 1536w, https:\/\/www.cm-evora.pt\/wp-content\/uploads\/2024\/01\/CME-24jan24-foto-1320x880.jpg 1320w\" sizes=\"auto, (max-width: 1920px) 100vw, 1920px\" \/><\/a>\n\t\t\t<\/dt><\/dl><br style=\"clear: both\" \/>\n\t\t<\/div>\n\n","protected":false},"excerpt":{"rendered":"<p>Ades\u00e3o \u00e0 Associa\u00e7\u00e3o \u00c9vora 2027 \u2013 O Presidente da C\u00e2mara Municipal de \u00c9vora, Carlos Pinto de S\u00e1, deu conhecimento do andamento do processo referente \u00e0 Capital Europeia da Cultura, informando que est\u00e1 a decorrer a negocia\u00e7\u00e3o com o Governo e se prev\u00ea que a Comiss\u00e3o Executiva \u00c9vora 2027 analise e consensualize os Estatutos cuja proposta [&hellip;]<\/p>\n","protected":false},"author":81,"featured_media":57311,"comment_status":"closed","ping_status":"closed","sticky":false,"template":"","format":"standard","meta":{"_acf_changed":false,"footnotes":""},"categories":[2110],"tags":[],"class_list":["post-57310","post","type-post","status-publish","format-standard","has-post-thumbnail","hentry","category-noticias"],"acf":{"imagens":"","destaq_image":57311,"titulo_docs_seccao":"","documentos":""},"_links":{"self":[{"href":"https:\/\/www.cm-evora.pt\/en\/wp-json\/wp\/v2\/posts\/57310","targetHints":{"allow":["GET"]}}],"collection":[{"href":"https:\/\/www.cm-evora.pt\/en\/wp-json\/wp\/v2\/posts"}],"about":[{"href":"https:\/\/www.cm-evora.pt\/en\/wp-json\/wp\/v2\/types\/post"}],"author":[{"embeddable":true,"href":"https:\/\/www.cm-evora.pt\/en\/wp-json\/wp\/v2\/users\/81"}],"replies":[{"embeddable":true,"href":"https:\/\/www.cm-evora.pt\/en\/wp-json\/wp\/v2\/comments?post=57310"}],"version-history":[{"count":1,"href":"https:\/\/www.cm-evora.pt\/en\/wp-json\/wp\/v2\/posts\/57310\/revisions"}],"predecessor-version":[{"id":57312,"href":"https:\/\/www.cm-evora.pt\/en\/wp-json\/wp\/v2\/posts\/57310\/revisions\/57312"}],"wp:featuredmedia":[{"embeddable":true,"href":"https:\/\/www.cm-evora.pt\/en\/wp-json\/wp\/v2\/media\/57311"}],"wp:attachment":[{"href":"https:\/\/www.cm-evora.pt\/en\/wp-json\/wp\/v2\/media?parent=57310"}],"wp:term":[{"taxonomy":"category","embeddable":true,"href":"https:\/\/www.cm-evora.pt\/en\/wp-json\/wp\/v2\/categories?post=57310"},{"taxonomy":"post_tag","embeddable":true,"href":"https:\/\/www.cm-evora.pt\/en\/wp-json\/wp\/v2\/tags?post=57310"}],"curies":[{"name":"wp","href":"https:\/\/api.w.org\/{rel}","templated":true}]}}