{"id":58308,"date":"2024-02-22T11:34:10","date_gmt":"2024-02-22T11:34:10","guid":{"rendered":"https:\/\/www.cm-evora.pt\/?p=58308"},"modified":"2024-02-22T11:34:10","modified_gmt":"2024-02-22T11:34:10","slug":"com-inicio-na-proxima-semana-avanca-2a-fase-da-remodelacao-da-variante","status":"publish","type":"post","link":"https:\/\/www.cm-evora.pt\/en\/com-inicio-na-proxima-semana-avanca-2a-fase-da-remodelacao-da-variante\/","title":{"rendered":"Com in\u00edcio na pr\u00f3xima semana AVAN\u00c7A 2\u00aa FASE DA REMODELA\u00c7\u00c3O DA VARIANTE"},"content":{"rendered":"<p><strong>A obra de remodela\u00e7\u00e3o da Variante vai prosseguir no tro\u00e7o entre a rotunda de acesso ao PITE e a Rotunda Manuel Francisco (Antiga LAGRIL)<\/strong><\/p>\n<p>Est\u00e1 programado para a pr\u00f3xima semana o in\u00edcio da pr\u00f3xima fase da obra de remodela\u00e7\u00e3o da Variante ao Parque Industrial e Tecnol\u00f3gico de \u00c9vora (PITE). Os trabalhos ir\u00e3o compreender a remo\u00e7\u00e3o completa do pavimento existente e aplica\u00e7\u00e3o de betuminoso novo.<\/p>\n<p>Esta obra ir\u00e1 permitir a melhoria significativa da circula\u00e7\u00e3o rodovi\u00e1ria, dado que o pavimento existente, com cerca de 30 anos, se encontra muito degradado devido ao intenso tr\u00e1fego de ve\u00edculos pesados a que diariamente \u00e9 sujeito.<\/p>\n<p>Por outro lado, tal como na via anteriormente intervencionada (entre a Rotunda do PITE e a Rotunda da Estrada das Alc\u00e1\u00e7ovas), esta prev\u00ea tamb\u00e9m a constru\u00e7\u00e3o de ciclovia ao longo da totalidade do percurso. Deste modo, e em conjunto com a obra do \u201cInterface Modal do Rossio de S. Br\u00e1s\u201d, a C\u00e2mara Municipal de \u00c9vora aumenta significativamente a extens\u00e3o de vias de circula\u00e7\u00e3o pedonal e cicl\u00e1vel, passando a envolver toda a zona Sul da Cidade. Entre muitas outras vantagens, fica assim criado um acesso seguro e ambientalmente limpo \u00e0s \u00e1reas industriais.<\/p>\n<p>A obra de remodela\u00e7\u00e3o da Variante ao Parque Industrial de \u00c9vora, a cargo da empresa JJR, representa um valor de investimento 648 131,59\u20ac +IVA (6%) e tem prazo de execu\u00e7\u00e3o de 120 dias. Ap\u00f3s a sua conclus\u00e3o, ter\u00e1 sido cumprida mais uma importante etapa da implementa\u00e7\u00e3o pr\u00e1tica do Plano Municipal de Mobilidade Urbana Sustent\u00e1vel de \u00c9vora, recentemente desenvolvido pelo Munic\u00edpio em colabora\u00e7\u00e3o com toda a comunidade.<\/p>\n","protected":false},"excerpt":{"rendered":"<p>A obra de remodela\u00e7\u00e3o da Variante vai prosseguir no tro\u00e7o entre a rotunda de acesso ao PITE e a Rotunda Manuel Francisco (Antiga LAGRIL) Est\u00e1 programado para a pr\u00f3xima semana o in\u00edcio da pr\u00f3xima fase da obra de remodela\u00e7\u00e3o da Variante ao Parque Industrial e Tecnol\u00f3gico de \u00c9vora (PITE). Os trabalhos ir\u00e3o compreender a remo\u00e7\u00e3o [&hellip;]<\/p>\n","protected":false},"author":46,"featured_media":58309,"comment_status":"closed","ping_status":"closed","sticky":false,"template":"","format":"standard","meta":{"_acf_changed":false,"footnotes":""},"categories":[2110],"tags":[],"class_list":["post-58308","post","type-post","status-publish","format-standard","has-post-thumbnail","hentry","category-noticias"],"acf":{"imagens":"","destaq_image":58309,"titulo_docs_seccao":"","documentos":""},"_links":{"self":[{"href":"https:\/\/www.cm-evora.pt\/en\/wp-json\/wp\/v2\/posts\/58308","targetHints":{"allow":["GET"]}}],"collection":[{"href":"https:\/\/www.cm-evora.pt\/en\/wp-json\/wp\/v2\/posts"}],"about":[{"href":"https:\/\/www.cm-evora.pt\/en\/wp-json\/wp\/v2\/types\/post"}],"author":[{"embeddable":true,"href":"https:\/\/www.cm-evora.pt\/en\/wp-json\/wp\/v2\/users\/46"}],"replies":[{"embeddable":true,"href":"https:\/\/www.cm-evora.pt\/en\/wp-json\/wp\/v2\/comments?post=58308"}],"version-history":[{"count":1,"href":"https:\/\/www.cm-evora.pt\/en\/wp-json\/wp\/v2\/posts\/58308\/revisions"}],"predecessor-version":[{"id":58310,"href":"https:\/\/www.cm-evora.pt\/en\/wp-json\/wp\/v2\/posts\/58308\/revisions\/58310"}],"wp:featuredmedia":[{"embeddable":true,"href":"https:\/\/www.cm-evora.pt\/en\/wp-json\/wp\/v2\/media\/58309"}],"wp:attachment":[{"href":"https:\/\/www.cm-evora.pt\/en\/wp-json\/wp\/v2\/media?parent=58308"}],"wp:term":[{"taxonomy":"category","embeddable":true,"href":"https:\/\/www.cm-evora.pt\/en\/wp-json\/wp\/v2\/categories?post=58308"},{"taxonomy":"post_tag","embeddable":true,"href":"https:\/\/www.cm-evora.pt\/en\/wp-json\/wp\/v2\/tags?post=58308"}],"curies":[{"name":"wp","href":"https:\/\/api.w.org\/{rel}","templated":true}]}}