{"id":58564,"date":"2024-02-29T15:13:58","date_gmt":"2024-02-29T15:13:58","guid":{"rendered":"https:\/\/www.cm-evora.pt\/?p=58564"},"modified":"2024-02-29T15:15:05","modified_gmt":"2024-02-29T15:15:05","slug":"evora-celebra-50-anos-do-25-de-abril-com-intensa-programacao-ao-longo-de-2024","status":"publish","type":"post","link":"https:\/\/www.cm-evora.pt\/en\/evora-celebra-50-anos-do-25-de-abril-com-intensa-programacao-ao-longo-de-2024\/","title":{"rendered":"\u00c9vora celebra 50 anos do 25 de Abril com intensa programa\u00e7\u00e3o ao longo de 2024"},"content":{"rendered":"<p>A C\u00e2mara de \u00c9vora e um grande n\u00famero de associa\u00e7\u00f5es culturais e outras entidades da sociedade civil est\u00e3o a ultimar um vasto programa para assinalar os 50 anos do 25 de Abril. M\u00fasica, exposi\u00e7\u00f5es, cinema, teatro, dan\u00e7a e outras manifesta\u00e7\u00f5es art\u00edsticas marcam as comemora\u00e7\u00f5es de meio s\u00e9culo da Revolu\u00e7\u00e3o dos Cravos. O concerto de S\u00e9rgio Godinho, na noite de 24 de abril, \u00e9 um dos pontos altos da programa\u00e7\u00e3o.<\/p>\n<p>A destacar, entre os dias 13 e 21 de abril, a realiza\u00e7\u00e3o, no Largo Conde de Vila Flor, junto ao Templo Romano, da Feira do Livro. Entre 20 e 27 de abril regressam as Vozes de Abril, com miniconcertos perto de si. O programa pode ser consultado em <a href=\"http:\/\/www.cm-evora.pt\">www.cm-evora.pt<\/a><u>.<\/u><\/p>\n","protected":false},"excerpt":{"rendered":"<p>A C\u00e2mara de \u00c9vora e um grande n\u00famero de associa\u00e7\u00f5es culturais e outras entidades da sociedade civil est\u00e3o a ultimar um vasto programa para assinalar os 50 anos do 25 de Abril. M\u00fasica, exposi\u00e7\u00f5es, cinema, teatro, dan\u00e7a e outras manifesta\u00e7\u00f5es art\u00edsticas marcam as comemora\u00e7\u00f5es de meio s\u00e9culo da Revolu\u00e7\u00e3o dos Cravos. O concerto de S\u00e9rgio [&hellip;]<\/p>\n","protected":false},"author":45,"featured_media":58565,"comment_status":"closed","ping_status":"closed","sticky":false,"template":"","format":"standard","meta":{"_acf_changed":false,"footnotes":""},"categories":[2110],"tags":[],"class_list":["post-58564","post","type-post","status-publish","format-standard","has-post-thumbnail","hentry","category-noticias"],"acf":{"imagens":"","destaq_image":58565,"titulo_docs_seccao":"","documentos":""},"_links":{"self":[{"href":"https:\/\/www.cm-evora.pt\/en\/wp-json\/wp\/v2\/posts\/58564","targetHints":{"allow":["GET"]}}],"collection":[{"href":"https:\/\/www.cm-evora.pt\/en\/wp-json\/wp\/v2\/posts"}],"about":[{"href":"https:\/\/www.cm-evora.pt\/en\/wp-json\/wp\/v2\/types\/post"}],"author":[{"embeddable":true,"href":"https:\/\/www.cm-evora.pt\/en\/wp-json\/wp\/v2\/users\/45"}],"replies":[{"embeddable":true,"href":"https:\/\/www.cm-evora.pt\/en\/wp-json\/wp\/v2\/comments?post=58564"}],"version-history":[{"count":1,"href":"https:\/\/www.cm-evora.pt\/en\/wp-json\/wp\/v2\/posts\/58564\/revisions"}],"predecessor-version":[{"id":58566,"href":"https:\/\/www.cm-evora.pt\/en\/wp-json\/wp\/v2\/posts\/58564\/revisions\/58566"}],"wp:featuredmedia":[{"embeddable":true,"href":"https:\/\/www.cm-evora.pt\/en\/wp-json\/wp\/v2\/media\/58565"}],"wp:attachment":[{"href":"https:\/\/www.cm-evora.pt\/en\/wp-json\/wp\/v2\/media?parent=58564"}],"wp:term":[{"taxonomy":"category","embeddable":true,"href":"https:\/\/www.cm-evora.pt\/en\/wp-json\/wp\/v2\/categories?post=58564"},{"taxonomy":"post_tag","embeddable":true,"href":"https:\/\/www.cm-evora.pt\/en\/wp-json\/wp\/v2\/tags?post=58564"}],"curies":[{"name":"wp","href":"https:\/\/api.w.org\/{rel}","templated":true}]}}