{"id":61664,"date":"2024-05-14T15:28:38","date_gmt":"2024-05-14T14:28:38","guid":{"rendered":"https:\/\/www.cm-evora.pt\/?p=61664"},"modified":"2024-05-14T15:28:38","modified_gmt":"2024-05-14T14:28:38","slug":"embaixadora-da-croacia-recebida-na-camara-municipal-de-evora-2","status":"publish","type":"post","link":"https:\/\/www.cm-evora.pt\/en\/embaixadora-da-croacia-recebida-na-camara-municipal-de-evora-2\/","title":{"rendered":"EMBAIXADORA DA CRO\u00c1CIA RECEBIDA NA C\u00c2MARA MUNICIPAL DE \u00c9VORA"},"content":{"rendered":"<p>O Presidente da C\u00e2mara Municipal de \u00c9vora, Carlos Pinto de S\u00e1, recebeu hoje, 14 de maio, a Embaixadora da Cro\u00e1cia Anita Tr\u0161i\u0107.<\/p>\n<p>Na sequ\u00eancia da breve apresenta\u00e7\u00e3o de cumprimentos que teve lugar nos Pa\u00e7os do Concelho, o autarca eborense e a diplomata representante em Portugal da Rep\u00fablica da Cro\u00e1cia, tiveram oportunidade de, numa breve conversa informal, abordar temas de interesse comum.<\/p>\n","protected":false},"excerpt":{"rendered":"<p>O Presidente da C\u00e2mara Municipal de \u00c9vora, Carlos Pinto de S\u00e1, recebeu hoje, 14 de maio, a Embaixadora da Cro\u00e1cia Anita Tr\u0161i\u0107. Na sequ\u00eancia da breve apresenta\u00e7\u00e3o de cumprimentos que teve lugar nos Pa\u00e7os do Concelho, o autarca eborense e a diplomata representante em Portugal da Rep\u00fablica da Cro\u00e1cia, tiveram oportunidade de, numa breve conversa [&hellip;]<\/p>\n","protected":false},"author":46,"featured_media":61665,"comment_status":"closed","ping_status":"closed","sticky":false,"template":"","format":"standard","meta":{"_acf_changed":false,"footnotes":""},"categories":[2110],"tags":[],"class_list":["post-61664","post","type-post","status-publish","format-standard","has-post-thumbnail","hentry","category-noticias"],"acf":{"imagens":"","destaq_image":61665,"titulo_docs_seccao":"","documentos":""},"_links":{"self":[{"href":"https:\/\/www.cm-evora.pt\/en\/wp-json\/wp\/v2\/posts\/61664","targetHints":{"allow":["GET"]}}],"collection":[{"href":"https:\/\/www.cm-evora.pt\/en\/wp-json\/wp\/v2\/posts"}],"about":[{"href":"https:\/\/www.cm-evora.pt\/en\/wp-json\/wp\/v2\/types\/post"}],"author":[{"embeddable":true,"href":"https:\/\/www.cm-evora.pt\/en\/wp-json\/wp\/v2\/users\/46"}],"replies":[{"embeddable":true,"href":"https:\/\/www.cm-evora.pt\/en\/wp-json\/wp\/v2\/comments?post=61664"}],"version-history":[{"count":1,"href":"https:\/\/www.cm-evora.pt\/en\/wp-json\/wp\/v2\/posts\/61664\/revisions"}],"predecessor-version":[{"id":61666,"href":"https:\/\/www.cm-evora.pt\/en\/wp-json\/wp\/v2\/posts\/61664\/revisions\/61666"}],"wp:featuredmedia":[{"embeddable":true,"href":"https:\/\/www.cm-evora.pt\/en\/wp-json\/wp\/v2\/media\/61665"}],"wp:attachment":[{"href":"https:\/\/www.cm-evora.pt\/en\/wp-json\/wp\/v2\/media?parent=61664"}],"wp:term":[{"taxonomy":"category","embeddable":true,"href":"https:\/\/www.cm-evora.pt\/en\/wp-json\/wp\/v2\/categories?post=61664"},{"taxonomy":"post_tag","embeddable":true,"href":"https:\/\/www.cm-evora.pt\/en\/wp-json\/wp\/v2\/tags?post=61664"}],"curies":[{"name":"wp","href":"https:\/\/api.w.org\/{rel}","templated":true}]}}