{"id":62093,"date":"2024-05-23T15:23:56","date_gmt":"2024-05-23T14:23:56","guid":{"rendered":"https:\/\/www.cm-evora.pt\/?p=62093"},"modified":"2024-05-23T15:23:56","modified_gmt":"2024-05-23T14:23:56","slug":"intervencao-na-conduta-de-agua-bem-sucedida-e-com-impacto-minimo-no-abastecimento-publico","status":"publish","type":"post","link":"https:\/\/www.cm-evora.pt\/en\/intervencao-na-conduta-de-agua-bem-sucedida-e-com-impacto-minimo-no-abastecimento-publico\/","title":{"rendered":"INTERVEN\u00c7\u00c3O NA CONDUTA DE \u00c1GUA BEM SUCEDIDA E COM IMPACTO M\u00cdNIMO NO ABASTECIMENTO P\u00daBLICO"},"content":{"rendered":"<p>Decorreu com \u00eaxito a interven\u00e7\u00e3o que os Servi\u00e7os Municipais realizaram durante a passada noite na conduta principal de abastecimento de \u00e1gua \u00e0 zona baixa da Cidade.<\/p>\n<p>De forma a causar o m\u00ednimo poss\u00edvel de inc\u00f3modo \u00e0 popula\u00e7\u00e3o devido ao corte de \u00e1gua que necessariamente teria que ser efetuado, os servi\u00e7os optaram por realizar a opera\u00e7\u00e3o durante a noite, mas ainda assim, dada a dimens\u00e3o dos trabalhos, previa-se algum transtorno em grande parte zona baixa da Cidade.<\/p>\n<p>Verificou-se agora, pelos testes entretanto realizados, que os objetivos foram cumpridos na totalidade, tendo a press\u00e3o na rede p\u00fablica, em particular nos bairros da zona Oeste e Canaviais, aumentado para os n\u00edveis desejados. Por outro lado, o tempo de corte na rede foi mais curto do que o previsto, o que reduziu o impacto negativo nos residentes.<\/p>\n\n\t\t<style type=\"text\/css\">\n\t\t\t#gallery-1 {\n\t\t\t\tmargin: auto;\n\t\t\t}\n\t\t\t#gallery-1 .gallery-item {\n\t\t\t\tfloat: left;\n\t\t\t\tmargin-top: 10px;\n\t\t\t\ttext-align: center;\n\t\t\t\twidth: 33%;\n\t\t\t}\n\t\t\t#gallery-1 img {\n\t\t\t\tborder: 2px solid #cfcfcf;\n\t\t\t}\n\t\t\t#gallery-1 .gallery-caption {\n\t\t\t\tmargin-left: 0;\n\t\t\t}\n\t\t\t\/* see gallery_shortcode() in wp-includes\/media.php *\/\n\t\t<\/style>\n\t\t<div id='gallery-1' class='gallery galleryid-62093 gallery-columns-3 gallery-size-full'><dl class='gallery-item'>\n\t\t\t<dt class='gallery-icon landscape'>\n\t\t\t\t<a href='https:\/\/www.cm-evora.pt\/wp-content\/uploads\/2024\/05\/2024_05_23-HO-Intervencao-Conduta-Agua.jpg'><img loading=\"lazy\" decoding=\"async\" width=\"1920\" height=\"1446\" src=\"https:\/\/www.cm-evora.pt\/wp-content\/uploads\/2024\/05\/2024_05_23-HO-Intervencao-Conduta-Agua.jpg\" class=\"attachment-full size-full\" alt=\"\" srcset=\"https:\/\/www.cm-evora.pt\/wp-content\/uploads\/2024\/05\/2024_05_23-HO-Intervencao-Conduta-Agua.jpg 1920w, https:\/\/www.cm-evora.pt\/wp-content\/uploads\/2024\/05\/2024_05_23-HO-Intervencao-Conduta-Agua-300x226.jpg 300w, https:\/\/www.cm-evora.pt\/wp-content\/uploads\/2024\/05\/2024_05_23-HO-Intervencao-Conduta-Agua-1024x771.jpg 1024w, https:\/\/www.cm-evora.pt\/wp-content\/uploads\/2024\/05\/2024_05_23-HO-Intervencao-Conduta-Agua-768x578.jpg 768w, https:\/\/www.cm-evora.pt\/wp-content\/uploads\/2024\/05\/2024_05_23-HO-Intervencao-Conduta-Agua-1536x1157.jpg 1536w, https:\/\/www.cm-evora.pt\/wp-content\/uploads\/2024\/05\/2024_05_23-HO-Intervencao-Conduta-Agua-1320x994.jpg 1320w\" sizes=\"auto, (max-width: 1920px) 100vw, 1920px\" \/><\/a>\n\t\t\t<\/dt><\/dl><dl class='gallery-item'>\n\t\t\t<dt class='gallery-icon landscape'>\n\t\t\t\t<a href='https:\/\/www.cm-evora.pt\/wp-content\/uploads\/2024\/05\/2024_05_23-HO-Intervencao-Conduta-Agua-1.jpg'><img loading=\"lazy\" decoding=\"async\" width=\"1920\" height=\"1219\" src=\"https:\/\/www.cm-evora.pt\/wp-content\/uploads\/2024\/05\/2024_05_23-HO-Intervencao-Conduta-Agua-1.jpg\" class=\"attachment-full size-full\" alt=\"\" srcset=\"https:\/\/www.cm-evora.pt\/wp-content\/uploads\/2024\/05\/2024_05_23-HO-Intervencao-Conduta-Agua-1.jpg 1920w, https:\/\/www.cm-evora.pt\/wp-content\/uploads\/2024\/05\/2024_05_23-HO-Intervencao-Conduta-Agua-1-300x190.jpg 300w, https:\/\/www.cm-evora.pt\/wp-content\/uploads\/2024\/05\/2024_05_23-HO-Intervencao-Conduta-Agua-1-1024x650.jpg 1024w, https:\/\/www.cm-evora.pt\/wp-content\/uploads\/2024\/05\/2024_05_23-HO-Intervencao-Conduta-Agua-1-768x488.jpg 768w, https:\/\/www.cm-evora.pt\/wp-content\/uploads\/2024\/05\/2024_05_23-HO-Intervencao-Conduta-Agua-1-1536x975.jpg 1536w, https:\/\/www.cm-evora.pt\/wp-content\/uploads\/2024\/05\/2024_05_23-HO-Intervencao-Conduta-Agua-1-1320x838.jpg 1320w\" sizes=\"auto, (max-width: 1920px) 100vw, 1920px\" \/><\/a>\n\t\t\t<\/dt><\/dl><dl class='gallery-item'>\n\t\t\t<dt class='gallery-icon portrait'>\n\t\t\t\t<a href='https:\/\/www.cm-evora.pt\/wp-content\/uploads\/2024\/05\/2024_05_23-HO-Intervencao-Conduta-Agua-2.jpg'><img loading=\"lazy\" decoding=\"async\" width=\"1440\" height=\"1920\" src=\"https:\/\/www.cm-evora.pt\/wp-content\/uploads\/2024\/05\/2024_05_23-HO-Intervencao-Conduta-Agua-2.jpg\" class=\"attachment-full size-full\" alt=\"\" srcset=\"https:\/\/www.cm-evora.pt\/wp-content\/uploads\/2024\/05\/2024_05_23-HO-Intervencao-Conduta-Agua-2.jpg 1440w, https:\/\/www.cm-evora.pt\/wp-content\/uploads\/2024\/05\/2024_05_23-HO-Intervencao-Conduta-Agua-2-225x300.jpg 225w, https:\/\/www.cm-evora.pt\/wp-content\/uploads\/2024\/05\/2024_05_23-HO-Intervencao-Conduta-Agua-2-768x1024.jpg 768w, https:\/\/www.cm-evora.pt\/wp-content\/uploads\/2024\/05\/2024_05_23-HO-Intervencao-Conduta-Agua-2-1152x1536.jpg 1152w, https:\/\/www.cm-evora.pt\/wp-content\/uploads\/2024\/05\/2024_05_23-HO-Intervencao-Conduta-Agua-2-1320x1760.jpg 1320w\" sizes=\"auto, (max-width: 1440px) 100vw, 1440px\" \/><\/a>\n\t\t\t<\/dt><\/dl><br style=\"clear: both\" \/><dl class='gallery-item'>\n\t\t\t<dt class='gallery-icon portrait'>\n\t\t\t\t<a href='https:\/\/www.cm-evora.pt\/wp-content\/uploads\/2024\/05\/2024_05_23-HO-Intervencao-Conduta-Agua-3.jpg'><img loading=\"lazy\" decoding=\"async\" width=\"1440\" height=\"1920\" src=\"https:\/\/www.cm-evora.pt\/wp-content\/uploads\/2024\/05\/2024_05_23-HO-Intervencao-Conduta-Agua-3.jpg\" class=\"attachment-full size-full\" alt=\"\" srcset=\"https:\/\/www.cm-evora.pt\/wp-content\/uploads\/2024\/05\/2024_05_23-HO-Intervencao-Conduta-Agua-3.jpg 1440w, https:\/\/www.cm-evora.pt\/wp-content\/uploads\/2024\/05\/2024_05_23-HO-Intervencao-Conduta-Agua-3-225x300.jpg 225w, https:\/\/www.cm-evora.pt\/wp-content\/uploads\/2024\/05\/2024_05_23-HO-Intervencao-Conduta-Agua-3-768x1024.jpg 768w, https:\/\/www.cm-evora.pt\/wp-content\/uploads\/2024\/05\/2024_05_23-HO-Intervencao-Conduta-Agua-3-1152x1536.jpg 1152w, https:\/\/www.cm-evora.pt\/wp-content\/uploads\/2024\/05\/2024_05_23-HO-Intervencao-Conduta-Agua-3-1320x1760.jpg 1320w\" sizes=\"auto, (max-width: 1440px) 100vw, 1440px\" \/><\/a>\n\t\t\t<\/dt><\/dl><dl class='gallery-item'>\n\t\t\t<dt class='gallery-icon landscape'>\n\t\t\t\t<a href='https:\/\/www.cm-evora.pt\/wp-content\/uploads\/2024\/05\/2024_05_23-HO-Intervencao-Conduta-Agua-4.jpg'><img loading=\"lazy\" decoding=\"async\" width=\"1920\" height=\"1345\" src=\"https:\/\/www.cm-evora.pt\/wp-content\/uploads\/2024\/05\/2024_05_23-HO-Intervencao-Conduta-Agua-4.jpg\" class=\"attachment-full size-full\" alt=\"\" srcset=\"https:\/\/www.cm-evora.pt\/wp-content\/uploads\/2024\/05\/2024_05_23-HO-Intervencao-Conduta-Agua-4.jpg 1920w, https:\/\/www.cm-evora.pt\/wp-content\/uploads\/2024\/05\/2024_05_23-HO-Intervencao-Conduta-Agua-4-300x210.jpg 300w, https:\/\/www.cm-evora.pt\/wp-content\/uploads\/2024\/05\/2024_05_23-HO-Intervencao-Conduta-Agua-4-1024x717.jpg 1024w, https:\/\/www.cm-evora.pt\/wp-content\/uploads\/2024\/05\/2024_05_23-HO-Intervencao-Conduta-Agua-4-768x538.jpg 768w, https:\/\/www.cm-evora.pt\/wp-content\/uploads\/2024\/05\/2024_05_23-HO-Intervencao-Conduta-Agua-4-1536x1076.jpg 1536w, https:\/\/www.cm-evora.pt\/wp-content\/uploads\/2024\/05\/2024_05_23-HO-Intervencao-Conduta-Agua-4-1320x925.jpg 1320w\" sizes=\"auto, (max-width: 1920px) 100vw, 1920px\" \/><\/a>\n\t\t\t<\/dt><\/dl><dl class='gallery-item'>\n\t\t\t<dt class='gallery-icon portrait'>\n\t\t\t\t<a href='https:\/\/www.cm-evora.pt\/wp-content\/uploads\/2024\/05\/2024_05_23-HO-Intervencao-Conduta-Agua-5.jpg'><img loading=\"lazy\" decoding=\"async\" width=\"1440\" height=\"1920\" src=\"https:\/\/www.cm-evora.pt\/wp-content\/uploads\/2024\/05\/2024_05_23-HO-Intervencao-Conduta-Agua-5.jpg\" class=\"attachment-full size-full\" alt=\"\" srcset=\"https:\/\/www.cm-evora.pt\/wp-content\/uploads\/2024\/05\/2024_05_23-HO-Intervencao-Conduta-Agua-5.jpg 1440w, https:\/\/www.cm-evora.pt\/wp-content\/uploads\/2024\/05\/2024_05_23-HO-Intervencao-Conduta-Agua-5-225x300.jpg 225w, https:\/\/www.cm-evora.pt\/wp-content\/uploads\/2024\/05\/2024_05_23-HO-Intervencao-Conduta-Agua-5-768x1024.jpg 768w, https:\/\/www.cm-evora.pt\/wp-content\/uploads\/2024\/05\/2024_05_23-HO-Intervencao-Conduta-Agua-5-1152x1536.jpg 1152w, https:\/\/www.cm-evora.pt\/wp-content\/uploads\/2024\/05\/2024_05_23-HO-Intervencao-Conduta-Agua-5-1320x1760.jpg 1320w\" sizes=\"auto, (max-width: 1440px) 100vw, 1440px\" \/><\/a>\n\t\t\t<\/dt><\/dl><br style=\"clear: both\" \/>\n\t\t<\/div>\n\n","protected":false},"excerpt":{"rendered":"<p>Decorreu com \u00eaxito a interven\u00e7\u00e3o que os Servi\u00e7os Municipais realizaram durante a passada noite na conduta principal de abastecimento de \u00e1gua \u00e0 zona baixa da Cidade. De forma a causar o m\u00ednimo poss\u00edvel de inc\u00f3modo \u00e0 popula\u00e7\u00e3o devido ao corte de \u00e1gua que necessariamente teria que ser efetuado, os servi\u00e7os optaram por realizar a opera\u00e7\u00e3o [&hellip;]<\/p>\n","protected":false},"author":46,"featured_media":62098,"comment_status":"closed","ping_status":"closed","sticky":false,"template":"","format":"standard","meta":{"_acf_changed":false,"footnotes":""},"categories":[2110],"tags":[],"class_list":["post-62093","post","type-post","status-publish","format-standard","has-post-thumbnail","hentry","category-noticias"],"acf":{"imagens":"","destaq_image":62098,"titulo_docs_seccao":"","documentos":""},"_links":{"self":[{"href":"https:\/\/www.cm-evora.pt\/en\/wp-json\/wp\/v2\/posts\/62093","targetHints":{"allow":["GET"]}}],"collection":[{"href":"https:\/\/www.cm-evora.pt\/en\/wp-json\/wp\/v2\/posts"}],"about":[{"href":"https:\/\/www.cm-evora.pt\/en\/wp-json\/wp\/v2\/types\/post"}],"author":[{"embeddable":true,"href":"https:\/\/www.cm-evora.pt\/en\/wp-json\/wp\/v2\/users\/46"}],"replies":[{"embeddable":true,"href":"https:\/\/www.cm-evora.pt\/en\/wp-json\/wp\/v2\/comments?post=62093"}],"version-history":[{"count":1,"href":"https:\/\/www.cm-evora.pt\/en\/wp-json\/wp\/v2\/posts\/62093\/revisions"}],"predecessor-version":[{"id":62100,"href":"https:\/\/www.cm-evora.pt\/en\/wp-json\/wp\/v2\/posts\/62093\/revisions\/62100"}],"wp:featuredmedia":[{"embeddable":true,"href":"https:\/\/www.cm-evora.pt\/en\/wp-json\/wp\/v2\/media\/62098"}],"wp:attachment":[{"href":"https:\/\/www.cm-evora.pt\/en\/wp-json\/wp\/v2\/media?parent=62093"}],"wp:term":[{"taxonomy":"category","embeddable":true,"href":"https:\/\/www.cm-evora.pt\/en\/wp-json\/wp\/v2\/categories?post=62093"},{"taxonomy":"post_tag","embeddable":true,"href":"https:\/\/www.cm-evora.pt\/en\/wp-json\/wp\/v2\/tags?post=62093"}],"curies":[{"name":"wp","href":"https:\/\/api.w.org\/{rel}","templated":true}]}}