{"id":62227,"date":"2024-05-27T14:31:57","date_gmt":"2024-05-27T13:31:57","guid":{"rendered":"https:\/\/www.cm-evora.pt\/?p=62227"},"modified":"2024-05-27T14:31:57","modified_gmt":"2024-05-27T13:31:57","slug":"camara-municipal-de-evora-convida-liga-dos-combatentes-evora-a-visitar-trabalhos-de-beneficiacao-do-monumento-aos-mortos-da-grande-guerra","status":"publish","type":"post","link":"https:\/\/www.cm-evora.pt\/en\/camara-municipal-de-evora-convida-liga-dos-combatentes-evora-a-visitar-trabalhos-de-beneficiacao-do-monumento-aos-mortos-da-grande-guerra\/","title":{"rendered":"C\u00c2MARA MUNICIPAL DE \u00c9VORA CONVIDA LIGA DOS COMBATENTES \u2013 \u00c9VORA A VISITAR TRABALHOS DE BENEFICIA\u00c7\u00c3O DO MONUMENTO AOS MORTOS DA GRANDE GUERRA"},"content":{"rendered":"<p>A obra de requalifica\u00e7\u00e3o do Interface Modal do Rossio de S. Br\u00e1s avan\u00e7a a bom ritmo, tocando nesta fase a envolvente ao Monumento aos Mortos da Grande Guerra, que ser\u00e1 beneficiado e ganhar\u00e1 mais destaque, para al\u00e9m de uma nova centralidade.<\/p>\n<p>Num momento em que se est\u00e3o a requalificar os bras\u00f5es do Monumento, foi considerado oportuno convidar a Liga dos Combatentes \u2013 Delega\u00e7\u00e3o de \u00c9vora para uma visita ao local, para melhor dar a conhecer esta interven\u00e7\u00e3o e acolher propostas que possam ser integradas, dignificando o local.<\/p>\n<p>Recorde-se que este \u00e9 um Monumento bastante importante para a Cidade e para a Liga, que aqui assinala anualmente o Dia Nacional do Combatente e o anivers\u00e1rio da Batalha de La Lys, relembrando, homenageando e agraciando militares que se destacaram em defesa dos valores nacionais.<\/p>\n<p>A C\u00e2mara Municipal de \u00c9vora agradece a colabora\u00e7\u00e3o e disponibilidade da Liga e dos elementos dos seus \u00f3rg\u00e3os diretivos.<\/p>\n\n\t\t<style type=\"text\/css\">\n\t\t\t#gallery-1 {\n\t\t\t\tmargin: auto;\n\t\t\t}\n\t\t\t#gallery-1 .gallery-item {\n\t\t\t\tfloat: left;\n\t\t\t\tmargin-top: 10px;\n\t\t\t\ttext-align: center;\n\t\t\t\twidth: 33%;\n\t\t\t}\n\t\t\t#gallery-1 img {\n\t\t\t\tborder: 2px solid #cfcfcf;\n\t\t\t}\n\t\t\t#gallery-1 .gallery-caption {\n\t\t\t\tmargin-left: 0;\n\t\t\t}\n\t\t\t\/* see gallery_shortcode() in wp-includes\/media.php *\/\n\t\t<\/style>\n\t\t<div id='gallery-1' class='gallery galleryid-62227 gallery-columns-3 gallery-size-full'><dl class='gallery-item'>\n\t\t\t<dt class='gallery-icon landscape'>\n\t\t\t\t<a href='https:\/\/www.cm-evora.pt\/wp-content\/uploads\/2024\/05\/2024_05_27-HO-Visita-Liga-Combatentes-a-Obras-Monumento-Mortos-G-Guerra-2.jpg'><img loading=\"lazy\" decoding=\"async\" width=\"1920\" height=\"1255\" src=\"https:\/\/www.cm-evora.pt\/wp-content\/uploads\/2024\/05\/2024_05_27-HO-Visita-Liga-Combatentes-a-Obras-Monumento-Mortos-G-Guerra-2.jpg\" class=\"attachment-full size-full\" alt=\"\" srcset=\"https:\/\/www.cm-evora.pt\/wp-content\/uploads\/2024\/05\/2024_05_27-HO-Visita-Liga-Combatentes-a-Obras-Monumento-Mortos-G-Guerra-2.jpg 1920w, https:\/\/www.cm-evora.pt\/wp-content\/uploads\/2024\/05\/2024_05_27-HO-Visita-Liga-Combatentes-a-Obras-Monumento-Mortos-G-Guerra-2-300x196.jpg 300w, https:\/\/www.cm-evora.pt\/wp-content\/uploads\/2024\/05\/2024_05_27-HO-Visita-Liga-Combatentes-a-Obras-Monumento-Mortos-G-Guerra-2-1024x669.jpg 1024w, https:\/\/www.cm-evora.pt\/wp-content\/uploads\/2024\/05\/2024_05_27-HO-Visita-Liga-Combatentes-a-Obras-Monumento-Mortos-G-Guerra-2-768x502.jpg 768w, https:\/\/www.cm-evora.pt\/wp-content\/uploads\/2024\/05\/2024_05_27-HO-Visita-Liga-Combatentes-a-Obras-Monumento-Mortos-G-Guerra-2-1536x1004.jpg 1536w, https:\/\/www.cm-evora.pt\/wp-content\/uploads\/2024\/05\/2024_05_27-HO-Visita-Liga-Combatentes-a-Obras-Monumento-Mortos-G-Guerra-2-1320x863.jpg 1320w\" sizes=\"auto, (max-width: 1920px) 100vw, 1920px\" \/><\/a>\n\t\t\t<\/dt><\/dl><dl class='gallery-item'>\n\t\t\t<dt class='gallery-icon landscape'>\n\t\t\t\t<a href='https:\/\/www.cm-evora.pt\/wp-content\/uploads\/2024\/05\/2024_05_27-HO-Visita-Liga-Combatentes-a-Obras-Monumento-Mortos-G-Guerra.jpg'><img loading=\"lazy\" decoding=\"async\" width=\"1920\" height=\"1440\" src=\"https:\/\/www.cm-evora.pt\/wp-content\/uploads\/2024\/05\/2024_05_27-HO-Visita-Liga-Combatentes-a-Obras-Monumento-Mortos-G-Guerra.jpg\" class=\"attachment-full size-full\" alt=\"\" srcset=\"https:\/\/www.cm-evora.pt\/wp-content\/uploads\/2024\/05\/2024_05_27-HO-Visita-Liga-Combatentes-a-Obras-Monumento-Mortos-G-Guerra.jpg 1920w, https:\/\/www.cm-evora.pt\/wp-content\/uploads\/2024\/05\/2024_05_27-HO-Visita-Liga-Combatentes-a-Obras-Monumento-Mortos-G-Guerra-300x225.jpg 300w, https:\/\/www.cm-evora.pt\/wp-content\/uploads\/2024\/05\/2024_05_27-HO-Visita-Liga-Combatentes-a-Obras-Monumento-Mortos-G-Guerra-1024x768.jpg 1024w, https:\/\/www.cm-evora.pt\/wp-content\/uploads\/2024\/05\/2024_05_27-HO-Visita-Liga-Combatentes-a-Obras-Monumento-Mortos-G-Guerra-768x576.jpg 768w, https:\/\/www.cm-evora.pt\/wp-content\/uploads\/2024\/05\/2024_05_27-HO-Visita-Liga-Combatentes-a-Obras-Monumento-Mortos-G-Guerra-1536x1152.jpg 1536w, https:\/\/www.cm-evora.pt\/wp-content\/uploads\/2024\/05\/2024_05_27-HO-Visita-Liga-Combatentes-a-Obras-Monumento-Mortos-G-Guerra-1320x990.jpg 1320w\" sizes=\"auto, (max-width: 1920px) 100vw, 1920px\" \/><\/a>\n\t\t\t<\/dt><\/dl><dl class='gallery-item'>\n\t\t\t<dt class='gallery-icon landscape'>\n\t\t\t\t<a href='https:\/\/www.cm-evora.pt\/wp-content\/uploads\/2024\/05\/2024_05_27-HO-Visita-Liga-Combatentes-a-Obras-Monumento-Mortos-G-Guerra-1.jpg'><img loading=\"lazy\" decoding=\"async\" width=\"1920\" height=\"1093\" src=\"https:\/\/www.cm-evora.pt\/wp-content\/uploads\/2024\/05\/2024_05_27-HO-Visita-Liga-Combatentes-a-Obras-Monumento-Mortos-G-Guerra-1.jpg\" class=\"attachment-full size-full\" alt=\"\" srcset=\"https:\/\/www.cm-evora.pt\/wp-content\/uploads\/2024\/05\/2024_05_27-HO-Visita-Liga-Combatentes-a-Obras-Monumento-Mortos-G-Guerra-1.jpg 1920w, https:\/\/www.cm-evora.pt\/wp-content\/uploads\/2024\/05\/2024_05_27-HO-Visita-Liga-Combatentes-a-Obras-Monumento-Mortos-G-Guerra-1-300x171.jpg 300w, https:\/\/www.cm-evora.pt\/wp-content\/uploads\/2024\/05\/2024_05_27-HO-Visita-Liga-Combatentes-a-Obras-Monumento-Mortos-G-Guerra-1-1024x583.jpg 1024w, https:\/\/www.cm-evora.pt\/wp-content\/uploads\/2024\/05\/2024_05_27-HO-Visita-Liga-Combatentes-a-Obras-Monumento-Mortos-G-Guerra-1-768x437.jpg 768w, https:\/\/www.cm-evora.pt\/wp-content\/uploads\/2024\/05\/2024_05_27-HO-Visita-Liga-Combatentes-a-Obras-Monumento-Mortos-G-Guerra-1-1536x874.jpg 1536w, https:\/\/www.cm-evora.pt\/wp-content\/uploads\/2024\/05\/2024_05_27-HO-Visita-Liga-Combatentes-a-Obras-Monumento-Mortos-G-Guerra-1-1320x751.jpg 1320w\" sizes=\"auto, (max-width: 1920px) 100vw, 1920px\" \/><\/a>\n\t\t\t<\/dt><\/dl><br style=\"clear: both\" \/>\n\t\t<\/div>\n\n","protected":false},"excerpt":{"rendered":"<p>A obra de requalifica\u00e7\u00e3o do Interface Modal do Rossio de S. Br\u00e1s avan\u00e7a a bom ritmo, tocando nesta fase a envolvente ao Monumento aos Mortos da Grande Guerra, que ser\u00e1 beneficiado e ganhar\u00e1 mais destaque, para al\u00e9m de uma nova centralidade. Num momento em que se est\u00e3o a requalificar os bras\u00f5es do Monumento, foi considerado [&hellip;]<\/p>\n","protected":false},"author":46,"featured_media":62229,"comment_status":"closed","ping_status":"closed","sticky":false,"template":"","format":"standard","meta":{"_acf_changed":false,"footnotes":""},"categories":[2110],"tags":[],"class_list":["post-62227","post","type-post","status-publish","format-standard","has-post-thumbnail","hentry","category-noticias"],"acf":{"imagens":"","destaq_image":62229,"titulo_docs_seccao":"","documentos":""},"_links":{"self":[{"href":"https:\/\/www.cm-evora.pt\/en\/wp-json\/wp\/v2\/posts\/62227","targetHints":{"allow":["GET"]}}],"collection":[{"href":"https:\/\/www.cm-evora.pt\/en\/wp-json\/wp\/v2\/posts"}],"about":[{"href":"https:\/\/www.cm-evora.pt\/en\/wp-json\/wp\/v2\/types\/post"}],"author":[{"embeddable":true,"href":"https:\/\/www.cm-evora.pt\/en\/wp-json\/wp\/v2\/users\/46"}],"replies":[{"embeddable":true,"href":"https:\/\/www.cm-evora.pt\/en\/wp-json\/wp\/v2\/comments?post=62227"}],"version-history":[{"count":1,"href":"https:\/\/www.cm-evora.pt\/en\/wp-json\/wp\/v2\/posts\/62227\/revisions"}],"predecessor-version":[{"id":62231,"href":"https:\/\/www.cm-evora.pt\/en\/wp-json\/wp\/v2\/posts\/62227\/revisions\/62231"}],"wp:featuredmedia":[{"embeddable":true,"href":"https:\/\/www.cm-evora.pt\/en\/wp-json\/wp\/v2\/media\/62229"}],"wp:attachment":[{"href":"https:\/\/www.cm-evora.pt\/en\/wp-json\/wp\/v2\/media?parent=62227"}],"wp:term":[{"taxonomy":"category","embeddable":true,"href":"https:\/\/www.cm-evora.pt\/en\/wp-json\/wp\/v2\/categories?post=62227"},{"taxonomy":"post_tag","embeddable":true,"href":"https:\/\/www.cm-evora.pt\/en\/wp-json\/wp\/v2\/tags?post=62227"}],"curies":[{"name":"wp","href":"https:\/\/api.w.org\/{rel}","templated":true}]}}