{"id":62296,"date":"2024-05-28T09:49:18","date_gmt":"2024-05-28T08:49:18","guid":{"rendered":"https:\/\/www.cm-evora.pt\/?p=62296"},"modified":"2024-05-28T09:49:18","modified_gmt":"2024-05-28T08:49:18","slug":"principais-temas-tratados-na-reuniao-publica-de-15-de-maio","status":"publish","type":"post","link":"https:\/\/www.cm-evora.pt\/en\/principais-temas-tratados-na-reuniao-publica-de-15-de-maio\/","title":{"rendered":"Principais temas tratados na reuni\u00e3o p\u00fablica de 15 de maio"},"content":{"rendered":"<p>&#8211; Concurso P\u00fablico para Aquisi\u00e7\u00e3o de Servi\u00e7os de Instala\u00e7\u00e3o dos Sistemas Fotovoltaicos Inovadores POCITYF em Edif\u00edcios Municipais Escolas EB 1 de S. Mamede, do Rossio e da Vista Alegre, Mercado Municipal 1\u00b0 de Maio, Edif\u00edcio Espa\u00e7o Ambiente, Arena de \u00c9vora e dois Estacionamentos Municipais de Utiliza\u00e7\u00e3o P\u00fablica<strong> \u2013 Aprovado por unanimidade<\/strong><\/p>\n<p>&#8211;\u00a0 Protocolo Espec\u00edfico de Colabora\u00e7\u00e3o entre a Universidade de \u00c9vora, o Munic\u00edpio de \u00c9vora e a Administra\u00e7\u00e3o Regional de Sa\u00fade do Alentejo I.P. Unidade Local de Sa\u00fade Alentejo Central \u2013<strong> Aprovado por unanimidade<\/strong><\/p>\n<p>&#8211; Voto de Pesar pelo falecimento do Jornalista Fernando Em\u00edlio, apresentado pelos eleitos da CDU, do PS, da Coliga\u00e7\u00e3o Mudar com Confian\u00e7a e pelo MCE &#8211; <strong>Aprovado por unanimidade<\/strong><\/p>\n<p>&#8211; Sauda\u00e7\u00e3o \u00e0 Universidade de \u00c9vora, pelo seu 50\u00b0 Anivers\u00e1rio da sua Refunda\u00e7\u00e3o. apresentada pelos eleitos da CDU &#8211; <strong>Aprovada por unanimidade<\/strong><\/p>\n<p>&#8211; Sauda\u00e7\u00e3o \u00e0 Escola de Artes da Universidade de \u00c9vora, pelo seu 15\u00b0 Anivers\u00e1rio apresentada pelos eleitos da CDU e da Coliga\u00e7\u00e3o Mudar com Confian\u00e7a &#8211; <strong>Aprovada por<\/strong><\/p>\n<p><strong>unanimidade<\/strong><\/p>\n<p>&#8211; Sauda\u00e7\u00e3o \u00e0 Associa\u00e7\u00e3o dos Deficientes das For\u00e7as Armadas, pelo seu 50\u00b0 Anivers\u00e1rio, apresentada pelos eleitos da CDU &#8211; <strong>Aprovada por unanimidade<\/strong><\/p>\n<p>&#8211; Sauda\u00e7\u00e3o \u00e0 Casa do Benfica de \u00c9vora, pelo seu 31\u00b0 Anivers\u00e1rio, apresentada pelos eleitos da CDU &#8211; <strong>Aprovada por unanimidade<\/strong>&#8211; Sauda\u00e7\u00e3o \u00e0 atleta Ana Alexandrino, apresentada pelos eleitos da CDU e da Coliga\u00e7\u00e3o<\/p>\n<p>Mudar com Confian\u00e7a &#8211; <strong>Aprovada por unanimidade<\/strong><\/p>\n<p>&#8211; Voto de Sauda\u00e7\u00e3o a Francisco Bolas, pelo Pr\u00e9mio Carreira atribu\u00eddo pela Revista \u00d3pticaPro, apresentado pelos eleitos da Coliga\u00e7\u00e3o Mudar com Confian\u00e7a \u2013 <strong>Aprovado por unanimidade<\/strong><\/p>\n<p>&#8211; Voto de Sauda\u00e7\u00e3o ao Professor Artur Goulart, que recebeu o Pr\u00e9mio SOS Azulejos, apresentado pelos eleitos da Coliga\u00e7\u00e3o Mudar com Confian\u00e7a &#8211; <strong>Aprovado por unanimidade<\/strong><\/p>\n<p>&#8211; Voto de Sauda\u00e7\u00e3o \u00e0 Funda\u00e7\u00e3o Alentejo pelo seu 25\u00b0 Anivers\u00e1rio, apresentado pelos &#8211; Voto de Sauda\u00e7\u00e3o \u00e0 Universidade Popular T\u00falio Espanca, pelo seu 15\u00b0 Anivers\u00e1rio, apresentado pelos eleitos da Coliga\u00e7\u00e3o Mudar com Confian\u00e7a &#8211; <strong>Aprovado por unanimidade<\/strong><\/p>\n<p>&#8211; Voto de Sauda\u00e7\u00e3o \u00e0 atleta Eborense Ana Peixoto, apresentado pelos eleitos da Coliga\u00e7\u00e3o Mudar com Confian\u00e7a &#8211; <strong>Aprovado por unanimidade<\/strong><\/p>\n<p>&#8211; Voto de Sauda\u00e7\u00e3o ao Juventude Sport Clube, apresentado pelos eleitos da Coliga\u00e7\u00e3o Mudar com Confian\u00e7a e do MCE &#8211; <strong>Aprovado por unanimidade<\/strong><\/p>\n<p>&#8211; Voto de Sauda\u00e7\u00e3o ao Internacional Sport Clube, apresentado pelos eleitos da Coliga\u00e7\u00e3o Mudar com Confian\u00e7a &#8211; <strong>Aprovado por unanimidade<\/strong><\/p>\n<p>&#8211; Voto de Sauda\u00e7\u00e3o ao Lusitano Gin\u00e1sio Clube, apresentado pelos eleitos da Coliga\u00e7\u00e3o Mudar com Confian\u00e7a &#8211; <strong>Aprovado por unanimidade<\/strong><\/p>\n<p>&#8211; Voto de Sauda\u00e7\u00e3o aos Ciclistas Rui Casquinha (master 40), Ant\u00f3nio Fa\u00edsco (master 50) e Francisco Rom\u00e3o (master 65), apresentado pelos eleitos da Coliga\u00e7\u00e3o Mudar com Confian\u00e7a &#8211; <strong>Aprovado por unanimidade<\/strong><\/p>\n<p>&#8211; Voto de Sauda\u00e7\u00e3o pelo 50\u00b0 anivers\u00e1rio do PPD\/PSD, apresentado pelos eleitos da Coliga\u00e7\u00e3o Mudar com Confian\u00e7a &#8211; <strong>Aprovado por unanimidade<\/strong><\/p>\n<p>&#8211; Voto de Felicita\u00e7\u00e3o ao Dia Internacional do Bombeiro, apresentado pelo eleito do MCE &#8211; <strong>Aprovado por unanimidade<\/strong><\/p>\n<p>&#8211; Voto de Felicita\u00e7\u00e3o ao Dia Internacional do Enfermeiro, apresentado pelo eleito do MCE &#8211; <strong>Aprovado por unanimidade<\/strong><\/p>\n\n\t\t<style type=\"text\/css\">\n\t\t\t#gallery-1 {\n\t\t\t\tmargin: auto;\n\t\t\t}\n\t\t\t#gallery-1 .gallery-item {\n\t\t\t\tfloat: left;\n\t\t\t\tmargin-top: 10px;\n\t\t\t\ttext-align: center;\n\t\t\t\twidth: 100%;\n\t\t\t}\n\t\t\t#gallery-1 img {\n\t\t\t\tborder: 2px solid #cfcfcf;\n\t\t\t}\n\t\t\t#gallery-1 .gallery-caption {\n\t\t\t\tmargin-left: 0;\n\t\t\t}\n\t\t\t\/* see gallery_shortcode() in wp-includes\/media.php *\/\n\t\t<\/style>\n\t\t<div id='gallery-1' class='gallery galleryid-62296 gallery-columns-1 gallery-size-full'><dl class='gallery-item'>\n\t\t\t<dt class='gallery-icon landscape'>\n\t\t\t\t<a href='https:\/\/www.cm-evora.pt\/wp-content\/uploads\/2024\/05\/RPCfoto15maio-1.jpg'><img loading=\"lazy\" decoding=\"async\" width=\"1920\" height=\"1280\" src=\"https:\/\/www.cm-evora.pt\/wp-content\/uploads\/2024\/05\/RPCfoto15maio-1.jpg\" class=\"attachment-full size-full\" alt=\"\" srcset=\"https:\/\/www.cm-evora.pt\/wp-content\/uploads\/2024\/05\/RPCfoto15maio-1.jpg 1920w, https:\/\/www.cm-evora.pt\/wp-content\/uploads\/2024\/05\/RPCfoto15maio-1-300x200.jpg 300w, https:\/\/www.cm-evora.pt\/wp-content\/uploads\/2024\/05\/RPCfoto15maio-1-1024x683.jpg 1024w, https:\/\/www.cm-evora.pt\/wp-content\/uploads\/2024\/05\/RPCfoto15maio-1-768x512.jpg 768w, https:\/\/www.cm-evora.pt\/wp-content\/uploads\/2024\/05\/RPCfoto15maio-1-1536x1024.jpg 1536w, https:\/\/www.cm-evora.pt\/wp-content\/uploads\/2024\/05\/RPCfoto15maio-1-1320x880.jpg 1320w\" sizes=\"auto, (max-width: 1920px) 100vw, 1920px\" \/><\/a>\n\t\t\t<\/dt><\/dl><br style=\"clear: both\" \/>\n\t\t<\/div>\n\n","protected":false},"excerpt":{"rendered":"<p>&#8211; Concurso P\u00fablico para Aquisi\u00e7\u00e3o de Servi\u00e7os de Instala\u00e7\u00e3o dos Sistemas Fotovoltaicos Inovadores POCITYF em Edif\u00edcios Municipais Escolas EB 1 de S. Mamede, do Rossio e da Vista Alegre, Mercado Municipal 1\u00b0 de Maio, Edif\u00edcio Espa\u00e7o Ambiente, Arena de \u00c9vora e dois Estacionamentos Municipais de Utiliza\u00e7\u00e3o P\u00fablica \u2013 Aprovado por unanimidade &#8211;\u00a0 Protocolo Espec\u00edfico de [&hellip;]<\/p>\n","protected":false},"author":81,"featured_media":62297,"comment_status":"closed","ping_status":"closed","sticky":false,"template":"","format":"standard","meta":{"_acf_changed":false,"footnotes":""},"categories":[2110],"tags":[],"class_list":["post-62296","post","type-post","status-publish","format-standard","has-post-thumbnail","hentry","category-noticias"],"acf":{"imagens":"","destaq_image":62297,"titulo_docs_seccao":"","documentos":""},"_links":{"self":[{"href":"https:\/\/www.cm-evora.pt\/en\/wp-json\/wp\/v2\/posts\/62296","targetHints":{"allow":["GET"]}}],"collection":[{"href":"https:\/\/www.cm-evora.pt\/en\/wp-json\/wp\/v2\/posts"}],"about":[{"href":"https:\/\/www.cm-evora.pt\/en\/wp-json\/wp\/v2\/types\/post"}],"author":[{"embeddable":true,"href":"https:\/\/www.cm-evora.pt\/en\/wp-json\/wp\/v2\/users\/81"}],"replies":[{"embeddable":true,"href":"https:\/\/www.cm-evora.pt\/en\/wp-json\/wp\/v2\/comments?post=62296"}],"version-history":[{"count":1,"href":"https:\/\/www.cm-evora.pt\/en\/wp-json\/wp\/v2\/posts\/62296\/revisions"}],"predecessor-version":[{"id":62298,"href":"https:\/\/www.cm-evora.pt\/en\/wp-json\/wp\/v2\/posts\/62296\/revisions\/62298"}],"wp:featuredmedia":[{"embeddable":true,"href":"https:\/\/www.cm-evora.pt\/en\/wp-json\/wp\/v2\/media\/62297"}],"wp:attachment":[{"href":"https:\/\/www.cm-evora.pt\/en\/wp-json\/wp\/v2\/media?parent=62296"}],"wp:term":[{"taxonomy":"category","embeddable":true,"href":"https:\/\/www.cm-evora.pt\/en\/wp-json\/wp\/v2\/categories?post=62296"},{"taxonomy":"post_tag","embeddable":true,"href":"https:\/\/www.cm-evora.pt\/en\/wp-json\/wp\/v2\/tags?post=62296"}],"curies":[{"name":"wp","href":"https:\/\/api.w.org\/{rel}","templated":true}]}}