{"id":67807,"date":"2024-11-07T12:15:12","date_gmt":"2024-11-07T12:15:12","guid":{"rendered":"https:\/\/www.cm-evora.pt\/?p=67807"},"modified":"2024-11-07T15:05:51","modified_gmt":"2024-11-07T15:05:51","slug":"lacos-para-a-vida-casa-companhia-beneficia-jovens-e-seniores-em-evora","status":"publish","type":"post","link":"https:\/\/www.cm-evora.pt\/en\/lacos-para-a-vida-casa-companhia-beneficia-jovens-e-seniores-em-evora\/","title":{"rendered":"\u00a0\u201cLa\u00e7os para a Vida \u2013 Casa &amp; Companhia\u201d beneficia jovens e seniores em \u00c9vora"},"content":{"rendered":"<p>Mais uma jovem aluna e uma s\u00e9nior assinaram esta semana (6 de novembro) um contrato de comodato no \u00e2mbito do Projeto \u201cLa\u00e7os para a Vida \u2013 Casa &amp; Companhia\u201d, projeto intergeracional de apoio entre jovens universit\u00e1rios e seniores.<\/p>\n<p>Recorde-se que, ap\u00f3s um per\u00edodo experimental de conhecimento m\u00fatuo, \u00e9 celebrado um Contrato de Comodato entre as partes envolvidas, em que o s\u00e9nior disponibiliza um quarto no seu domic\u00edlio para um estudante do ensino superior e em contrapartida o jovem disponibiliza companhia e apoio ao s\u00e9nior.<\/p>\n<p>Atrav\u00e9s deste projeto a C\u00e2mara Municipal de \u00c9vora procura apoiar os idosos que vivem sozinhos e os jovens mais fragilizados em termos socioecon\u00f3micos, estimulando o contacto entre diferentes gera\u00e7\u00f5es e contribuindo tamb\u00e9m para a revitaliza\u00e7\u00e3o do Centro Hist\u00f3rico.<\/p>\n<p>Dona Arlete (88 anos) vivia sozinha no cora\u00e7\u00e3o da cidade e queria continuar a fazer a sua vida habitual e a sair com as amigas, evitando a ida para um lar. Uma sobrinha aconselhou-a inscrever-se neste projeto e a senhora, ap\u00f3s alguma relut\u00e2ncia, concordou. Quando conheceu a Micaela (estudante na Universidade de \u00c9vora) e a fam\u00edlia desta &#8211; que veio do Algarve propositadamente para a conhecer &#8211; constatou que eram pessoas de confian\u00e7a e logo estabeleceu la\u00e7os de amizade com eles. Decidiu ent\u00e3o assinar o contrato de comodato que estabelece os direitos e deveres m\u00fatuos ao longo de um ano, renov\u00e1vel, caso as partes assim o decidam.<\/p>\n<p>\u201cA seguran\u00e7a que sinto de estar no meu quarto \u00e0 noite e saber que tenho uma pessoa de confian\u00e7a ali ao lado\u201d, explica D. Arlete, real\u00e7ando tamb\u00e9m a ternura e respeito que a Micaela nutre por si.<\/p>\n<p>\u201cNo primeiro dia que a Micaela dormiu c\u00e1, passaram-lhe logo as dores\u201d, diz com ar brincalh\u00e3o a filha de D. Arlete ao que esta responde: \u201cA solid\u00e3o mata e eu passava noites a chorar e n\u00e3o queria ir para um lar, agora sinto-me muito satisfeita por t\u00ea-la c\u00e1\u201d.<\/p>\n<p>Refira-se ainda que este projeto conta com as parcerias da Associa\u00e7\u00e3o de Estudantes da Universidade de \u00c9vora, da Universidade de \u00c9vora, da Associa\u00e7\u00e3o Banco do Tempo, da Caritas Diocesana, da Unidade de Cuidados Familiares e da Funda\u00e7\u00e3o Montepio.<\/p>\n<p>Saiba tudo sobre este projeto, nomeadamente condi\u00e7\u00f5es de participa\u00e7\u00e3o e de inscri\u00e7\u00e3o em: <a href=\"https:\/\/www.cm-evora.pt\/municipe\/areas-de-acao\/juventude\/programas-e-iniciativaspara-a-juventude\/lacos-para-a-vida\/\">https:\/\/www.cm-evora.pt\/municipe\/areas-de-acao\/juventude\/programas-e-iniciativaspara-a-juventude\/lacos-para-a-vida\/<\/a><\/p>\n<p>&nbsp;<\/p>\n","protected":false},"excerpt":{"rendered":"<p>Mais uma jovem aluna e uma s\u00e9nior assinaram esta semana (6 de novembro) um contrato de comodato no \u00e2mbito do Projeto \u201cLa\u00e7os para a Vida \u2013 Casa &amp; Companhia\u201d, projeto intergeracional de apoio entre jovens universit\u00e1rios e seniores. Recorde-se que, ap\u00f3s um per\u00edodo experimental de conhecimento m\u00fatuo, \u00e9 celebrado um Contrato de Comodato entre as [&hellip;]<\/p>\n","protected":false},"author":81,"featured_media":67811,"comment_status":"closed","ping_status":"closed","sticky":false,"template":"","format":"standard","meta":{"_acf_changed":false,"footnotes":""},"categories":[2110],"tags":[],"class_list":["post-67807","post","type-post","status-publish","format-standard","has-post-thumbnail","hentry","category-noticias"],"acf":{"imagens":"","destaq_image":67811,"titulo_docs_seccao":"","documentos":""},"_links":{"self":[{"href":"https:\/\/www.cm-evora.pt\/en\/wp-json\/wp\/v2\/posts\/67807","targetHints":{"allow":["GET"]}}],"collection":[{"href":"https:\/\/www.cm-evora.pt\/en\/wp-json\/wp\/v2\/posts"}],"about":[{"href":"https:\/\/www.cm-evora.pt\/en\/wp-json\/wp\/v2\/types\/post"}],"author":[{"embeddable":true,"href":"https:\/\/www.cm-evora.pt\/en\/wp-json\/wp\/v2\/users\/81"}],"replies":[{"embeddable":true,"href":"https:\/\/www.cm-evora.pt\/en\/wp-json\/wp\/v2\/comments?post=67807"}],"version-history":[{"count":3,"href":"https:\/\/www.cm-evora.pt\/en\/wp-json\/wp\/v2\/posts\/67807\/revisions"}],"predecessor-version":[{"id":67835,"href":"https:\/\/www.cm-evora.pt\/en\/wp-json\/wp\/v2\/posts\/67807\/revisions\/67835"}],"wp:featuredmedia":[{"embeddable":true,"href":"https:\/\/www.cm-evora.pt\/en\/wp-json\/wp\/v2\/media\/67811"}],"wp:attachment":[{"href":"https:\/\/www.cm-evora.pt\/en\/wp-json\/wp\/v2\/media?parent=67807"}],"wp:term":[{"taxonomy":"category","embeddable":true,"href":"https:\/\/www.cm-evora.pt\/en\/wp-json\/wp\/v2\/categories?post=67807"},{"taxonomy":"post_tag","embeddable":true,"href":"https:\/\/www.cm-evora.pt\/en\/wp-json\/wp\/v2\/tags?post=67807"}],"curies":[{"name":"wp","href":"https:\/\/api.w.org\/{rel}","templated":true}]}}