{"id":68307,"date":"2024-11-19T14:54:35","date_gmt":"2024-11-19T14:54:35","guid":{"rendered":"https:\/\/www.cm-evora.pt\/?p=68307"},"modified":"2024-11-19T14:54:35","modified_gmt":"2024-11-19T14:54:35","slug":"meia-de-evora-cidade-prepara-se-para-receber-4-200-participantes-neste-fim-de-semana","status":"publish","type":"post","link":"https:\/\/www.cm-evora.pt\/en\/meia-de-evora-cidade-prepara-se-para-receber-4-200-participantes-neste-fim-de-semana\/","title":{"rendered":"Meia de \u00c9vora | Cidade prepara-se para receber 4.200 participantes neste fim de semana"},"content":{"rendered":"<p>Neste fim de semana, \u00c9vora ser\u00e1 palco de mais uma edi\u00e7\u00e3o da &#8220;Meia de \u00c9vora&#8221;, que re\u00fane 4.200 entusiastas do desporto num evento diversificado, promovido pela C\u00e2mara Municipal, em parceria com a HMS Sports. A competi\u00e7\u00e3o inclui v\u00e1rias atividades de rua: a corrida principal de 21,1 km, uma prova de 10 km, uma caminhada de 5 km e a Run Kids, destinada aos mais pequenos e respetivas fam\u00edlias.<\/p>\n<p>&nbsp;<\/p>\n<p>Com ponto de partida e chegada na \u201csala de visitas\u201d de \u00c9vora, a Pra\u00e7a do Giraldo, os percursos atravessam os locais hist\u00f3ricos da cidade, proporcionando uma experi\u00eancia \u00fanica, que alia cultura e desporto. A programa\u00e7\u00e3o come\u00e7a no s\u00e1bado de manh\u00e3, com a Breakfast Run, uma corrida leve de ativa\u00e7\u00e3o para reduzir a ansiedade pr\u00e9-prova, e \u00e0 tarde ser\u00e3o os mais novos que ir\u00e3o brilhar na Run Kids. Momentos antes, tamb\u00e9m na Pra\u00e7a de Giraldo, ter\u00e1 lugar a cerim\u00f3nia de apadrinhamento de \u00e1rvores que ser\u00e3o plantadas no concelho por ocasi\u00e3o da \u201cMeia de \u00c9vora\u201d.<\/p>\n<p>&nbsp;<\/p>\n<p>O ponto alto ser\u00e1 domingo de manh\u00e3 com a realiza\u00e7\u00e3o da prova-rainha, que junta mais de 700 meio fundistas, enquanto que nos 10 kms participar\u00e3o 1200 atletas. A caminhada, de 5 mil metros, tamb\u00e9m bate recordes, juntando cerca de 2000 pessoas.<\/p>\n<p>&nbsp;<\/p>\n<p>Esta festa do desporto, segundo o vereador do pelouro, Alexandre Varela, \u201coferece aos participantes o privil\u00e9gio de correr por cen\u00e1rios emblem\u00e1ticos e monumentos hist\u00f3ricos da cidade. Aos visitantes, oferece tamb\u00e9m a experi\u00eancia de sair e voltar a entrar no Centro Hist\u00f3rico, um simbolismo que marca a identidade dos eborenses, que estar\u00e3o nas ruas a aplaudir e a incentivar os participantes ao longo de todo o percurso. Haver\u00e3o tamb\u00e9m 28 pontos de anima\u00e7\u00e3o, pensados para dar um empurr\u00e3ozinho aos que precisem de uma motiva\u00e7\u00e3o extra e, evidentemente, a abrilhantar a festa da Meia, n\u00e3o estiv\u00e9ssemos naquela que ser\u00e1 a pr\u00f3xima Capital Europeia de Cultura em 2027!\u201d.<\/p>\n<p>&nbsp;<\/p>\n<p>A &#8220;Meia de \u00c9vora&#8221; atrai tanto atletas de elite quanto corredores amadores. Este ano, uma novidade ser\u00e1 a largada por tempos de prova, otimizando a experi\u00eancia dos participantes. O evento tem crescido em ades\u00e3o, destacando-se como um marco do calend\u00e1rio desportivo a sul do Tejo, ao combinar competi\u00e7\u00e3o e celebra\u00e7\u00e3o da rica hist\u00f3ria de \u00c9vora.<\/p>\n<p>&nbsp;<\/p>\n<p><strong>Ano especial<\/strong><\/p>\n<p>&nbsp;<\/p>\n<p>\u201cNeste ano especial em que comemoramos os 50 Anos da Revolu\u00e7\u00e3o de Abril, a &#8220;Meia de \u00c9vora&#8221; realiza-se no domingo, dia 24 de novembro, exatamente na v\u00e9spera do 38.\u00ba anivers\u00e1rio da inscri\u00e7\u00e3o do nosso Centro Hist\u00f3rico na lista de Patrim\u00f3nio Mundial da Unesco. Uma comemora\u00e7\u00e3o que nos remete para a maior transforma\u00e7\u00e3o positiva que Portugal alguma vez teve; uma data que nos enche de orgulho e nos lembra das nossas responsabilidades na preserva\u00e7\u00e3o e valoriza\u00e7\u00e3o deste bem de toda a Humanidade. Com a vossa presen\u00e7a, unimos o valor do desporto \u00e0 nossa hist\u00f3ria e ao compromisso com a integridade do que \u00e9 nosso, dando vida \u00e0s ruas e pra\u00e7as que tantos s\u00e9culos testemunharam\u201d, relembra o autarca de \u00c9vora, Carlos Pinto de S\u00e1.<\/p>\n<p>&nbsp;<\/p>\n<p>Seja para correr ou simplesmente caminhar, os participantes est\u00e3o convidados a viver um fim de semana de supera\u00e7\u00e3o e liga\u00e7\u00e3o numa das cidades mais encantadoras de Portugal.<\/p>\n<p>&nbsp;<\/p>\n\n\t\t<style type=\"text\/css\">\n\t\t\t#gallery-1 {\n\t\t\t\tmargin: auto;\n\t\t\t}\n\t\t\t#gallery-1 .gallery-item {\n\t\t\t\tfloat: left;\n\t\t\t\tmargin-top: 10px;\n\t\t\t\ttext-align: center;\n\t\t\t\twidth: 50%;\n\t\t\t}\n\t\t\t#gallery-1 img {\n\t\t\t\tborder: 2px solid #cfcfcf;\n\t\t\t}\n\t\t\t#gallery-1 .gallery-caption {\n\t\t\t\tmargin-left: 0;\n\t\t\t}\n\t\t\t\/* see gallery_shortcode() in wp-includes\/media.php *\/\n\t\t<\/style>\n\t\t<div id='gallery-1' class='gallery galleryid-68307 gallery-columns-2 gallery-size-full'><dl class='gallery-item'>\n\t\t\t<dt class='gallery-icon landscape'>\n\t\t\t\t<a href='https:\/\/www.cm-evora.pt\/wp-content\/uploads\/2024\/11\/405823082_743525741144787_4743838729840266741_n.jpg'><img loading=\"lazy\" decoding=\"async\" width=\"2048\" height=\"1520\" src=\"https:\/\/www.cm-evora.pt\/wp-content\/uploads\/2024\/11\/405823082_743525741144787_4743838729840266741_n.jpg\" class=\"attachment-full size-full\" alt=\"\" srcset=\"https:\/\/www.cm-evora.pt\/wp-content\/uploads\/2024\/11\/405823082_743525741144787_4743838729840266741_n.jpg 2048w, https:\/\/www.cm-evora.pt\/wp-content\/uploads\/2024\/11\/405823082_743525741144787_4743838729840266741_n-300x223.jpg 300w, https:\/\/www.cm-evora.pt\/wp-content\/uploads\/2024\/11\/405823082_743525741144787_4743838729840266741_n-1024x760.jpg 1024w, https:\/\/www.cm-evora.pt\/wp-content\/uploads\/2024\/11\/405823082_743525741144787_4743838729840266741_n-768x570.jpg 768w, https:\/\/www.cm-evora.pt\/wp-content\/uploads\/2024\/11\/405823082_743525741144787_4743838729840266741_n-1536x1140.jpg 1536w, https:\/\/www.cm-evora.pt\/wp-content\/uploads\/2024\/11\/405823082_743525741144787_4743838729840266741_n-1320x980.jpg 1320w\" sizes=\"auto, (max-width: 2048px) 100vw, 2048px\" \/><\/a>\n\t\t\t<\/dt><\/dl><dl class='gallery-item'>\n\t\t\t<dt class='gallery-icon landscape'>\n\t\t\t\t<a href='https:\/\/www.cm-evora.pt\/wp-content\/uploads\/2024\/11\/406213290_357047926828897_6126615933836948904_n.jpg'><img loading=\"lazy\" decoding=\"async\" width=\"2048\" height=\"1235\" src=\"https:\/\/www.cm-evora.pt\/wp-content\/uploads\/2024\/11\/406213290_357047926828897_6126615933836948904_n.jpg\" class=\"attachment-full size-full\" alt=\"\" srcset=\"https:\/\/www.cm-evora.pt\/wp-content\/uploads\/2024\/11\/406213290_357047926828897_6126615933836948904_n.jpg 2048w, https:\/\/www.cm-evora.pt\/wp-content\/uploads\/2024\/11\/406213290_357047926828897_6126615933836948904_n-300x181.jpg 300w, https:\/\/www.cm-evora.pt\/wp-content\/uploads\/2024\/11\/406213290_357047926828897_6126615933836948904_n-1024x618.jpg 1024w, https:\/\/www.cm-evora.pt\/wp-content\/uploads\/2024\/11\/406213290_357047926828897_6126615933836948904_n-768x463.jpg 768w, https:\/\/www.cm-evora.pt\/wp-content\/uploads\/2024\/11\/406213290_357047926828897_6126615933836948904_n-1536x926.jpg 1536w, https:\/\/www.cm-evora.pt\/wp-content\/uploads\/2024\/11\/406213290_357047926828897_6126615933836948904_n-1320x796.jpg 1320w\" sizes=\"auto, (max-width: 2048px) 100vw, 2048px\" \/><\/a>\n\t\t\t<\/dt><\/dl><br style=\"clear: both\" \/><dl class='gallery-item'>\n\t\t\t<dt class='gallery-icon portrait'>\n\t\t\t\t<a href='https:\/\/www.cm-evora.pt\/wp-content\/uploads\/2024\/11\/405814132_744063561091005_5243823170524133786_n.jpg'><img loading=\"lazy\" decoding=\"async\" width=\"1617\" height=\"2048\" src=\"https:\/\/www.cm-evora.pt\/wp-content\/uploads\/2024\/11\/405814132_744063561091005_5243823170524133786_n.jpg\" class=\"attachment-full size-full\" alt=\"\" srcset=\"https:\/\/www.cm-evora.pt\/wp-content\/uploads\/2024\/11\/405814132_744063561091005_5243823170524133786_n.jpg 1617w, https:\/\/www.cm-evora.pt\/wp-content\/uploads\/2024\/11\/405814132_744063561091005_5243823170524133786_n-237x300.jpg 237w, https:\/\/www.cm-evora.pt\/wp-content\/uploads\/2024\/11\/405814132_744063561091005_5243823170524133786_n-809x1024.jpg 809w, https:\/\/www.cm-evora.pt\/wp-content\/uploads\/2024\/11\/405814132_744063561091005_5243823170524133786_n-768x973.jpg 768w, https:\/\/www.cm-evora.pt\/wp-content\/uploads\/2024\/11\/405814132_744063561091005_5243823170524133786_n-1213x1536.jpg 1213w, https:\/\/www.cm-evora.pt\/wp-content\/uploads\/2024\/11\/405814132_744063561091005_5243823170524133786_n-1320x1672.jpg 1320w\" sizes=\"auto, (max-width: 1617px) 100vw, 1617px\" \/><\/a>\n\t\t\t<\/dt><\/dl>\n\t\t\t<br style='clear: both' \/>\n\t\t<\/div>\n\n","protected":false},"excerpt":{"rendered":"<p>Neste fim de semana, \u00c9vora ser\u00e1 palco de mais uma edi\u00e7\u00e3o da &#8220;Meia de \u00c9vora&#8221;, que re\u00fane 4.200 entusiastas do desporto num evento diversificado, promovido pela C\u00e2mara Municipal, em parceria com a HMS Sports. A competi\u00e7\u00e3o inclui v\u00e1rias atividades de rua: a corrida principal de 21,1 km, uma prova de 10 km, uma caminhada de [&hellip;]<\/p>\n","protected":false},"author":45,"featured_media":68309,"comment_status":"closed","ping_status":"closed","sticky":false,"template":"","format":"standard","meta":{"_acf_changed":false,"footnotes":""},"categories":[2110],"tags":[],"class_list":["post-68307","post","type-post","status-publish","format-standard","has-post-thumbnail","hentry","category-noticias"],"acf":{"imagens":"","destaq_image":68311,"titulo_docs_seccao":"","documentos":""},"_links":{"self":[{"href":"https:\/\/www.cm-evora.pt\/en\/wp-json\/wp\/v2\/posts\/68307","targetHints":{"allow":["GET"]}}],"collection":[{"href":"https:\/\/www.cm-evora.pt\/en\/wp-json\/wp\/v2\/posts"}],"about":[{"href":"https:\/\/www.cm-evora.pt\/en\/wp-json\/wp\/v2\/types\/post"}],"author":[{"embeddable":true,"href":"https:\/\/www.cm-evora.pt\/en\/wp-json\/wp\/v2\/users\/45"}],"replies":[{"embeddable":true,"href":"https:\/\/www.cm-evora.pt\/en\/wp-json\/wp\/v2\/comments?post=68307"}],"version-history":[{"count":1,"href":"https:\/\/www.cm-evora.pt\/en\/wp-json\/wp\/v2\/posts\/68307\/revisions"}],"predecessor-version":[{"id":68312,"href":"https:\/\/www.cm-evora.pt\/en\/wp-json\/wp\/v2\/posts\/68307\/revisions\/68312"}],"wp:featuredmedia":[{"embeddable":true,"href":"https:\/\/www.cm-evora.pt\/en\/wp-json\/wp\/v2\/media\/68309"}],"wp:attachment":[{"href":"https:\/\/www.cm-evora.pt\/en\/wp-json\/wp\/v2\/media?parent=68307"}],"wp:term":[{"taxonomy":"category","embeddable":true,"href":"https:\/\/www.cm-evora.pt\/en\/wp-json\/wp\/v2\/categories?post=68307"},{"taxonomy":"post_tag","embeddable":true,"href":"https:\/\/www.cm-evora.pt\/en\/wp-json\/wp\/v2\/tags?post=68307"}],"curies":[{"name":"wp","href":"https:\/\/api.w.org\/{rel}","templated":true}]}}