{"id":68783,"date":"2024-11-29T12:31:46","date_gmt":"2024-11-29T12:31:46","guid":{"rendered":"https:\/\/www.cm-evora.pt\/?p=68783"},"modified":"2024-11-29T12:31:46","modified_gmt":"2024-11-29T12:31:46","slug":"integrado-no-3o-encontro-evora-cidade-educadora-dia-da-escola-sem-paredes-mobiliza-centenas-de-criancas-e-jovens-eborenses","status":"publish","type":"post","link":"https:\/\/www.cm-evora.pt\/en\/integrado-no-3o-encontro-evora-cidade-educadora-dia-da-escola-sem-paredes-mobiliza-centenas-de-criancas-e-jovens-eborenses\/","title":{"rendered":"Integrado no 3\u00ba Encontro \u201c\u00c9vora Cidade Educadora\u201d \u201cDIA DA ESCOLA SEM PAREDES\u201d MOBILIZA CENTENAS DE CRIAN\u00c7AS E JOVENS EBORENSES"},"content":{"rendered":"<p><strong>Sob o lema \u201cO Patrim\u00f3nio como Ferramenta de Educa\u00e7\u00e3o e de Identidade\u201d, e integrado na programa\u00e7\u00e3o 3\u00ba Encontro \u00c9vora Cidade Educadora, tem estado a decorrer hoje, 29\/11\/2024, o Dia da Escola Sem Paredes.<\/strong><\/p>\n<p>Este foi um desafio lan\u00e7ado \u00e0 comunidade escolar para que alunos, professores, educadores, formadores, ousassem saltar os muros das escolas e viessem \u201cmergulhar\u201d na cidade. E o desafio foi aceite, de tal forma que perto de 700 crian\u00e7as e jovens de 38 turmas de todos os n\u00edveis de ensino, acompanhadas dos respetivos professores, educadores e auxiliares, oriundos de 16 institui\u00e7\u00f5es de ensino, est\u00e3o hoje por toda a cidade a dinamizar os seus programas e objetivos educativos em \u201caulas de exterior\u201d. M\u00faltiplas atividades est\u00e3o a ser desenvolvidas em v\u00e1rios locais, desde espa\u00e7os verdes, Museu, Universidade, espa\u00e7os p\u00fablicos do Centro Hist\u00f3rico, Convento dos Rem\u00e9dios, e outros, sempre com o foco no Patrim\u00f3nio, quer se trate de patrim\u00f3nio vivo ou patrim\u00f3nio edificado.<\/p>\n<p>Amanh\u00e3, 30\/11\/2024, celebra-se o Dia Internacional da Cidade Educadora sob o lema \u201cA Cidade Educadora como Laborat\u00f3rio de Aprendizagens, Cidadania e Transforma\u00e7\u00e3o Social\u201d. \u00c9vora, como habitualmente, associou-se \u00e0 iniciativa com um conjunto de atividades. Para mais informa\u00e7\u00e3o e programa completo, aceda a <a href=\"https:\/\/www.cm-evora.pt\/eventos\/3o-encontro-de-evora-cidade-educadora-a-cidade-educadora-como-laboratorio-de-aprendizagens-cidadania-e-transformacao-social\/\">https:\/\/www.cm-evora.pt\/eventos\/3o-encontro-de-evora-cidade-educadora-a-cidade-educadora-como-laboratorio-de-aprendizagens-cidadania-e-transformacao-social\/<\/a><\/p>\n\n\t\t<style type=\"text\/css\">\n\t\t\t#gallery-1 {\n\t\t\t\tmargin: auto;\n\t\t\t}\n\t\t\t#gallery-1 .gallery-item {\n\t\t\t\tfloat: left;\n\t\t\t\tmargin-top: 10px;\n\t\t\t\ttext-align: center;\n\t\t\t\twidth: 33%;\n\t\t\t}\n\t\t\t#gallery-1 img {\n\t\t\t\tborder: 2px solid #cfcfcf;\n\t\t\t}\n\t\t\t#gallery-1 .gallery-caption {\n\t\t\t\tmargin-left: 0;\n\t\t\t}\n\t\t\t\/* see gallery_shortcode() in wp-includes\/media.php *\/\n\t\t<\/style>\n\t\t<div id='gallery-1' class='gallery galleryid-68783 gallery-columns-3 gallery-size-full'><dl class='gallery-item'>\n\t\t\t<dt class='gallery-icon landscape'>\n\t\t\t\t<a href='https:\/\/www.cm-evora.pt\/wp-content\/uploads\/2024\/11\/2024_11_28-HO-Dia-da-Escola-Sem-Paredes-4.jpg'><img loading=\"lazy\" decoding=\"async\" width=\"1920\" height=\"1280\" src=\"https:\/\/www.cm-evora.pt\/wp-content\/uploads\/2024\/11\/2024_11_28-HO-Dia-da-Escola-Sem-Paredes-4.jpg\" class=\"attachment-full size-full\" alt=\"\" srcset=\"https:\/\/www.cm-evora.pt\/wp-content\/uploads\/2024\/11\/2024_11_28-HO-Dia-da-Escola-Sem-Paredes-4.jpg 1920w, https:\/\/www.cm-evora.pt\/wp-content\/uploads\/2024\/11\/2024_11_28-HO-Dia-da-Escola-Sem-Paredes-4-300x200.jpg 300w, https:\/\/www.cm-evora.pt\/wp-content\/uploads\/2024\/11\/2024_11_28-HO-Dia-da-Escola-Sem-Paredes-4-1024x683.jpg 1024w, https:\/\/www.cm-evora.pt\/wp-content\/uploads\/2024\/11\/2024_11_28-HO-Dia-da-Escola-Sem-Paredes-4-768x512.jpg 768w, https:\/\/www.cm-evora.pt\/wp-content\/uploads\/2024\/11\/2024_11_28-HO-Dia-da-Escola-Sem-Paredes-4-1536x1024.jpg 1536w, https:\/\/www.cm-evora.pt\/wp-content\/uploads\/2024\/11\/2024_11_28-HO-Dia-da-Escola-Sem-Paredes-4-1320x880.jpg 1320w\" sizes=\"auto, (max-width: 1920px) 100vw, 1920px\" \/><\/a>\n\t\t\t<\/dt><\/dl><dl class='gallery-item'>\n\t\t\t<dt class='gallery-icon landscape'>\n\t\t\t\t<a href='https:\/\/www.cm-evora.pt\/wp-content\/uploads\/2024\/11\/2024_11_28-HO-Dia-da-Escola-Sem-Paredes-5.jpg'><img loading=\"lazy\" decoding=\"async\" width=\"1920\" height=\"1332\" src=\"https:\/\/www.cm-evora.pt\/wp-content\/uploads\/2024\/11\/2024_11_28-HO-Dia-da-Escola-Sem-Paredes-5.jpg\" class=\"attachment-full size-full\" alt=\"\" srcset=\"https:\/\/www.cm-evora.pt\/wp-content\/uploads\/2024\/11\/2024_11_28-HO-Dia-da-Escola-Sem-Paredes-5.jpg 1920w, https:\/\/www.cm-evora.pt\/wp-content\/uploads\/2024\/11\/2024_11_28-HO-Dia-da-Escola-Sem-Paredes-5-300x208.jpg 300w, https:\/\/www.cm-evora.pt\/wp-content\/uploads\/2024\/11\/2024_11_28-HO-Dia-da-Escola-Sem-Paredes-5-1024x710.jpg 1024w, https:\/\/www.cm-evora.pt\/wp-content\/uploads\/2024\/11\/2024_11_28-HO-Dia-da-Escola-Sem-Paredes-5-768x533.jpg 768w, https:\/\/www.cm-evora.pt\/wp-content\/uploads\/2024\/11\/2024_11_28-HO-Dia-da-Escola-Sem-Paredes-5-1536x1066.jpg 1536w, https:\/\/www.cm-evora.pt\/wp-content\/uploads\/2024\/11\/2024_11_28-HO-Dia-da-Escola-Sem-Paredes-5-1320x916.jpg 1320w\" sizes=\"auto, (max-width: 1920px) 100vw, 1920px\" \/><\/a>\n\t\t\t<\/dt><\/dl><dl class='gallery-item'>\n\t\t\t<dt class='gallery-icon landscape'>\n\t\t\t\t<a href='https:\/\/www.cm-evora.pt\/wp-content\/uploads\/2024\/11\/2024_11_28-HO-Dia-da-Escola-Sem-Paredes-6.jpg'><img loading=\"lazy\" decoding=\"async\" width=\"1920\" height=\"1280\" src=\"https:\/\/www.cm-evora.pt\/wp-content\/uploads\/2024\/11\/2024_11_28-HO-Dia-da-Escola-Sem-Paredes-6.jpg\" class=\"attachment-full size-full\" alt=\"\" srcset=\"https:\/\/www.cm-evora.pt\/wp-content\/uploads\/2024\/11\/2024_11_28-HO-Dia-da-Escola-Sem-Paredes-6.jpg 1920w, https:\/\/www.cm-evora.pt\/wp-content\/uploads\/2024\/11\/2024_11_28-HO-Dia-da-Escola-Sem-Paredes-6-300x200.jpg 300w, https:\/\/www.cm-evora.pt\/wp-content\/uploads\/2024\/11\/2024_11_28-HO-Dia-da-Escola-Sem-Paredes-6-1024x683.jpg 1024w, https:\/\/www.cm-evora.pt\/wp-content\/uploads\/2024\/11\/2024_11_28-HO-Dia-da-Escola-Sem-Paredes-6-768x512.jpg 768w, https:\/\/www.cm-evora.pt\/wp-content\/uploads\/2024\/11\/2024_11_28-HO-Dia-da-Escola-Sem-Paredes-6-1536x1024.jpg 1536w, https:\/\/www.cm-evora.pt\/wp-content\/uploads\/2024\/11\/2024_11_28-HO-Dia-da-Escola-Sem-Paredes-6-1320x880.jpg 1320w\" sizes=\"auto, (max-width: 1920px) 100vw, 1920px\" \/><\/a>\n\t\t\t<\/dt><\/dl><br style=\"clear: both\" \/><dl class='gallery-item'>\n\t\t\t<dt class='gallery-icon landscape'>\n\t\t\t\t<a href='https:\/\/www.cm-evora.pt\/wp-content\/uploads\/2024\/11\/2024_11_28-HO-Dia-da-Escola-Sem-Paredes-7.jpg'><img loading=\"lazy\" decoding=\"async\" width=\"1920\" height=\"1280\" src=\"https:\/\/www.cm-evora.pt\/wp-content\/uploads\/2024\/11\/2024_11_28-HO-Dia-da-Escola-Sem-Paredes-7.jpg\" class=\"attachment-full size-full\" alt=\"\" srcset=\"https:\/\/www.cm-evora.pt\/wp-content\/uploads\/2024\/11\/2024_11_28-HO-Dia-da-Escola-Sem-Paredes-7.jpg 1920w, https:\/\/www.cm-evora.pt\/wp-content\/uploads\/2024\/11\/2024_11_28-HO-Dia-da-Escola-Sem-Paredes-7-300x200.jpg 300w, https:\/\/www.cm-evora.pt\/wp-content\/uploads\/2024\/11\/2024_11_28-HO-Dia-da-Escola-Sem-Paredes-7-1024x683.jpg 1024w, https:\/\/www.cm-evora.pt\/wp-content\/uploads\/2024\/11\/2024_11_28-HO-Dia-da-Escola-Sem-Paredes-7-768x512.jpg 768w, https:\/\/www.cm-evora.pt\/wp-content\/uploads\/2024\/11\/2024_11_28-HO-Dia-da-Escola-Sem-Paredes-7-1536x1024.jpg 1536w, https:\/\/www.cm-evora.pt\/wp-content\/uploads\/2024\/11\/2024_11_28-HO-Dia-da-Escola-Sem-Paredes-7-1320x880.jpg 1320w\" sizes=\"auto, (max-width: 1920px) 100vw, 1920px\" \/><\/a>\n\t\t\t<\/dt><\/dl><dl class='gallery-item'>\n\t\t\t<dt class='gallery-icon landscape'>\n\t\t\t\t<a href='https:\/\/www.cm-evora.pt\/wp-content\/uploads\/2024\/11\/2024_11_28-HO-Dia-da-Escola-Sem-Paredes-9.jpg'><img loading=\"lazy\" decoding=\"async\" width=\"1920\" height=\"1280\" src=\"https:\/\/www.cm-evora.pt\/wp-content\/uploads\/2024\/11\/2024_11_28-HO-Dia-da-Escola-Sem-Paredes-9.jpg\" class=\"attachment-full size-full\" alt=\"\" srcset=\"https:\/\/www.cm-evora.pt\/wp-content\/uploads\/2024\/11\/2024_11_28-HO-Dia-da-Escola-Sem-Paredes-9.jpg 1920w, https:\/\/www.cm-evora.pt\/wp-content\/uploads\/2024\/11\/2024_11_28-HO-Dia-da-Escola-Sem-Paredes-9-300x200.jpg 300w, https:\/\/www.cm-evora.pt\/wp-content\/uploads\/2024\/11\/2024_11_28-HO-Dia-da-Escola-Sem-Paredes-9-1024x683.jpg 1024w, https:\/\/www.cm-evora.pt\/wp-content\/uploads\/2024\/11\/2024_11_28-HO-Dia-da-Escola-Sem-Paredes-9-768x512.jpg 768w, https:\/\/www.cm-evora.pt\/wp-content\/uploads\/2024\/11\/2024_11_28-HO-Dia-da-Escola-Sem-Paredes-9-1536x1024.jpg 1536w, https:\/\/www.cm-evora.pt\/wp-content\/uploads\/2024\/11\/2024_11_28-HO-Dia-da-Escola-Sem-Paredes-9-1320x880.jpg 1320w\" sizes=\"auto, (max-width: 1920px) 100vw, 1920px\" \/><\/a>\n\t\t\t<\/dt><\/dl><dl class='gallery-item'>\n\t\t\t<dt class='gallery-icon landscape'>\n\t\t\t\t<a href='https:\/\/www.cm-evora.pt\/wp-content\/uploads\/2024\/11\/2024_11_28-HO-Dia-da-Escola-Sem-Paredes-11.jpg'><img loading=\"lazy\" decoding=\"async\" width=\"1920\" height=\"1280\" src=\"https:\/\/www.cm-evora.pt\/wp-content\/uploads\/2024\/11\/2024_11_28-HO-Dia-da-Escola-Sem-Paredes-11.jpg\" class=\"attachment-full size-full\" alt=\"\" srcset=\"https:\/\/www.cm-evora.pt\/wp-content\/uploads\/2024\/11\/2024_11_28-HO-Dia-da-Escola-Sem-Paredes-11.jpg 1920w, https:\/\/www.cm-evora.pt\/wp-content\/uploads\/2024\/11\/2024_11_28-HO-Dia-da-Escola-Sem-Paredes-11-300x200.jpg 300w, https:\/\/www.cm-evora.pt\/wp-content\/uploads\/2024\/11\/2024_11_28-HO-Dia-da-Escola-Sem-Paredes-11-1024x683.jpg 1024w, https:\/\/www.cm-evora.pt\/wp-content\/uploads\/2024\/11\/2024_11_28-HO-Dia-da-Escola-Sem-Paredes-11-768x512.jpg 768w, https:\/\/www.cm-evora.pt\/wp-content\/uploads\/2024\/11\/2024_11_28-HO-Dia-da-Escola-Sem-Paredes-11-1536x1024.jpg 1536w, https:\/\/www.cm-evora.pt\/wp-content\/uploads\/2024\/11\/2024_11_28-HO-Dia-da-Escola-Sem-Paredes-11-1320x880.jpg 1320w\" sizes=\"auto, (max-width: 1920px) 100vw, 1920px\" \/><\/a>\n\t\t\t<\/dt><\/dl><br style=\"clear: both\" \/><dl class='gallery-item'>\n\t\t\t<dt class='gallery-icon landscape'>\n\t\t\t\t<a href='https:\/\/www.cm-evora.pt\/wp-content\/uploads\/2024\/11\/2024_11_28-HO-Dia-da-Escola-Sem-Paredes-15.jpg'><img loading=\"lazy\" decoding=\"async\" width=\"1920\" height=\"1257\" src=\"https:\/\/www.cm-evora.pt\/wp-content\/uploads\/2024\/11\/2024_11_28-HO-Dia-da-Escola-Sem-Paredes-15.jpg\" class=\"attachment-full size-full\" alt=\"\" srcset=\"https:\/\/www.cm-evora.pt\/wp-content\/uploads\/2024\/11\/2024_11_28-HO-Dia-da-Escola-Sem-Paredes-15.jpg 1920w, https:\/\/www.cm-evora.pt\/wp-content\/uploads\/2024\/11\/2024_11_28-HO-Dia-da-Escola-Sem-Paredes-15-300x196.jpg 300w, https:\/\/www.cm-evora.pt\/wp-content\/uploads\/2024\/11\/2024_11_28-HO-Dia-da-Escola-Sem-Paredes-15-1024x670.jpg 1024w, https:\/\/www.cm-evora.pt\/wp-content\/uploads\/2024\/11\/2024_11_28-HO-Dia-da-Escola-Sem-Paredes-15-768x503.jpg 768w, https:\/\/www.cm-evora.pt\/wp-content\/uploads\/2024\/11\/2024_11_28-HO-Dia-da-Escola-Sem-Paredes-15-1536x1006.jpg 1536w, https:\/\/www.cm-evora.pt\/wp-content\/uploads\/2024\/11\/2024_11_28-HO-Dia-da-Escola-Sem-Paredes-15-1320x864.jpg 1320w\" sizes=\"auto, (max-width: 1920px) 100vw, 1920px\" \/><\/a>\n\t\t\t<\/dt><\/dl><dl class='gallery-item'>\n\t\t\t<dt class='gallery-icon landscape'>\n\t\t\t\t<a href='https:\/\/www.cm-evora.pt\/wp-content\/uploads\/2024\/11\/2024_11_28-HO-Dia-da-Escola-Sem-Paredes-16.jpg'><img loading=\"lazy\" decoding=\"async\" width=\"1920\" height=\"1427\" src=\"https:\/\/www.cm-evora.pt\/wp-content\/uploads\/2024\/11\/2024_11_28-HO-Dia-da-Escola-Sem-Paredes-16.jpg\" class=\"attachment-full size-full\" alt=\"\" srcset=\"https:\/\/www.cm-evora.pt\/wp-content\/uploads\/2024\/11\/2024_11_28-HO-Dia-da-Escola-Sem-Paredes-16.jpg 1920w, https:\/\/www.cm-evora.pt\/wp-content\/uploads\/2024\/11\/2024_11_28-HO-Dia-da-Escola-Sem-Paredes-16-300x223.jpg 300w, https:\/\/www.cm-evora.pt\/wp-content\/uploads\/2024\/11\/2024_11_28-HO-Dia-da-Escola-Sem-Paredes-16-1024x761.jpg 1024w, https:\/\/www.cm-evora.pt\/wp-content\/uploads\/2024\/11\/2024_11_28-HO-Dia-da-Escola-Sem-Paredes-16-768x571.jpg 768w, https:\/\/www.cm-evora.pt\/wp-content\/uploads\/2024\/11\/2024_11_28-HO-Dia-da-Escola-Sem-Paredes-16-1536x1142.jpg 1536w, https:\/\/www.cm-evora.pt\/wp-content\/uploads\/2024\/11\/2024_11_28-HO-Dia-da-Escola-Sem-Paredes-16-1320x981.jpg 1320w\" sizes=\"auto, (max-width: 1920px) 100vw, 1920px\" \/><\/a>\n\t\t\t<\/dt><\/dl><dl class='gallery-item'>\n\t\t\t<dt class='gallery-icon landscape'>\n\t\t\t\t<a href='https:\/\/www.cm-evora.pt\/wp-content\/uploads\/2024\/11\/2024_11_28-HO-Dia-da-Escola-Sem-Paredes-17.jpg'><img loading=\"lazy\" decoding=\"async\" width=\"1920\" height=\"1080\" src=\"https:\/\/www.cm-evora.pt\/wp-content\/uploads\/2024\/11\/2024_11_28-HO-Dia-da-Escola-Sem-Paredes-17.jpg\" class=\"attachment-full size-full\" alt=\"\" srcset=\"https:\/\/www.cm-evora.pt\/wp-content\/uploads\/2024\/11\/2024_11_28-HO-Dia-da-Escola-Sem-Paredes-17.jpg 1920w, https:\/\/www.cm-evora.pt\/wp-content\/uploads\/2024\/11\/2024_11_28-HO-Dia-da-Escola-Sem-Paredes-17-300x169.jpg 300w, https:\/\/www.cm-evora.pt\/wp-content\/uploads\/2024\/11\/2024_11_28-HO-Dia-da-Escola-Sem-Paredes-17-1024x576.jpg 1024w, https:\/\/www.cm-evora.pt\/wp-content\/uploads\/2024\/11\/2024_11_28-HO-Dia-da-Escola-Sem-Paredes-17-768x432.jpg 768w, https:\/\/www.cm-evora.pt\/wp-content\/uploads\/2024\/11\/2024_11_28-HO-Dia-da-Escola-Sem-Paredes-17-1536x864.jpg 1536w, https:\/\/www.cm-evora.pt\/wp-content\/uploads\/2024\/11\/2024_11_28-HO-Dia-da-Escola-Sem-Paredes-17-1320x743.jpg 1320w\" sizes=\"auto, (max-width: 1920px) 100vw, 1920px\" \/><\/a>\n\t\t\t<\/dt><\/dl><br style=\"clear: both\" \/><dl class='gallery-item'>\n\t\t\t<dt class='gallery-icon landscape'>\n\t\t\t\t<a href='https:\/\/www.cm-evora.pt\/wp-content\/uploads\/2024\/11\/2024_11_28-HO-Dia-da-Escola-Sem-Paredes-18.jpg'><img loading=\"lazy\" decoding=\"async\" width=\"1920\" height=\"1080\" src=\"https:\/\/www.cm-evora.pt\/wp-content\/uploads\/2024\/11\/2024_11_28-HO-Dia-da-Escola-Sem-Paredes-18.jpg\" class=\"attachment-full size-full\" alt=\"\" srcset=\"https:\/\/www.cm-evora.pt\/wp-content\/uploads\/2024\/11\/2024_11_28-HO-Dia-da-Escola-Sem-Paredes-18.jpg 1920w, https:\/\/www.cm-evora.pt\/wp-content\/uploads\/2024\/11\/2024_11_28-HO-Dia-da-Escola-Sem-Paredes-18-300x169.jpg 300w, https:\/\/www.cm-evora.pt\/wp-content\/uploads\/2024\/11\/2024_11_28-HO-Dia-da-Escola-Sem-Paredes-18-1024x576.jpg 1024w, https:\/\/www.cm-evora.pt\/wp-content\/uploads\/2024\/11\/2024_11_28-HO-Dia-da-Escola-Sem-Paredes-18-768x432.jpg 768w, https:\/\/www.cm-evora.pt\/wp-content\/uploads\/2024\/11\/2024_11_28-HO-Dia-da-Escola-Sem-Paredes-18-1536x864.jpg 1536w, https:\/\/www.cm-evora.pt\/wp-content\/uploads\/2024\/11\/2024_11_28-HO-Dia-da-Escola-Sem-Paredes-18-1320x743.jpg 1320w\" sizes=\"auto, (max-width: 1920px) 100vw, 1920px\" \/><\/a>\n\t\t\t<\/dt><\/dl><dl class='gallery-item'>\n\t\t\t<dt class='gallery-icon landscape'>\n\t\t\t\t<a href='https:\/\/www.cm-evora.pt\/wp-content\/uploads\/2024\/11\/2024_11_28-HO-Dia-da-Escola-Sem-Paredes-19.jpg'><img loading=\"lazy\" decoding=\"async\" width=\"1920\" height=\"1080\" src=\"https:\/\/www.cm-evora.pt\/wp-content\/uploads\/2024\/11\/2024_11_28-HO-Dia-da-Escola-Sem-Paredes-19.jpg\" class=\"attachment-full size-full\" alt=\"\" srcset=\"https:\/\/www.cm-evora.pt\/wp-content\/uploads\/2024\/11\/2024_11_28-HO-Dia-da-Escola-Sem-Paredes-19.jpg 1920w, https:\/\/www.cm-evora.pt\/wp-content\/uploads\/2024\/11\/2024_11_28-HO-Dia-da-Escola-Sem-Paredes-19-300x169.jpg 300w, https:\/\/www.cm-evora.pt\/wp-content\/uploads\/2024\/11\/2024_11_28-HO-Dia-da-Escola-Sem-Paredes-19-1024x576.jpg 1024w, https:\/\/www.cm-evora.pt\/wp-content\/uploads\/2024\/11\/2024_11_28-HO-Dia-da-Escola-Sem-Paredes-19-768x432.jpg 768w, https:\/\/www.cm-evora.pt\/wp-content\/uploads\/2024\/11\/2024_11_28-HO-Dia-da-Escola-Sem-Paredes-19-1536x864.jpg 1536w, https:\/\/www.cm-evora.pt\/wp-content\/uploads\/2024\/11\/2024_11_28-HO-Dia-da-Escola-Sem-Paredes-19-1320x743.jpg 1320w\" sizes=\"auto, (max-width: 1920px) 100vw, 1920px\" \/><\/a>\n\t\t\t<\/dt><\/dl><dl class='gallery-item'>\n\t\t\t<dt class='gallery-icon landscape'>\n\t\t\t\t<a href='https:\/\/www.cm-evora.pt\/wp-content\/uploads\/2024\/11\/2024_11_28-HO-Dia-da-Escola-Sem-Paredes.jpg'><img loading=\"lazy\" decoding=\"async\" width=\"1920\" height=\"1267\" src=\"https:\/\/www.cm-evora.pt\/wp-content\/uploads\/2024\/11\/2024_11_28-HO-Dia-da-Escola-Sem-Paredes.jpg\" class=\"attachment-full size-full\" alt=\"\" srcset=\"https:\/\/www.cm-evora.pt\/wp-content\/uploads\/2024\/11\/2024_11_28-HO-Dia-da-Escola-Sem-Paredes.jpg 1920w, https:\/\/www.cm-evora.pt\/wp-content\/uploads\/2024\/11\/2024_11_28-HO-Dia-da-Escola-Sem-Paredes-300x198.jpg 300w, https:\/\/www.cm-evora.pt\/wp-content\/uploads\/2024\/11\/2024_11_28-HO-Dia-da-Escola-Sem-Paredes-1024x676.jpg 1024w, https:\/\/www.cm-evora.pt\/wp-content\/uploads\/2024\/11\/2024_11_28-HO-Dia-da-Escola-Sem-Paredes-768x507.jpg 768w, https:\/\/www.cm-evora.pt\/wp-content\/uploads\/2024\/11\/2024_11_28-HO-Dia-da-Escola-Sem-Paredes-1536x1014.jpg 1536w, https:\/\/www.cm-evora.pt\/wp-content\/uploads\/2024\/11\/2024_11_28-HO-Dia-da-Escola-Sem-Paredes-1320x871.jpg 1320w\" sizes=\"auto, (max-width: 1920px) 100vw, 1920px\" \/><\/a>\n\t\t\t<\/dt><\/dl><br style=\"clear: both\" \/><dl class='gallery-item'>\n\t\t\t<dt class='gallery-icon landscape'>\n\t\t\t\t<a href='https:\/\/www.cm-evora.pt\/wp-content\/uploads\/2024\/11\/2024_11_28-HO-Dia-da-Escola-Sem-Paredes-1.jpg'><img loading=\"lazy\" decoding=\"async\" width=\"1920\" height=\"1280\" src=\"https:\/\/www.cm-evora.pt\/wp-content\/uploads\/2024\/11\/2024_11_28-HO-Dia-da-Escola-Sem-Paredes-1.jpg\" class=\"attachment-full size-full\" alt=\"\" srcset=\"https:\/\/www.cm-evora.pt\/wp-content\/uploads\/2024\/11\/2024_11_28-HO-Dia-da-Escola-Sem-Paredes-1.jpg 1920w, https:\/\/www.cm-evora.pt\/wp-content\/uploads\/2024\/11\/2024_11_28-HO-Dia-da-Escola-Sem-Paredes-1-300x200.jpg 300w, https:\/\/www.cm-evora.pt\/wp-content\/uploads\/2024\/11\/2024_11_28-HO-Dia-da-Escola-Sem-Paredes-1-1024x683.jpg 1024w, https:\/\/www.cm-evora.pt\/wp-content\/uploads\/2024\/11\/2024_11_28-HO-Dia-da-Escola-Sem-Paredes-1-768x512.jpg 768w, https:\/\/www.cm-evora.pt\/wp-content\/uploads\/2024\/11\/2024_11_28-HO-Dia-da-Escola-Sem-Paredes-1-1536x1024.jpg 1536w, https:\/\/www.cm-evora.pt\/wp-content\/uploads\/2024\/11\/2024_11_28-HO-Dia-da-Escola-Sem-Paredes-1-1320x880.jpg 1320w\" sizes=\"auto, (max-width: 1920px) 100vw, 1920px\" \/><\/a>\n\t\t\t<\/dt><\/dl><dl class='gallery-item'>\n\t\t\t<dt class='gallery-icon landscape'>\n\t\t\t\t<a href='https:\/\/www.cm-evora.pt\/wp-content\/uploads\/2024\/11\/2024_11_28-HO-Dia-da-Escola-Sem-Paredes-2.jpg'><img loading=\"lazy\" decoding=\"async\" width=\"1920\" height=\"1280\" src=\"https:\/\/www.cm-evora.pt\/wp-content\/uploads\/2024\/11\/2024_11_28-HO-Dia-da-Escola-Sem-Paredes-2.jpg\" class=\"attachment-full size-full\" alt=\"\" srcset=\"https:\/\/www.cm-evora.pt\/wp-content\/uploads\/2024\/11\/2024_11_28-HO-Dia-da-Escola-Sem-Paredes-2.jpg 1920w, https:\/\/www.cm-evora.pt\/wp-content\/uploads\/2024\/11\/2024_11_28-HO-Dia-da-Escola-Sem-Paredes-2-300x200.jpg 300w, https:\/\/www.cm-evora.pt\/wp-content\/uploads\/2024\/11\/2024_11_28-HO-Dia-da-Escola-Sem-Paredes-2-1024x683.jpg 1024w, https:\/\/www.cm-evora.pt\/wp-content\/uploads\/2024\/11\/2024_11_28-HO-Dia-da-Escola-Sem-Paredes-2-768x512.jpg 768w, https:\/\/www.cm-evora.pt\/wp-content\/uploads\/2024\/11\/2024_11_28-HO-Dia-da-Escola-Sem-Paredes-2-1536x1024.jpg 1536w, https:\/\/www.cm-evora.pt\/wp-content\/uploads\/2024\/11\/2024_11_28-HO-Dia-da-Escola-Sem-Paredes-2-1320x880.jpg 1320w\" sizes=\"auto, (max-width: 1920px) 100vw, 1920px\" \/><\/a>\n\t\t\t<\/dt><\/dl><dl class='gallery-item'>\n\t\t\t<dt class='gallery-icon landscape'>\n\t\t\t\t<a href='https:\/\/www.cm-evora.pt\/wp-content\/uploads\/2024\/11\/2024_11_28-HO-Dia-da-Escola-Sem-Paredes-3.jpg'><img loading=\"lazy\" decoding=\"async\" width=\"1920\" height=\"1268\" src=\"https:\/\/www.cm-evora.pt\/wp-content\/uploads\/2024\/11\/2024_11_28-HO-Dia-da-Escola-Sem-Paredes-3.jpg\" class=\"attachment-full size-full\" alt=\"\" srcset=\"https:\/\/www.cm-evora.pt\/wp-content\/uploads\/2024\/11\/2024_11_28-HO-Dia-da-Escola-Sem-Paredes-3.jpg 1920w, https:\/\/www.cm-evora.pt\/wp-content\/uploads\/2024\/11\/2024_11_28-HO-Dia-da-Escola-Sem-Paredes-3-300x198.jpg 300w, https:\/\/www.cm-evora.pt\/wp-content\/uploads\/2024\/11\/2024_11_28-HO-Dia-da-Escola-Sem-Paredes-3-1024x676.jpg 1024w, https:\/\/www.cm-evora.pt\/wp-content\/uploads\/2024\/11\/2024_11_28-HO-Dia-da-Escola-Sem-Paredes-3-768x507.jpg 768w, https:\/\/www.cm-evora.pt\/wp-content\/uploads\/2024\/11\/2024_11_28-HO-Dia-da-Escola-Sem-Paredes-3-1536x1014.jpg 1536w, https:\/\/www.cm-evora.pt\/wp-content\/uploads\/2024\/11\/2024_11_28-HO-Dia-da-Escola-Sem-Paredes-3-1320x872.jpg 1320w\" sizes=\"auto, (max-width: 1920px) 100vw, 1920px\" \/><\/a>\n\t\t\t<\/dt><\/dl><br style=\"clear: both\" \/>\n\t\t<\/div>\n\n","protected":false},"excerpt":{"rendered":"<p>Sob o lema \u201cO Patrim\u00f3nio como Ferramenta de Educa\u00e7\u00e3o e de Identidade\u201d, e integrado na programa\u00e7\u00e3o 3\u00ba Encontro \u00c9vora Cidade Educadora, tem estado a decorrer hoje, 29\/11\/2024, o Dia da Escola Sem Paredes. Este foi um desafio lan\u00e7ado \u00e0 comunidade escolar para que alunos, professores, educadores, formadores, ousassem saltar os muros das escolas e viessem [&hellip;]<\/p>\n","protected":false},"author":46,"featured_media":68796,"comment_status":"closed","ping_status":"closed","sticky":false,"template":"","format":"standard","meta":{"_acf_changed":false,"footnotes":""},"categories":[2110],"tags":[],"class_list":["post-68783","post","type-post","status-publish","format-standard","has-post-thumbnail","hentry","category-noticias"],"acf":{"imagens":"","destaq_image":68796,"titulo_docs_seccao":"","documentos":""},"_links":{"self":[{"href":"https:\/\/www.cm-evora.pt\/en\/wp-json\/wp\/v2\/posts\/68783","targetHints":{"allow":["GET"]}}],"collection":[{"href":"https:\/\/www.cm-evora.pt\/en\/wp-json\/wp\/v2\/posts"}],"about":[{"href":"https:\/\/www.cm-evora.pt\/en\/wp-json\/wp\/v2\/types\/post"}],"author":[{"embeddable":true,"href":"https:\/\/www.cm-evora.pt\/en\/wp-json\/wp\/v2\/users\/46"}],"replies":[{"embeddable":true,"href":"https:\/\/www.cm-evora.pt\/en\/wp-json\/wp\/v2\/comments?post=68783"}],"version-history":[{"count":1,"href":"https:\/\/www.cm-evora.pt\/en\/wp-json\/wp\/v2\/posts\/68783\/revisions"}],"predecessor-version":[{"id":68799,"href":"https:\/\/www.cm-evora.pt\/en\/wp-json\/wp\/v2\/posts\/68783\/revisions\/68799"}],"wp:featuredmedia":[{"embeddable":true,"href":"https:\/\/www.cm-evora.pt\/en\/wp-json\/wp\/v2\/media\/68796"}],"wp:attachment":[{"href":"https:\/\/www.cm-evora.pt\/en\/wp-json\/wp\/v2\/media?parent=68783"}],"wp:term":[{"taxonomy":"category","embeddable":true,"href":"https:\/\/www.cm-evora.pt\/en\/wp-json\/wp\/v2\/categories?post=68783"},{"taxonomy":"post_tag","embeddable":true,"href":"https:\/\/www.cm-evora.pt\/en\/wp-json\/wp\/v2\/tags?post=68783"}],"curies":[{"name":"wp","href":"https:\/\/api.w.org\/{rel}","templated":true}]}}