{"id":68884,"date":"2024-12-02T12:20:20","date_gmt":"2024-12-02T12:20:20","guid":{"rendered":"https:\/\/www.cm-evora.pt\/?p=68884"},"modified":"2024-12-02T12:20:20","modified_gmt":"2024-12-02T12:20:20","slug":"salao-central-eborense-acolhe-a-exposicao-de-fotografia-tres-olhares-tres-territorios-da-associacao-pedexumbo","status":"publish","type":"post","link":"https:\/\/www.cm-evora.pt\/en\/salao-central-eborense-acolhe-a-exposicao-de-fotografia-tres-olhares-tres-territorios-da-associacao-pedexumbo\/","title":{"rendered":"Sal\u00e3o Central Eborense acolhe a exposi\u00e7\u00e3o de fotografia \u00abTr\u00eas olhares, tr\u00eas territ\u00f3rios\u00bb, da associa\u00e7\u00e3o P\u00e9deXumbo"},"content":{"rendered":"<p><strong>A mostra est\u00e1 patente at\u00e9 20 de dezembro, na galeria de exposi\u00e7\u00f5es deste equipamento cultural da cidade, e resulta do projeto Pessoas Cheias de Territ\u00f3rio 2024, desenvolvido, ao longo deste ano, com tr\u00eas comunidades do Alentejo interior. A inaugura\u00e7\u00e3o teve lugar na sexta-feira, 29 de novembro, primeiro dia do Festival Desdobra-te, e conta com o apoio da C\u00e2mara de \u00c9vora. \u00a0<\/strong><\/p>\n<p>\u00abTr\u00eas olhares, tr\u00eas territ\u00f3rios\u00bb \u00e9 uma exposi\u00e7\u00e3o de fotografia de fot\u00f3grafos dos tr\u00eas territ\u00f3rios, que acompanharam momentos do processo criativo atrav\u00e9s das suas lentes: R\u00faben Silva, de Castro Verde, Cl\u00e1udia Far\u00f3fia, de Reguengos de Monsaraz e Carolina Lecoq, de \u00c9vora. Segundo a P\u00e9dexumbo, a iniciativa reuniu, nestes tr\u00eas concelhos, 680 participantes dos 3 aos 100 anos.<\/p>\n<p>Nesta segunda edi\u00e7\u00e3o de \u00abPessoas Cheias de Territ\u00f3rio\u00bb, o projeto desenvolveu-se atrav\u00e9s do trabalho art\u00edstico dos \u00faltimos anos com a comunidade do concelho de Castro Verde, e une-se \u00e0s comunidades dos tr\u00eas concelhos onde a P\u00e9deXumbo realiza os seus festivais \u2013 Castro Verde [Entrudan\u00e7as], Reguengos de Monsaraz [Andan\u00e7as] e \u00c9vora [Desdobra-te] -, numa parceria com os tr\u00eas munic\u00edpios. As din\u00e2micas de constru\u00e7\u00e3o e desconstru\u00e7\u00e3o do movimento bailado, de ocupar o espa\u00e7o e, at\u00e9, de o transformar, constitu\u00edram o fio condutor do trabalho art\u00edstico.<\/p>\n\n\t\t<style type=\"text\/css\">\n\t\t\t#gallery-1 {\n\t\t\t\tmargin: auto;\n\t\t\t}\n\t\t\t#gallery-1 .gallery-item {\n\t\t\t\tfloat: left;\n\t\t\t\tmargin-top: 10px;\n\t\t\t\ttext-align: center;\n\t\t\t\twidth: 33%;\n\t\t\t}\n\t\t\t#gallery-1 img {\n\t\t\t\tborder: 2px solid #cfcfcf;\n\t\t\t}\n\t\t\t#gallery-1 .gallery-caption {\n\t\t\t\tmargin-left: 0;\n\t\t\t}\n\t\t\t\/* see gallery_shortcode() in wp-includes\/media.php *\/\n\t\t<\/style>\n\t\t<div id='gallery-1' class='gallery galleryid-68884 gallery-columns-3 gallery-size-full'><dl class='gallery-item'>\n\t\t\t<dt class='gallery-icon portrait'>\n\t\t\t\t<a href='https:\/\/www.cm-evora.pt\/wp-content\/uploads\/2024\/12\/20241129_DesdobraTe_Exposicao_01_ME-scaled.jpg'><img loading=\"lazy\" decoding=\"async\" width=\"1835\" height=\"2560\" src=\"https:\/\/www.cm-evora.pt\/wp-content\/uploads\/2024\/12\/20241129_DesdobraTe_Exposicao_01_ME-scaled.jpg\" class=\"attachment-full size-full\" alt=\"\" srcset=\"https:\/\/www.cm-evora.pt\/wp-content\/uploads\/2024\/12\/20241129_DesdobraTe_Exposicao_01_ME-scaled.jpg 1835w, https:\/\/www.cm-evora.pt\/wp-content\/uploads\/2024\/12\/20241129_DesdobraTe_Exposicao_01_ME-215x300.jpg 215w, https:\/\/www.cm-evora.pt\/wp-content\/uploads\/2024\/12\/20241129_DesdobraTe_Exposicao_01_ME-734x1024.jpg 734w, https:\/\/www.cm-evora.pt\/wp-content\/uploads\/2024\/12\/20241129_DesdobraTe_Exposicao_01_ME-768x1072.jpg 768w, https:\/\/www.cm-evora.pt\/wp-content\/uploads\/2024\/12\/20241129_DesdobraTe_Exposicao_01_ME-1101x1536.jpg 1101w, https:\/\/www.cm-evora.pt\/wp-content\/uploads\/2024\/12\/20241129_DesdobraTe_Exposicao_01_ME-1468x2048.jpg 1468w, https:\/\/www.cm-evora.pt\/wp-content\/uploads\/2024\/12\/20241129_DesdobraTe_Exposicao_01_ME-1320x1842.jpg 1320w\" sizes=\"auto, (max-width: 1835px) 100vw, 1835px\" \/><\/a>\n\t\t\t<\/dt><\/dl><dl class='gallery-item'>\n\t\t\t<dt class='gallery-icon landscape'>\n\t\t\t\t<a href='https:\/\/www.cm-evora.pt\/wp-content\/uploads\/2024\/12\/20241129_DesdobraTe_Exposicao_14_ME-scaled.jpg'><img loading=\"lazy\" decoding=\"async\" width=\"2560\" height=\"1707\" src=\"https:\/\/www.cm-evora.pt\/wp-content\/uploads\/2024\/12\/20241129_DesdobraTe_Exposicao_14_ME-scaled.jpg\" class=\"attachment-full size-full\" alt=\"\" srcset=\"https:\/\/www.cm-evora.pt\/wp-content\/uploads\/2024\/12\/20241129_DesdobraTe_Exposicao_14_ME-scaled.jpg 2560w, https:\/\/www.cm-evora.pt\/wp-content\/uploads\/2024\/12\/20241129_DesdobraTe_Exposicao_14_ME-300x200.jpg 300w, https:\/\/www.cm-evora.pt\/wp-content\/uploads\/2024\/12\/20241129_DesdobraTe_Exposicao_14_ME-1024x683.jpg 1024w, https:\/\/www.cm-evora.pt\/wp-content\/uploads\/2024\/12\/20241129_DesdobraTe_Exposicao_14_ME-768x512.jpg 768w, https:\/\/www.cm-evora.pt\/wp-content\/uploads\/2024\/12\/20241129_DesdobraTe_Exposicao_14_ME-1536x1024.jpg 1536w, https:\/\/www.cm-evora.pt\/wp-content\/uploads\/2024\/12\/20241129_DesdobraTe_Exposicao_14_ME-2048x1365.jpg 2048w, https:\/\/www.cm-evora.pt\/wp-content\/uploads\/2024\/12\/20241129_DesdobraTe_Exposicao_14_ME-1320x880.jpg 1320w\" sizes=\"auto, (max-width: 2560px) 100vw, 2560px\" \/><\/a>\n\t\t\t<\/dt><\/dl><dl class='gallery-item'>\n\t\t\t<dt class='gallery-icon landscape'>\n\t\t\t\t<a href='https:\/\/www.cm-evora.pt\/wp-content\/uploads\/2024\/12\/20241129_DesdobraTe_Exposicao_15_ME-scaled.jpg'><img loading=\"lazy\" decoding=\"async\" width=\"2560\" height=\"1707\" src=\"https:\/\/www.cm-evora.pt\/wp-content\/uploads\/2024\/12\/20241129_DesdobraTe_Exposicao_15_ME-scaled.jpg\" class=\"attachment-full size-full\" alt=\"\" srcset=\"https:\/\/www.cm-evora.pt\/wp-content\/uploads\/2024\/12\/20241129_DesdobraTe_Exposicao_15_ME-scaled.jpg 2560w, https:\/\/www.cm-evora.pt\/wp-content\/uploads\/2024\/12\/20241129_DesdobraTe_Exposicao_15_ME-300x200.jpg 300w, https:\/\/www.cm-evora.pt\/wp-content\/uploads\/2024\/12\/20241129_DesdobraTe_Exposicao_15_ME-1024x683.jpg 1024w, https:\/\/www.cm-evora.pt\/wp-content\/uploads\/2024\/12\/20241129_DesdobraTe_Exposicao_15_ME-768x512.jpg 768w, https:\/\/www.cm-evora.pt\/wp-content\/uploads\/2024\/12\/20241129_DesdobraTe_Exposicao_15_ME-1536x1024.jpg 1536w, https:\/\/www.cm-evora.pt\/wp-content\/uploads\/2024\/12\/20241129_DesdobraTe_Exposicao_15_ME-2048x1365.jpg 2048w, https:\/\/www.cm-evora.pt\/wp-content\/uploads\/2024\/12\/20241129_DesdobraTe_Exposicao_15_ME-1320x880.jpg 1320w\" sizes=\"auto, (max-width: 2560px) 100vw, 2560px\" \/><\/a>\n\t\t\t<\/dt><\/dl><br style=\"clear: both\" \/><dl class='gallery-item'>\n\t\t\t<dt class='gallery-icon landscape'>\n\t\t\t\t<a href='https:\/\/www.cm-evora.pt\/wp-content\/uploads\/2024\/12\/20241129_DesdobraTe_Exposicao_16_ME-scaled.jpg'><img loading=\"lazy\" decoding=\"async\" width=\"2560\" height=\"1707\" src=\"https:\/\/www.cm-evora.pt\/wp-content\/uploads\/2024\/12\/20241129_DesdobraTe_Exposicao_16_ME-scaled.jpg\" class=\"attachment-full size-full\" alt=\"\" srcset=\"https:\/\/www.cm-evora.pt\/wp-content\/uploads\/2024\/12\/20241129_DesdobraTe_Exposicao_16_ME-scaled.jpg 2560w, https:\/\/www.cm-evora.pt\/wp-content\/uploads\/2024\/12\/20241129_DesdobraTe_Exposicao_16_ME-300x200.jpg 300w, https:\/\/www.cm-evora.pt\/wp-content\/uploads\/2024\/12\/20241129_DesdobraTe_Exposicao_16_ME-1024x683.jpg 1024w, https:\/\/www.cm-evora.pt\/wp-content\/uploads\/2024\/12\/20241129_DesdobraTe_Exposicao_16_ME-768x512.jpg 768w, https:\/\/www.cm-evora.pt\/wp-content\/uploads\/2024\/12\/20241129_DesdobraTe_Exposicao_16_ME-1536x1024.jpg 1536w, https:\/\/www.cm-evora.pt\/wp-content\/uploads\/2024\/12\/20241129_DesdobraTe_Exposicao_16_ME-2048x1365.jpg 2048w, https:\/\/www.cm-evora.pt\/wp-content\/uploads\/2024\/12\/20241129_DesdobraTe_Exposicao_16_ME-1320x880.jpg 1320w\" sizes=\"auto, (max-width: 2560px) 100vw, 2560px\" \/><\/a>\n\t\t\t<\/dt><\/dl><dl class='gallery-item'>\n\t\t\t<dt class='gallery-icon landscape'>\n\t\t\t\t<a href='https:\/\/www.cm-evora.pt\/wp-content\/uploads\/2024\/12\/20241129_DesdobraTe_Exposicao_17_ME-scaled.jpg'><img loading=\"lazy\" decoding=\"async\" width=\"2560\" height=\"1707\" src=\"https:\/\/www.cm-evora.pt\/wp-content\/uploads\/2024\/12\/20241129_DesdobraTe_Exposicao_17_ME-scaled.jpg\" class=\"attachment-full size-full\" alt=\"\" srcset=\"https:\/\/www.cm-evora.pt\/wp-content\/uploads\/2024\/12\/20241129_DesdobraTe_Exposicao_17_ME-scaled.jpg 2560w, https:\/\/www.cm-evora.pt\/wp-content\/uploads\/2024\/12\/20241129_DesdobraTe_Exposicao_17_ME-300x200.jpg 300w, https:\/\/www.cm-evora.pt\/wp-content\/uploads\/2024\/12\/20241129_DesdobraTe_Exposicao_17_ME-1024x683.jpg 1024w, https:\/\/www.cm-evora.pt\/wp-content\/uploads\/2024\/12\/20241129_DesdobraTe_Exposicao_17_ME-768x512.jpg 768w, https:\/\/www.cm-evora.pt\/wp-content\/uploads\/2024\/12\/20241129_DesdobraTe_Exposicao_17_ME-1536x1024.jpg 1536w, https:\/\/www.cm-evora.pt\/wp-content\/uploads\/2024\/12\/20241129_DesdobraTe_Exposicao_17_ME-2048x1365.jpg 2048w, https:\/\/www.cm-evora.pt\/wp-content\/uploads\/2024\/12\/20241129_DesdobraTe_Exposicao_17_ME-1320x880.jpg 1320w\" sizes=\"auto, (max-width: 2560px) 100vw, 2560px\" \/><\/a>\n\t\t\t<\/dt><\/dl><dl class='gallery-item'>\n\t\t\t<dt class='gallery-icon landscape'>\n\t\t\t\t<a href='https:\/\/www.cm-evora.pt\/wp-content\/uploads\/2024\/12\/20241129_DesdobraTe_Exposicao_18_ME-scaled.jpg'><img loading=\"lazy\" decoding=\"async\" width=\"2560\" height=\"1707\" src=\"https:\/\/www.cm-evora.pt\/wp-content\/uploads\/2024\/12\/20241129_DesdobraTe_Exposicao_18_ME-scaled.jpg\" class=\"attachment-full size-full\" alt=\"\" srcset=\"https:\/\/www.cm-evora.pt\/wp-content\/uploads\/2024\/12\/20241129_DesdobraTe_Exposicao_18_ME-scaled.jpg 2560w, https:\/\/www.cm-evora.pt\/wp-content\/uploads\/2024\/12\/20241129_DesdobraTe_Exposicao_18_ME-300x200.jpg 300w, https:\/\/www.cm-evora.pt\/wp-content\/uploads\/2024\/12\/20241129_DesdobraTe_Exposicao_18_ME-1024x683.jpg 1024w, https:\/\/www.cm-evora.pt\/wp-content\/uploads\/2024\/12\/20241129_DesdobraTe_Exposicao_18_ME-768x512.jpg 768w, https:\/\/www.cm-evora.pt\/wp-content\/uploads\/2024\/12\/20241129_DesdobraTe_Exposicao_18_ME-1536x1024.jpg 1536w, https:\/\/www.cm-evora.pt\/wp-content\/uploads\/2024\/12\/20241129_DesdobraTe_Exposicao_18_ME-2048x1365.jpg 2048w, https:\/\/www.cm-evora.pt\/wp-content\/uploads\/2024\/12\/20241129_DesdobraTe_Exposicao_18_ME-1320x880.jpg 1320w\" sizes=\"auto, (max-width: 2560px) 100vw, 2560px\" \/><\/a>\n\t\t\t<\/dt><\/dl><br style=\"clear: both\" \/><dl class='gallery-item'>\n\t\t\t<dt class='gallery-icon landscape'>\n\t\t\t\t<a href='https:\/\/www.cm-evora.pt\/wp-content\/uploads\/2024\/12\/20241129_DesdobraTe_Exposicao_19_ME-scaled.jpg'><img loading=\"lazy\" decoding=\"async\" width=\"2560\" height=\"1707\" src=\"https:\/\/www.cm-evora.pt\/wp-content\/uploads\/2024\/12\/20241129_DesdobraTe_Exposicao_19_ME-scaled.jpg\" class=\"attachment-full size-full\" alt=\"\" srcset=\"https:\/\/www.cm-evora.pt\/wp-content\/uploads\/2024\/12\/20241129_DesdobraTe_Exposicao_19_ME-scaled.jpg 2560w, https:\/\/www.cm-evora.pt\/wp-content\/uploads\/2024\/12\/20241129_DesdobraTe_Exposicao_19_ME-300x200.jpg 300w, https:\/\/www.cm-evora.pt\/wp-content\/uploads\/2024\/12\/20241129_DesdobraTe_Exposicao_19_ME-1024x683.jpg 1024w, https:\/\/www.cm-evora.pt\/wp-content\/uploads\/2024\/12\/20241129_DesdobraTe_Exposicao_19_ME-768x512.jpg 768w, https:\/\/www.cm-evora.pt\/wp-content\/uploads\/2024\/12\/20241129_DesdobraTe_Exposicao_19_ME-1536x1024.jpg 1536w, https:\/\/www.cm-evora.pt\/wp-content\/uploads\/2024\/12\/20241129_DesdobraTe_Exposicao_19_ME-2048x1365.jpg 2048w, https:\/\/www.cm-evora.pt\/wp-content\/uploads\/2024\/12\/20241129_DesdobraTe_Exposicao_19_ME-1320x880.jpg 1320w\" sizes=\"auto, (max-width: 2560px) 100vw, 2560px\" \/><\/a>\n\t\t\t<\/dt><\/dl><dl class='gallery-item'>\n\t\t\t<dt class='gallery-icon landscape'>\n\t\t\t\t<a href='https:\/\/www.cm-evora.pt\/wp-content\/uploads\/2024\/12\/20241129_DesdobraTe_Exposicao_20_ME-scaled.jpg'><img loading=\"lazy\" decoding=\"async\" width=\"2560\" height=\"1707\" src=\"https:\/\/www.cm-evora.pt\/wp-content\/uploads\/2024\/12\/20241129_DesdobraTe_Exposicao_20_ME-scaled.jpg\" class=\"attachment-full size-full\" alt=\"\" srcset=\"https:\/\/www.cm-evora.pt\/wp-content\/uploads\/2024\/12\/20241129_DesdobraTe_Exposicao_20_ME-scaled.jpg 2560w, https:\/\/www.cm-evora.pt\/wp-content\/uploads\/2024\/12\/20241129_DesdobraTe_Exposicao_20_ME-300x200.jpg 300w, https:\/\/www.cm-evora.pt\/wp-content\/uploads\/2024\/12\/20241129_DesdobraTe_Exposicao_20_ME-1024x683.jpg 1024w, https:\/\/www.cm-evora.pt\/wp-content\/uploads\/2024\/12\/20241129_DesdobraTe_Exposicao_20_ME-768x512.jpg 768w, https:\/\/www.cm-evora.pt\/wp-content\/uploads\/2024\/12\/20241129_DesdobraTe_Exposicao_20_ME-1536x1024.jpg 1536w, https:\/\/www.cm-evora.pt\/wp-content\/uploads\/2024\/12\/20241129_DesdobraTe_Exposicao_20_ME-2048x1365.jpg 2048w, https:\/\/www.cm-evora.pt\/wp-content\/uploads\/2024\/12\/20241129_DesdobraTe_Exposicao_20_ME-1320x880.jpg 1320w\" sizes=\"auto, (max-width: 2560px) 100vw, 2560px\" \/><\/a>\n\t\t\t<\/dt><\/dl><dl class='gallery-item'>\n\t\t\t<dt class='gallery-icon landscape'>\n\t\t\t\t<a href='https:\/\/www.cm-evora.pt\/wp-content\/uploads\/2024\/12\/20241129_DesdobraTe_Exposicao_21_ME-scaled.jpg'><img loading=\"lazy\" decoding=\"async\" width=\"2560\" height=\"1707\" src=\"https:\/\/www.cm-evora.pt\/wp-content\/uploads\/2024\/12\/20241129_DesdobraTe_Exposicao_21_ME-scaled.jpg\" class=\"attachment-full size-full\" alt=\"\" srcset=\"https:\/\/www.cm-evora.pt\/wp-content\/uploads\/2024\/12\/20241129_DesdobraTe_Exposicao_21_ME-scaled.jpg 2560w, https:\/\/www.cm-evora.pt\/wp-content\/uploads\/2024\/12\/20241129_DesdobraTe_Exposicao_21_ME-300x200.jpg 300w, https:\/\/www.cm-evora.pt\/wp-content\/uploads\/2024\/12\/20241129_DesdobraTe_Exposicao_21_ME-1024x683.jpg 1024w, https:\/\/www.cm-evora.pt\/wp-content\/uploads\/2024\/12\/20241129_DesdobraTe_Exposicao_21_ME-768x512.jpg 768w, https:\/\/www.cm-evora.pt\/wp-content\/uploads\/2024\/12\/20241129_DesdobraTe_Exposicao_21_ME-1536x1024.jpg 1536w, https:\/\/www.cm-evora.pt\/wp-content\/uploads\/2024\/12\/20241129_DesdobraTe_Exposicao_21_ME-2048x1365.jpg 2048w, https:\/\/www.cm-evora.pt\/wp-content\/uploads\/2024\/12\/20241129_DesdobraTe_Exposicao_21_ME-1320x880.jpg 1320w\" sizes=\"auto, (max-width: 2560px) 100vw, 2560px\" \/><\/a>\n\t\t\t<\/dt><\/dl><br style=\"clear: both\" \/><dl class='gallery-item'>\n\t\t\t<dt class='gallery-icon landscape'>\n\t\t\t\t<a href='https:\/\/www.cm-evora.pt\/wp-content\/uploads\/2024\/12\/20241129_DesdobraTe_Exposicao_22_ME-scaled.jpg'><img loading=\"lazy\" decoding=\"async\" width=\"2560\" height=\"1707\" src=\"https:\/\/www.cm-evora.pt\/wp-content\/uploads\/2024\/12\/20241129_DesdobraTe_Exposicao_22_ME-scaled.jpg\" class=\"attachment-full size-full\" alt=\"\" srcset=\"https:\/\/www.cm-evora.pt\/wp-content\/uploads\/2024\/12\/20241129_DesdobraTe_Exposicao_22_ME-scaled.jpg 2560w, https:\/\/www.cm-evora.pt\/wp-content\/uploads\/2024\/12\/20241129_DesdobraTe_Exposicao_22_ME-300x200.jpg 300w, https:\/\/www.cm-evora.pt\/wp-content\/uploads\/2024\/12\/20241129_DesdobraTe_Exposicao_22_ME-1024x683.jpg 1024w, https:\/\/www.cm-evora.pt\/wp-content\/uploads\/2024\/12\/20241129_DesdobraTe_Exposicao_22_ME-768x512.jpg 768w, https:\/\/www.cm-evora.pt\/wp-content\/uploads\/2024\/12\/20241129_DesdobraTe_Exposicao_22_ME-1536x1024.jpg 1536w, https:\/\/www.cm-evora.pt\/wp-content\/uploads\/2024\/12\/20241129_DesdobraTe_Exposicao_22_ME-2048x1365.jpg 2048w, https:\/\/www.cm-evora.pt\/wp-content\/uploads\/2024\/12\/20241129_DesdobraTe_Exposicao_22_ME-1320x880.jpg 1320w\" sizes=\"auto, (max-width: 2560px) 100vw, 2560px\" \/><\/a>\n\t\t\t<\/dt><\/dl><dl class='gallery-item'>\n\t\t\t<dt class='gallery-icon landscape'>\n\t\t\t\t<a href='https:\/\/www.cm-evora.pt\/wp-content\/uploads\/2024\/12\/20241129_DesdobraTe_Exposicao_23_ME-scaled.jpg'><img loading=\"lazy\" decoding=\"async\" width=\"2560\" height=\"1707\" src=\"https:\/\/www.cm-evora.pt\/wp-content\/uploads\/2024\/12\/20241129_DesdobraTe_Exposicao_23_ME-scaled.jpg\" class=\"attachment-full size-full\" alt=\"\" srcset=\"https:\/\/www.cm-evora.pt\/wp-content\/uploads\/2024\/12\/20241129_DesdobraTe_Exposicao_23_ME-scaled.jpg 2560w, https:\/\/www.cm-evora.pt\/wp-content\/uploads\/2024\/12\/20241129_DesdobraTe_Exposicao_23_ME-300x200.jpg 300w, https:\/\/www.cm-evora.pt\/wp-content\/uploads\/2024\/12\/20241129_DesdobraTe_Exposicao_23_ME-1024x683.jpg 1024w, https:\/\/www.cm-evora.pt\/wp-content\/uploads\/2024\/12\/20241129_DesdobraTe_Exposicao_23_ME-768x512.jpg 768w, https:\/\/www.cm-evora.pt\/wp-content\/uploads\/2024\/12\/20241129_DesdobraTe_Exposicao_23_ME-1536x1024.jpg 1536w, https:\/\/www.cm-evora.pt\/wp-content\/uploads\/2024\/12\/20241129_DesdobraTe_Exposicao_23_ME-2048x1365.jpg 2048w, https:\/\/www.cm-evora.pt\/wp-content\/uploads\/2024\/12\/20241129_DesdobraTe_Exposicao_23_ME-1320x880.jpg 1320w\" sizes=\"auto, (max-width: 2560px) 100vw, 2560px\" \/><\/a>\n\t\t\t<\/dt><\/dl>\n\t\t\t<br style='clear: both' \/>\n\t\t<\/div>\n\n","protected":false},"excerpt":{"rendered":"<p>A mostra est\u00e1 patente at\u00e9 20 de dezembro, na galeria de exposi\u00e7\u00f5es deste equipamento cultural da cidade, e resulta do projeto Pessoas Cheias de Territ\u00f3rio 2024, desenvolvido, ao longo deste ano, com tr\u00eas comunidades do Alentejo interior. A inaugura\u00e7\u00e3o teve lugar na sexta-feira, 29 de novembro, primeiro dia do Festival Desdobra-te, e conta com o [&hellip;]<\/p>\n","protected":false},"author":58,"featured_media":68896,"comment_status":"closed","ping_status":"closed","sticky":false,"template":"","format":"standard","meta":{"_acf_changed":false,"footnotes":""},"categories":[2110],"tags":[],"class_list":["post-68884","post","type-post","status-publish","format-standard","has-post-thumbnail","hentry","category-noticias"],"acf":{"imagens":"","destaq_image":68896,"titulo_docs_seccao":"","documentos":""},"_links":{"self":[{"href":"https:\/\/www.cm-evora.pt\/en\/wp-json\/wp\/v2\/posts\/68884","targetHints":{"allow":["GET"]}}],"collection":[{"href":"https:\/\/www.cm-evora.pt\/en\/wp-json\/wp\/v2\/posts"}],"about":[{"href":"https:\/\/www.cm-evora.pt\/en\/wp-json\/wp\/v2\/types\/post"}],"author":[{"embeddable":true,"href":"https:\/\/www.cm-evora.pt\/en\/wp-json\/wp\/v2\/users\/58"}],"replies":[{"embeddable":true,"href":"https:\/\/www.cm-evora.pt\/en\/wp-json\/wp\/v2\/comments?post=68884"}],"version-history":[{"count":1,"href":"https:\/\/www.cm-evora.pt\/en\/wp-json\/wp\/v2\/posts\/68884\/revisions"}],"predecessor-version":[{"id":68897,"href":"https:\/\/www.cm-evora.pt\/en\/wp-json\/wp\/v2\/posts\/68884\/revisions\/68897"}],"wp:featuredmedia":[{"embeddable":true,"href":"https:\/\/www.cm-evora.pt\/en\/wp-json\/wp\/v2\/media\/68896"}],"wp:attachment":[{"href":"https:\/\/www.cm-evora.pt\/en\/wp-json\/wp\/v2\/media?parent=68884"}],"wp:term":[{"taxonomy":"category","embeddable":true,"href":"https:\/\/www.cm-evora.pt\/en\/wp-json\/wp\/v2\/categories?post=68884"},{"taxonomy":"post_tag","embeddable":true,"href":"https:\/\/www.cm-evora.pt\/en\/wp-json\/wp\/v2\/tags?post=68884"}],"curies":[{"name":"wp","href":"https:\/\/api.w.org\/{rel}","templated":true}]}}