{"id":68952,"date":"2024-12-03T08:33:30","date_gmt":"2024-12-03T08:33:30","guid":{"rendered":"https:\/\/www.cm-evora.pt\/?p=68952"},"modified":"2024-12-03T08:33:30","modified_gmt":"2024-12-03T08:33:30","slug":"mesa-redonda-desemprego-jovem","status":"publish","type":"post","link":"https:\/\/www.cm-evora.pt\/en\/mesa-redonda-desemprego-jovem\/","title":{"rendered":"MESA REDONDA \u201c(DES)EMPREGO JOVEM\u201d"},"content":{"rendered":"<p>O Presidente da C\u00e2mara Municipal de \u00c9vora, Carlos Pinto e S\u00e1, participou ontem (02\/12\/2024) numa mesa redonda subordinada ao tema \u201c(Des)emprego Jovem\u201d.<\/p>\n<p>O evento, que teve lugar no PACT \u2013 Parque do Alentejo de Ci\u00eancia e Tecnologia, ocorreu no \u00e2mbito do projeto Synclusive&lt;https:\/\/synclusiveproject.eu\/&gt; (Horizonte Europa) que visa, atrav\u00e9s da parceria portuguesa, a promo\u00e7\u00e3o e facilita\u00e7\u00e3o da inclus\u00e3o de jovens desempregados (com menos de 30 anos) no mercado de trabalho.<\/p>\n<p>A modera\u00e7\u00e3o esteve a cargo de Maria Jos\u00e9 Sousa, docente e investigadora do ISCTE \u2013 Instituto Universit\u00e1rio de Lisboa, e o painel contou com a participa\u00e7\u00e3o de entidades regionais com o objetivo de fornecer uma vis\u00e3o abrangente das necessidades, desafios e oportunidades do mercado de trabalho, identificar de tend\u00eancias e compet\u00eancias valorizadas pelos empregadores regionais, al\u00e9m de discutir pol\u00edticas de emprego e forma\u00e7\u00e3o.<\/p>\n","protected":false},"excerpt":{"rendered":"<p>O Presidente da C\u00e2mara Municipal de \u00c9vora, Carlos Pinto e S\u00e1, participou ontem (02\/12\/2024) numa mesa redonda subordinada ao tema \u201c(Des)emprego Jovem\u201d. O evento, que teve lugar no PACT \u2013 Parque do Alentejo de Ci\u00eancia e Tecnologia, ocorreu no \u00e2mbito do projeto Synclusive&lt;https:\/\/synclusiveproject.eu\/&gt; (Horizonte Europa) que visa, atrav\u00e9s da parceria portuguesa, a promo\u00e7\u00e3o e facilita\u00e7\u00e3o [&hellip;]<\/p>\n","protected":false},"author":46,"featured_media":68953,"comment_status":"closed","ping_status":"closed","sticky":false,"template":"","format":"standard","meta":{"_acf_changed":false,"footnotes":""},"categories":[2110],"tags":[],"class_list":["post-68952","post","type-post","status-publish","format-standard","has-post-thumbnail","hentry","category-noticias"],"acf":{"imagens":"","destaq_image":68953,"titulo_docs_seccao":"","documentos":""},"_links":{"self":[{"href":"https:\/\/www.cm-evora.pt\/en\/wp-json\/wp\/v2\/posts\/68952","targetHints":{"allow":["GET"]}}],"collection":[{"href":"https:\/\/www.cm-evora.pt\/en\/wp-json\/wp\/v2\/posts"}],"about":[{"href":"https:\/\/www.cm-evora.pt\/en\/wp-json\/wp\/v2\/types\/post"}],"author":[{"embeddable":true,"href":"https:\/\/www.cm-evora.pt\/en\/wp-json\/wp\/v2\/users\/46"}],"replies":[{"embeddable":true,"href":"https:\/\/www.cm-evora.pt\/en\/wp-json\/wp\/v2\/comments?post=68952"}],"version-history":[{"count":1,"href":"https:\/\/www.cm-evora.pt\/en\/wp-json\/wp\/v2\/posts\/68952\/revisions"}],"predecessor-version":[{"id":68954,"href":"https:\/\/www.cm-evora.pt\/en\/wp-json\/wp\/v2\/posts\/68952\/revisions\/68954"}],"wp:featuredmedia":[{"embeddable":true,"href":"https:\/\/www.cm-evora.pt\/en\/wp-json\/wp\/v2\/media\/68953"}],"wp:attachment":[{"href":"https:\/\/www.cm-evora.pt\/en\/wp-json\/wp\/v2\/media?parent=68952"}],"wp:term":[{"taxonomy":"category","embeddable":true,"href":"https:\/\/www.cm-evora.pt\/en\/wp-json\/wp\/v2\/categories?post=68952"},{"taxonomy":"post_tag","embeddable":true,"href":"https:\/\/www.cm-evora.pt\/en\/wp-json\/wp\/v2\/tags?post=68952"}],"curies":[{"name":"wp","href":"https:\/\/api.w.org\/{rel}","templated":true}]}}