{"id":69552,"date":"2024-12-23T11:09:29","date_gmt":"2024-12-23T11:09:29","guid":{"rendered":"https:\/\/www.cm-evora.pt\/?p=69552"},"modified":"2024-12-23T11:09:29","modified_gmt":"2024-12-23T11:09:29","slug":"evora-canta-as-janeiras-com-11-grupos-corais-e-instrumentais","status":"publish","type":"post","link":"https:\/\/www.cm-evora.pt\/en\/evora-canta-as-janeiras-com-11-grupos-corais-e-instrumentais\/","title":{"rendered":"\u00c9VORA CANTA AS JANEIRAS COM 11 GRUPOS CORAIS E INSTRUMENTAIS"},"content":{"rendered":"<p><strong>Os Cantos de Janeiras voltam a fazer-se escutar, em \u00c9vora, para dar as boas-vindas a 2025. A tradi\u00e7\u00e3o, que assinala o Dia de Reis, acontece no s\u00e1bado, dia 04 de janeiro, a partir das 16h00, com atua\u00e7\u00f5es no centro hist\u00f3rico e nos bairros. No final, a partir das 18h30, todos os participantes convergem para o P\u00e1teo do Salema, onde ter\u00e1 lugar um caloroso conv\u00edvio com lume de ch\u00e3o e o tradicional petisco, para o qual se convida toda a popula\u00e7\u00e3o.<\/strong><\/p>\n<p>Os 11 grupos corais e instrumentais que integram a iniciativa v\u00e3o percorrer os bairros e o centro hist\u00f3rico da cidade, entoando can\u00e7\u00f5es e m\u00fasicas tradicionais da quadra, acompanhadas de votos de um bom ano novo.<\/p>\n<p>A organiza\u00e7\u00e3o do evento \u00e9 da C\u00e2mara Municipal de \u00c9vora, com a parceria com as Uni\u00f5es das Freguesias de \u00c9vora (centro hist\u00f3rico), da Malagueira e Horta das Figueiras, do Bacelo e Senhora da Sa\u00fade e, tamb\u00e9m, da Junta de Freguesia de Canaviais.<\/p>\n<p>Este ano, participam nos Cantos de Janeiras os seguintes grupos:<\/p>\n<p>Grupo Coral e Instrumental Vozes dos Canaviais, Grupo Coral de S\u00e3o Br\u00e1s do Regedouro, Grupo Musical Ra\u00edzes da Picada, Os Marchantes de S\u00e3o Miguel de Machede, Grupo Cantares de \u00c9vora, Amigos do Cante da ARPIFHF, Cantadeiras da ARPIFSS, Grupo de Cantares Regionais Vozes do Alentejo, Vozes do Imagin\u00e1rio, Grupo Coral do Centro de Conv\u00edvio da CME e Coletivo dos Rem\u00e9dios.<\/p>\n\n\t\t<style type=\"text\/css\">\n\t\t\t#gallery-1 {\n\t\t\t\tmargin: auto;\n\t\t\t}\n\t\t\t#gallery-1 .gallery-item {\n\t\t\t\tfloat: left;\n\t\t\t\tmargin-top: 10px;\n\t\t\t\ttext-align: center;\n\t\t\t\twidth: 100%;\n\t\t\t}\n\t\t\t#gallery-1 img {\n\t\t\t\tborder: 2px solid #cfcfcf;\n\t\t\t}\n\t\t\t#gallery-1 .gallery-caption {\n\t\t\t\tmargin-left: 0;\n\t\t\t}\n\t\t\t\/* see gallery_shortcode() in wp-includes\/media.php *\/\n\t\t<\/style>\n\t\t<div id='gallery-1' class='gallery galleryid-69552 gallery-columns-1 gallery-size-full'><dl class='gallery-item'>\n\t\t\t<dt class='gallery-icon landscape'>\n\t\t\t\t<a href='https:\/\/www.cm-evora.pt\/wp-content\/uploads\/2024\/12\/Grupos_programa.jpg'><img loading=\"lazy\" decoding=\"async\" width=\"1280\" height=\"905\" src=\"https:\/\/www.cm-evora.pt\/wp-content\/uploads\/2024\/12\/Grupos_programa.jpg\" class=\"attachment-full size-full\" alt=\"\" srcset=\"https:\/\/www.cm-evora.pt\/wp-content\/uploads\/2024\/12\/Grupos_programa.jpg 1280w, https:\/\/www.cm-evora.pt\/wp-content\/uploads\/2024\/12\/Grupos_programa-300x212.jpg 300w, https:\/\/www.cm-evora.pt\/wp-content\/uploads\/2024\/12\/Grupos_programa-1024x724.jpg 1024w, https:\/\/www.cm-evora.pt\/wp-content\/uploads\/2024\/12\/Grupos_programa-768x543.jpg 768w\" sizes=\"auto, (max-width: 1280px) 100vw, 1280px\" \/><\/a>\n\t\t\t<\/dt><\/dl><br style=\"clear: both\" \/>\n\t\t<\/div>\n\n","protected":false},"excerpt":{"rendered":"<p>Os Cantos de Janeiras voltam a fazer-se escutar, em \u00c9vora, para dar as boas-vindas a 2025. A tradi\u00e7\u00e3o, que assinala o Dia de Reis, acontece no s\u00e1bado, dia 04 de janeiro, a partir das 16h00, com atua\u00e7\u00f5es no centro hist\u00f3rico e nos bairros. No final, a partir das 18h30, todos os participantes convergem para o [&hellip;]<\/p>\n","protected":false},"author":58,"featured_media":69540,"comment_status":"closed","ping_status":"closed","sticky":false,"template":"","format":"standard","meta":{"_acf_changed":false,"footnotes":""},"categories":[2110],"tags":[],"class_list":["post-69552","post","type-post","status-publish","format-standard","has-post-thumbnail","hentry","category-noticias"],"acf":{"imagens":"","destaq_image":69554,"titulo_docs_seccao":"","documentos":""},"_links":{"self":[{"href":"https:\/\/www.cm-evora.pt\/en\/wp-json\/wp\/v2\/posts\/69552","targetHints":{"allow":["GET"]}}],"collection":[{"href":"https:\/\/www.cm-evora.pt\/en\/wp-json\/wp\/v2\/posts"}],"about":[{"href":"https:\/\/www.cm-evora.pt\/en\/wp-json\/wp\/v2\/types\/post"}],"author":[{"embeddable":true,"href":"https:\/\/www.cm-evora.pt\/en\/wp-json\/wp\/v2\/users\/58"}],"replies":[{"embeddable":true,"href":"https:\/\/www.cm-evora.pt\/en\/wp-json\/wp\/v2\/comments?post=69552"}],"version-history":[{"count":1,"href":"https:\/\/www.cm-evora.pt\/en\/wp-json\/wp\/v2\/posts\/69552\/revisions"}],"predecessor-version":[{"id":69555,"href":"https:\/\/www.cm-evora.pt\/en\/wp-json\/wp\/v2\/posts\/69552\/revisions\/69555"}],"wp:featuredmedia":[{"embeddable":true,"href":"https:\/\/www.cm-evora.pt\/en\/wp-json\/wp\/v2\/media\/69540"}],"wp:attachment":[{"href":"https:\/\/www.cm-evora.pt\/en\/wp-json\/wp\/v2\/media?parent=69552"}],"wp:term":[{"taxonomy":"category","embeddable":true,"href":"https:\/\/www.cm-evora.pt\/en\/wp-json\/wp\/v2\/categories?post=69552"},{"taxonomy":"post_tag","embeddable":true,"href":"https:\/\/www.cm-evora.pt\/en\/wp-json\/wp\/v2\/tags?post=69552"}],"curies":[{"name":"wp","href":"https:\/\/api.w.org\/{rel}","templated":true}]}}