{"id":71328,"date":"2025-02-19T15:24:09","date_gmt":"2025-02-19T15:24:09","guid":{"rendered":"https:\/\/www.cm-evora.pt\/?p=71328"},"modified":"2025-02-19T15:24:09","modified_gmt":"2025-02-19T15:24:09","slug":"informacao-a-populacao-lago-da-malagueira","status":"publish","type":"post","link":"https:\/\/www.cm-evora.pt\/en\/informacao-a-populacao-lago-da-malagueira\/","title":{"rendered":"INFORMA\u00c7\u00c3O \u00c0 POPULA\u00c7\u00c3O &#8211; LAGO DA MALAGUEIRA"},"content":{"rendered":"<p style=\"text-align: justify\"><span style=\"font-size: 9.5pt\">Est\u00e3o a decorrer trabalhos de manuten\u00e7\u00e3o do Lago da Malagueira, que incluem a limpeza de res\u00edduos, sedimentos e vegeta\u00e7\u00e3o, bem como a instala\u00e7\u00e3o de sistema de oxigena\u00e7\u00e3o da \u00e1gua<\/span><\/p>\n<p style=\"text-align: justify\"><span style=\"font-size: 9.5pt\">Os servi\u00e7os municipais est\u00e3o a desenvolver todos os esfor\u00e7os para terminar esta interven\u00e7\u00e3o\u00a0 com a maior brevidade poss\u00edvel.<\/span><\/p>\n","protected":false},"excerpt":{"rendered":"<p>Est\u00e3o a decorrer trabalhos de manuten\u00e7\u00e3o do Lago da Malagueira, que incluem a limpeza de res\u00edduos, sedimentos e vegeta\u00e7\u00e3o, bem como a instala\u00e7\u00e3o de sistema de oxigena\u00e7\u00e3o da \u00e1gua Os servi\u00e7os municipais est\u00e3o a desenvolver todos os esfor\u00e7os para terminar esta interven\u00e7\u00e3o\u00a0 com a maior brevidade poss\u00edvel.<\/p>\n","protected":false},"author":46,"featured_media":71329,"comment_status":"closed","ping_status":"closed","sticky":false,"template":"","format":"standard","meta":{"_acf_changed":false,"footnotes":""},"categories":[2110],"tags":[],"class_list":["post-71328","post","type-post","status-publish","format-standard","has-post-thumbnail","hentry","category-noticias"],"acf":{"imagens":"","destaq_image":71329,"titulo_docs_seccao":"","documentos":""},"_links":{"self":[{"href":"https:\/\/www.cm-evora.pt\/en\/wp-json\/wp\/v2\/posts\/71328","targetHints":{"allow":["GET"]}}],"collection":[{"href":"https:\/\/www.cm-evora.pt\/en\/wp-json\/wp\/v2\/posts"}],"about":[{"href":"https:\/\/www.cm-evora.pt\/en\/wp-json\/wp\/v2\/types\/post"}],"author":[{"embeddable":true,"href":"https:\/\/www.cm-evora.pt\/en\/wp-json\/wp\/v2\/users\/46"}],"replies":[{"embeddable":true,"href":"https:\/\/www.cm-evora.pt\/en\/wp-json\/wp\/v2\/comments?post=71328"}],"version-history":[{"count":1,"href":"https:\/\/www.cm-evora.pt\/en\/wp-json\/wp\/v2\/posts\/71328\/revisions"}],"predecessor-version":[{"id":71331,"href":"https:\/\/www.cm-evora.pt\/en\/wp-json\/wp\/v2\/posts\/71328\/revisions\/71331"}],"wp:featuredmedia":[{"embeddable":true,"href":"https:\/\/www.cm-evora.pt\/en\/wp-json\/wp\/v2\/media\/71329"}],"wp:attachment":[{"href":"https:\/\/www.cm-evora.pt\/en\/wp-json\/wp\/v2\/media?parent=71328"}],"wp:term":[{"taxonomy":"category","embeddable":true,"href":"https:\/\/www.cm-evora.pt\/en\/wp-json\/wp\/v2\/categories?post=71328"},{"taxonomy":"post_tag","embeddable":true,"href":"https:\/\/www.cm-evora.pt\/en\/wp-json\/wp\/v2\/tags?post=71328"}],"curies":[{"name":"wp","href":"https:\/\/api.w.org\/{rel}","templated":true}]}}