{"id":71556,"date":"2025-02-27T09:00:01","date_gmt":"2025-02-27T09:00:01","guid":{"rendered":"https:\/\/www.cm-evora.pt\/?p=71556"},"modified":"2025-02-27T09:00:01","modified_gmt":"2025-02-27T09:00:01","slug":"camara-e-uniao-de-freguesias-do-bacelo-e-sra-da-saude-trabalham-em-parceria-praca-na-sra-de-fatima-em-trabalhos-de-requalificacao","status":"publish","type":"post","link":"https:\/\/www.cm-evora.pt\/en\/camara-e-uniao-de-freguesias-do-bacelo-e-sra-da-saude-trabalham-em-parceria-praca-na-sra-de-fatima-em-trabalhos-de-requalificacao\/","title":{"rendered":"C\u00e2mara e Uni\u00e3o de Freguesias do Bacelo e Sr\u00aa da Sa\u00fade trabalham em parceria PRA\u00c7A N\u00aa SR\u00aa DE F\u00c1TIMA EM TRABALHOS DE REQUALIFICA\u00c7\u00c3O"},"content":{"rendered":"<p>A Pra\u00e7a N\u00aa Sr\u00aa de F\u00e1tima est\u00e1 a ser alvo de trabalhos de requalifica\u00e7\u00e3o, que ir\u00e3o alterar de forma significativa o aspeto do local, e permitir melhorar as condi\u00e7\u00f5es de utiliza\u00e7\u00e3o e usufruto pela popula\u00e7\u00e3o. Ao mesmo tempo, ficar\u00e3o resolvidos os problemas de drenagem de \u00e1guas pluviais que se vinham verificando.<\/p>\n<p>Esta obra est\u00e1 a ser realizada em parceria com a Uni\u00e3o de Freguesias do Bacelo e Sr\u00aa da Sa\u00fade, tendo enquadramento no Programa Municipal de Gest\u00e3o e Reabilita\u00e7\u00e3o Urbana. O investimento da parte do Munic\u00edpio em materiais e trabalhos realizados por administra\u00e7\u00e3o direta foi de 25.000 \u20ac.<\/p>\n\n\t\t<style type=\"text\/css\">\n\t\t\t#gallery-1 {\n\t\t\t\tmargin: auto;\n\t\t\t}\n\t\t\t#gallery-1 .gallery-item {\n\t\t\t\tfloat: left;\n\t\t\t\tmargin-top: 10px;\n\t\t\t\ttext-align: center;\n\t\t\t\twidth: 33%;\n\t\t\t}\n\t\t\t#gallery-1 img {\n\t\t\t\tborder: 2px solid #cfcfcf;\n\t\t\t}\n\t\t\t#gallery-1 .gallery-caption {\n\t\t\t\tmargin-left: 0;\n\t\t\t}\n\t\t\t\/* see gallery_shortcode() in wp-includes\/media.php *\/\n\t\t<\/style>\n\t\t<div id='gallery-1' class='gallery galleryid-71556 gallery-columns-3 gallery-size-full'><dl class='gallery-item'>\n\t\t\t<dt class='gallery-icon landscape'>\n\t\t\t\t<a href='https:\/\/www.cm-evora.pt\/wp-content\/uploads\/2025\/02\/2025_01_14-HO-Corunheiras-4.jpg'><img loading=\"lazy\" decoding=\"async\" width=\"1920\" height=\"1280\" src=\"https:\/\/www.cm-evora.pt\/wp-content\/uploads\/2025\/02\/2025_01_14-HO-Corunheiras-4.jpg\" class=\"attachment-full size-full\" alt=\"\" srcset=\"https:\/\/www.cm-evora.pt\/wp-content\/uploads\/2025\/02\/2025_01_14-HO-Corunheiras-4.jpg 1920w, https:\/\/www.cm-evora.pt\/wp-content\/uploads\/2025\/02\/2025_01_14-HO-Corunheiras-4-300x200.jpg 300w, https:\/\/www.cm-evora.pt\/wp-content\/uploads\/2025\/02\/2025_01_14-HO-Corunheiras-4-1024x683.jpg 1024w, https:\/\/www.cm-evora.pt\/wp-content\/uploads\/2025\/02\/2025_01_14-HO-Corunheiras-4-768x512.jpg 768w, https:\/\/www.cm-evora.pt\/wp-content\/uploads\/2025\/02\/2025_01_14-HO-Corunheiras-4-1536x1024.jpg 1536w, https:\/\/www.cm-evora.pt\/wp-content\/uploads\/2025\/02\/2025_01_14-HO-Corunheiras-4-1320x880.jpg 1320w\" sizes=\"auto, (max-width: 1920px) 100vw, 1920px\" \/><\/a>\n\t\t\t<\/dt><\/dl><dl class='gallery-item'>\n\t\t\t<dt class='gallery-icon landscape'>\n\t\t\t\t<a href='https:\/\/www.cm-evora.pt\/wp-content\/uploads\/2025\/02\/2025_02_27-Reab-Largo-Corunheiras.jpg'><img loading=\"lazy\" decoding=\"async\" width=\"1920\" height=\"1257\" src=\"https:\/\/www.cm-evora.pt\/wp-content\/uploads\/2025\/02\/2025_02_27-Reab-Largo-Corunheiras.jpg\" class=\"attachment-full size-full\" alt=\"\" srcset=\"https:\/\/www.cm-evora.pt\/wp-content\/uploads\/2025\/02\/2025_02_27-Reab-Largo-Corunheiras.jpg 1920w, https:\/\/www.cm-evora.pt\/wp-content\/uploads\/2025\/02\/2025_02_27-Reab-Largo-Corunheiras-300x196.jpg 300w, https:\/\/www.cm-evora.pt\/wp-content\/uploads\/2025\/02\/2025_02_27-Reab-Largo-Corunheiras-1024x670.jpg 1024w, https:\/\/www.cm-evora.pt\/wp-content\/uploads\/2025\/02\/2025_02_27-Reab-Largo-Corunheiras-768x503.jpg 768w, https:\/\/www.cm-evora.pt\/wp-content\/uploads\/2025\/02\/2025_02_27-Reab-Largo-Corunheiras-1536x1006.jpg 1536w, https:\/\/www.cm-evora.pt\/wp-content\/uploads\/2025\/02\/2025_02_27-Reab-Largo-Corunheiras-1320x864.jpg 1320w\" sizes=\"auto, (max-width: 1920px) 100vw, 1920px\" \/><\/a>\n\t\t\t<\/dt><\/dl><dl class='gallery-item'>\n\t\t\t<dt class='gallery-icon landscape'>\n\t\t\t\t<a href='https:\/\/www.cm-evora.pt\/wp-content\/uploads\/2025\/02\/2025_02_27-Reab-Largo-Corunheiras-1.jpg'><img loading=\"lazy\" decoding=\"async\" width=\"1920\" height=\"1320\" src=\"https:\/\/www.cm-evora.pt\/wp-content\/uploads\/2025\/02\/2025_02_27-Reab-Largo-Corunheiras-1.jpg\" class=\"attachment-full size-full\" alt=\"\" srcset=\"https:\/\/www.cm-evora.pt\/wp-content\/uploads\/2025\/02\/2025_02_27-Reab-Largo-Corunheiras-1.jpg 1920w, https:\/\/www.cm-evora.pt\/wp-content\/uploads\/2025\/02\/2025_02_27-Reab-Largo-Corunheiras-1-300x206.jpg 300w, https:\/\/www.cm-evora.pt\/wp-content\/uploads\/2025\/02\/2025_02_27-Reab-Largo-Corunheiras-1-1024x704.jpg 1024w, https:\/\/www.cm-evora.pt\/wp-content\/uploads\/2025\/02\/2025_02_27-Reab-Largo-Corunheiras-1-768x528.jpg 768w, https:\/\/www.cm-evora.pt\/wp-content\/uploads\/2025\/02\/2025_02_27-Reab-Largo-Corunheiras-1-1536x1056.jpg 1536w, https:\/\/www.cm-evora.pt\/wp-content\/uploads\/2025\/02\/2025_02_27-Reab-Largo-Corunheiras-1-1320x908.jpg 1320w\" sizes=\"auto, (max-width: 1920px) 100vw, 1920px\" \/><\/a>\n\t\t\t<\/dt><\/dl><br style=\"clear: both\" \/><dl class='gallery-item'>\n\t\t\t<dt class='gallery-icon landscape'>\n\t\t\t\t<a href='https:\/\/www.cm-evora.pt\/wp-content\/uploads\/2025\/02\/2025_02_27-Reab-Largo-Corunheiras-2.jpg'><img loading=\"lazy\" decoding=\"async\" width=\"1920\" height=\"1314\" src=\"https:\/\/www.cm-evora.pt\/wp-content\/uploads\/2025\/02\/2025_02_27-Reab-Largo-Corunheiras-2.jpg\" class=\"attachment-full size-full\" alt=\"\" srcset=\"https:\/\/www.cm-evora.pt\/wp-content\/uploads\/2025\/02\/2025_02_27-Reab-Largo-Corunheiras-2.jpg 1920w, https:\/\/www.cm-evora.pt\/wp-content\/uploads\/2025\/02\/2025_02_27-Reab-Largo-Corunheiras-2-300x205.jpg 300w, https:\/\/www.cm-evora.pt\/wp-content\/uploads\/2025\/02\/2025_02_27-Reab-Largo-Corunheiras-2-1024x701.jpg 1024w, https:\/\/www.cm-evora.pt\/wp-content\/uploads\/2025\/02\/2025_02_27-Reab-Largo-Corunheiras-2-768x526.jpg 768w, https:\/\/www.cm-evora.pt\/wp-content\/uploads\/2025\/02\/2025_02_27-Reab-Largo-Corunheiras-2-1536x1051.jpg 1536w, https:\/\/www.cm-evora.pt\/wp-content\/uploads\/2025\/02\/2025_02_27-Reab-Largo-Corunheiras-2-1320x903.jpg 1320w\" sizes=\"auto, (max-width: 1920px) 100vw, 1920px\" \/><\/a>\n\t\t\t<\/dt><\/dl><dl class='gallery-item'>\n\t\t\t<dt class='gallery-icon landscape'>\n\t\t\t\t<a href='https:\/\/www.cm-evora.pt\/wp-content\/uploads\/2025\/02\/2025_02_27-Reab-Largo-Corunheiras-3.jpg'><img loading=\"lazy\" decoding=\"async\" width=\"1920\" height=\"1332\" src=\"https:\/\/www.cm-evora.pt\/wp-content\/uploads\/2025\/02\/2025_02_27-Reab-Largo-Corunheiras-3.jpg\" class=\"attachment-full size-full\" alt=\"\" srcset=\"https:\/\/www.cm-evora.pt\/wp-content\/uploads\/2025\/02\/2025_02_27-Reab-Largo-Corunheiras-3.jpg 1920w, https:\/\/www.cm-evora.pt\/wp-content\/uploads\/2025\/02\/2025_02_27-Reab-Largo-Corunheiras-3-300x208.jpg 300w, https:\/\/www.cm-evora.pt\/wp-content\/uploads\/2025\/02\/2025_02_27-Reab-Largo-Corunheiras-3-1024x710.jpg 1024w, https:\/\/www.cm-evora.pt\/wp-content\/uploads\/2025\/02\/2025_02_27-Reab-Largo-Corunheiras-3-768x533.jpg 768w, https:\/\/www.cm-evora.pt\/wp-content\/uploads\/2025\/02\/2025_02_27-Reab-Largo-Corunheiras-3-1536x1066.jpg 1536w, https:\/\/www.cm-evora.pt\/wp-content\/uploads\/2025\/02\/2025_02_27-Reab-Largo-Corunheiras-3-1320x916.jpg 1320w\" sizes=\"auto, (max-width: 1920px) 100vw, 1920px\" \/><\/a>\n\t\t\t<\/dt><\/dl><dl class='gallery-item'>\n\t\t\t<dt class='gallery-icon landscape'>\n\t\t\t\t<a href='https:\/\/www.cm-evora.pt\/wp-content\/uploads\/2025\/02\/2025_01_14-HO-Corunheiras.jpg'><img loading=\"lazy\" decoding=\"async\" width=\"1920\" height=\"1280\" src=\"https:\/\/www.cm-evora.pt\/wp-content\/uploads\/2025\/02\/2025_01_14-HO-Corunheiras.jpg\" class=\"attachment-full size-full\" alt=\"\" srcset=\"https:\/\/www.cm-evora.pt\/wp-content\/uploads\/2025\/02\/2025_01_14-HO-Corunheiras.jpg 1920w, https:\/\/www.cm-evora.pt\/wp-content\/uploads\/2025\/02\/2025_01_14-HO-Corunheiras-300x200.jpg 300w, https:\/\/www.cm-evora.pt\/wp-content\/uploads\/2025\/02\/2025_01_14-HO-Corunheiras-1024x683.jpg 1024w, https:\/\/www.cm-evora.pt\/wp-content\/uploads\/2025\/02\/2025_01_14-HO-Corunheiras-768x512.jpg 768w, https:\/\/www.cm-evora.pt\/wp-content\/uploads\/2025\/02\/2025_01_14-HO-Corunheiras-1536x1024.jpg 1536w, https:\/\/www.cm-evora.pt\/wp-content\/uploads\/2025\/02\/2025_01_14-HO-Corunheiras-1320x880.jpg 1320w\" sizes=\"auto, (max-width: 1920px) 100vw, 1920px\" \/><\/a>\n\t\t\t<\/dt><\/dl><br style=\"clear: both\" \/><dl class='gallery-item'>\n\t\t\t<dt class='gallery-icon landscape'>\n\t\t\t\t<a href='https:\/\/www.cm-evora.pt\/wp-content\/uploads\/2025\/02\/2025_01_14-HO-Corunheiras-1.jpg'><img loading=\"lazy\" decoding=\"async\" width=\"1920\" height=\"1280\" src=\"https:\/\/www.cm-evora.pt\/wp-content\/uploads\/2025\/02\/2025_01_14-HO-Corunheiras-1.jpg\" class=\"attachment-full size-full\" alt=\"\" srcset=\"https:\/\/www.cm-evora.pt\/wp-content\/uploads\/2025\/02\/2025_01_14-HO-Corunheiras-1.jpg 1920w, https:\/\/www.cm-evora.pt\/wp-content\/uploads\/2025\/02\/2025_01_14-HO-Corunheiras-1-300x200.jpg 300w, https:\/\/www.cm-evora.pt\/wp-content\/uploads\/2025\/02\/2025_01_14-HO-Corunheiras-1-1024x683.jpg 1024w, https:\/\/www.cm-evora.pt\/wp-content\/uploads\/2025\/02\/2025_01_14-HO-Corunheiras-1-768x512.jpg 768w, https:\/\/www.cm-evora.pt\/wp-content\/uploads\/2025\/02\/2025_01_14-HO-Corunheiras-1-1536x1024.jpg 1536w, https:\/\/www.cm-evora.pt\/wp-content\/uploads\/2025\/02\/2025_01_14-HO-Corunheiras-1-1320x880.jpg 1320w\" sizes=\"auto, (max-width: 1920px) 100vw, 1920px\" \/><\/a>\n\t\t\t<\/dt><\/dl><dl class='gallery-item'>\n\t\t\t<dt class='gallery-icon landscape'>\n\t\t\t\t<a href='https:\/\/www.cm-evora.pt\/wp-content\/uploads\/2025\/02\/2025_01_14-HO-Corunheiras-2.jpg'><img loading=\"lazy\" decoding=\"async\" width=\"1920\" height=\"1280\" src=\"https:\/\/www.cm-evora.pt\/wp-content\/uploads\/2025\/02\/2025_01_14-HO-Corunheiras-2.jpg\" class=\"attachment-full size-full\" alt=\"\" srcset=\"https:\/\/www.cm-evora.pt\/wp-content\/uploads\/2025\/02\/2025_01_14-HO-Corunheiras-2.jpg 1920w, https:\/\/www.cm-evora.pt\/wp-content\/uploads\/2025\/02\/2025_01_14-HO-Corunheiras-2-300x200.jpg 300w, https:\/\/www.cm-evora.pt\/wp-content\/uploads\/2025\/02\/2025_01_14-HO-Corunheiras-2-1024x683.jpg 1024w, https:\/\/www.cm-evora.pt\/wp-content\/uploads\/2025\/02\/2025_01_14-HO-Corunheiras-2-768x512.jpg 768w, https:\/\/www.cm-evora.pt\/wp-content\/uploads\/2025\/02\/2025_01_14-HO-Corunheiras-2-1536x1024.jpg 1536w, https:\/\/www.cm-evora.pt\/wp-content\/uploads\/2025\/02\/2025_01_14-HO-Corunheiras-2-1320x880.jpg 1320w\" sizes=\"auto, (max-width: 1920px) 100vw, 1920px\" \/><\/a>\n\t\t\t<\/dt><\/dl><dl class='gallery-item'>\n\t\t\t<dt class='gallery-icon landscape'>\n\t\t\t\t<a href='https:\/\/www.cm-evora.pt\/wp-content\/uploads\/2025\/02\/2025_01_14-HO-Corunheiras-3.jpg'><img loading=\"lazy\" decoding=\"async\" width=\"1920\" height=\"1280\" src=\"https:\/\/www.cm-evora.pt\/wp-content\/uploads\/2025\/02\/2025_01_14-HO-Corunheiras-3.jpg\" class=\"attachment-full size-full\" alt=\"\" srcset=\"https:\/\/www.cm-evora.pt\/wp-content\/uploads\/2025\/02\/2025_01_14-HO-Corunheiras-3.jpg 1920w, https:\/\/www.cm-evora.pt\/wp-content\/uploads\/2025\/02\/2025_01_14-HO-Corunheiras-3-300x200.jpg 300w, https:\/\/www.cm-evora.pt\/wp-content\/uploads\/2025\/02\/2025_01_14-HO-Corunheiras-3-1024x683.jpg 1024w, https:\/\/www.cm-evora.pt\/wp-content\/uploads\/2025\/02\/2025_01_14-HO-Corunheiras-3-768x512.jpg 768w, https:\/\/www.cm-evora.pt\/wp-content\/uploads\/2025\/02\/2025_01_14-HO-Corunheiras-3-1536x1024.jpg 1536w, https:\/\/www.cm-evora.pt\/wp-content\/uploads\/2025\/02\/2025_01_14-HO-Corunheiras-3-1320x880.jpg 1320w\" sizes=\"auto, (max-width: 1920px) 100vw, 1920px\" \/><\/a>\n\t\t\t<\/dt><\/dl><br style=\"clear: both\" \/>\n\t\t<\/div>\n\n<p>&nbsp;<\/p>\n","protected":false},"excerpt":{"rendered":"<p>A Pra\u00e7a N\u00aa Sr\u00aa de F\u00e1tima est\u00e1 a ser alvo de trabalhos de requalifica\u00e7\u00e3o, que ir\u00e3o alterar de forma significativa o aspeto do local, e permitir melhorar as condi\u00e7\u00f5es de utiliza\u00e7\u00e3o e usufruto pela popula\u00e7\u00e3o. Ao mesmo tempo, ficar\u00e3o resolvidos os problemas de drenagem de \u00e1guas pluviais que se vinham verificando. Esta obra est\u00e1 a [&hellip;]<\/p>\n","protected":false},"author":46,"featured_media":71557,"comment_status":"closed","ping_status":"closed","sticky":false,"template":"","format":"standard","meta":{"_acf_changed":false,"footnotes":""},"categories":[2110],"tags":[],"class_list":["post-71556","post","type-post","status-publish","format-standard","has-post-thumbnail","hentry","category-noticias"],"acf":{"imagens":"","destaq_image":71558,"titulo_docs_seccao":"","documentos":""},"_links":{"self":[{"href":"https:\/\/www.cm-evora.pt\/en\/wp-json\/wp\/v2\/posts\/71556","targetHints":{"allow":["GET"]}}],"collection":[{"href":"https:\/\/www.cm-evora.pt\/en\/wp-json\/wp\/v2\/posts"}],"about":[{"href":"https:\/\/www.cm-evora.pt\/en\/wp-json\/wp\/v2\/types\/post"}],"author":[{"embeddable":true,"href":"https:\/\/www.cm-evora.pt\/en\/wp-json\/wp\/v2\/users\/46"}],"replies":[{"embeddable":true,"href":"https:\/\/www.cm-evora.pt\/en\/wp-json\/wp\/v2\/comments?post=71556"}],"version-history":[{"count":1,"href":"https:\/\/www.cm-evora.pt\/en\/wp-json\/wp\/v2\/posts\/71556\/revisions"}],"predecessor-version":[{"id":71566,"href":"https:\/\/www.cm-evora.pt\/en\/wp-json\/wp\/v2\/posts\/71556\/revisions\/71566"}],"wp:featuredmedia":[{"embeddable":true,"href":"https:\/\/www.cm-evora.pt\/en\/wp-json\/wp\/v2\/media\/71557"}],"wp:attachment":[{"href":"https:\/\/www.cm-evora.pt\/en\/wp-json\/wp\/v2\/media?parent=71556"}],"wp:term":[{"taxonomy":"category","embeddable":true,"href":"https:\/\/www.cm-evora.pt\/en\/wp-json\/wp\/v2\/categories?post=71556"},{"taxonomy":"post_tag","embeddable":true,"href":"https:\/\/www.cm-evora.pt\/en\/wp-json\/wp\/v2\/tags?post=71556"}],"curies":[{"name":"wp","href":"https:\/\/api.w.org\/{rel}","templated":true}]}}