{"id":71942,"date":"2025-03-07T14:19:37","date_gmt":"2025-03-07T14:19:37","guid":{"rendered":"https:\/\/www.cm-evora.pt\/?p=71942"},"modified":"2025-03-07T14:19:37","modified_gmt":"2025-03-07T14:19:37","slug":"exposicao-jaba-2024-inaugurada-no-inatel-de-evora","status":"publish","type":"post","link":"https:\/\/www.cm-evora.pt\/en\/exposicao-jaba-2024-inaugurada-no-inatel-de-evora\/","title":{"rendered":"Exposi\u00e7\u00e3o JABA 2024 inaugurada no INATEL de \u00c9vora"},"content":{"rendered":"<p>At\u00e9 30 de mar\u00e7o pode conhecer a exposi\u00e7\u00e3o itinerante de jovens artistas espanh\u00f3is e portugueses \u201cJABA 2024\u201d, no Pal\u00e1cio Barrocal da Funda\u00e7\u00e3o INATEL (Rua Serpa Pinto, 6), em \u00c9vora, cuja inaugura\u00e7\u00e3o teve lugar na tarde de 6 de mar\u00e7o.<\/p>\n<p>Tratam-se de mais de sete dezenas de trabalhos referentes \u00e0 XVIII edi\u00e7\u00e3o do Concurso Transfronteiri\u00e7o de Cria\u00e7\u00f5es Jovens, da autoria de artistas da Extremadura e do Alentejo, com idades entre os 13 e os 35 anos, nas \u00e1reas de Fotografia, Fotojornalismo, Pintura, Audiovisuais, Escultura, Design Gr\u00e1fico e Banda Desenhada.<\/p>\n<p>Esta mostra, integrada no M\u00eas da Juventude, visa estreitar os la\u00e7os de coopera\u00e7\u00e3o transfronteiri\u00e7a e \u00e9 organizada pela C\u00e2mara Municipal de \u00c9vora, Ayuntamiento de Badajoz y de la Concejal\u00eda de Juventud, contando com o apoio da Funda\u00e7\u00e3o Inatel e, na abertura, teve a atua\u00e7\u00e3o da Tuna Acad\u00e9mica da Universidade de \u00c9vora.<\/p>\n<p>Conhe\u00e7a todas as obras do concurso, realizado em 2024, na p\u00e1gina da Concejal\u00eda de Juventud del Ayuntamiento de Badajoz (que organiza a JABA) em <a href=\"https:\/\/juventudbadajoz.es\/exposicion-jaba\">https:\/\/juventudbadajoz.es\/exposicion-jaba<\/a><\/p>\n<p>Uma visita de jovens da Extremadura espanhola a \u00c9vora destinada a conhecer a exposi\u00e7\u00e3o e a cidade est\u00e1 j\u00e1 agendada para o dia 29 de mar\u00e7o.<\/p>\n<p>Recorda-se ainda que pode conhecer toda a programa\u00e7\u00e3o do M\u00eas da Juventude em <a href=\"https:\/\/www.cm-evora.pt\/eventos\/mes-da-juventude-marco-2025\/\">https:\/\/www.cm-evora.pt\/eventos\/mes-da-juventude-marco-2025\/<\/a><\/p>\n\n\t\t<style type=\"text\/css\">\n\t\t\t#gallery-1 {\n\t\t\t\tmargin: auto;\n\t\t\t}\n\t\t\t#gallery-1 .gallery-item {\n\t\t\t\tfloat: left;\n\t\t\t\tmargin-top: 10px;\n\t\t\t\ttext-align: center;\n\t\t\t\twidth: 20%;\n\t\t\t}\n\t\t\t#gallery-1 img {\n\t\t\t\tborder: 2px solid #cfcfcf;\n\t\t\t}\n\t\t\t#gallery-1 .gallery-caption {\n\t\t\t\tmargin-left: 0;\n\t\t\t}\n\t\t\t\/* see gallery_shortcode() in wp-includes\/media.php *\/\n\t\t<\/style>\n\t\t<div id='gallery-1' class='gallery galleryid-71942 gallery-columns-5 gallery-size-full'><dl class='gallery-item'>\n\t\t\t<dt class='gallery-icon landscape'>\n\t\t\t\t<a href='https:\/\/www.cm-evora.pt\/wp-content\/uploads\/2025\/03\/j2.jpg'><img loading=\"lazy\" decoding=\"async\" width=\"1920\" height=\"1129\" src=\"https:\/\/www.cm-evora.pt\/wp-content\/uploads\/2025\/03\/j2.jpg\" class=\"attachment-full size-full\" alt=\"\" srcset=\"https:\/\/www.cm-evora.pt\/wp-content\/uploads\/2025\/03\/j2.jpg 1920w, https:\/\/www.cm-evora.pt\/wp-content\/uploads\/2025\/03\/j2-300x176.jpg 300w, https:\/\/www.cm-evora.pt\/wp-content\/uploads\/2025\/03\/j2-1024x602.jpg 1024w, https:\/\/www.cm-evora.pt\/wp-content\/uploads\/2025\/03\/j2-768x452.jpg 768w, https:\/\/www.cm-evora.pt\/wp-content\/uploads\/2025\/03\/j2-1536x903.jpg 1536w, https:\/\/www.cm-evora.pt\/wp-content\/uploads\/2025\/03\/j2-1320x776.jpg 1320w\" sizes=\"auto, (max-width: 1920px) 100vw, 1920px\" \/><\/a>\n\t\t\t<\/dt><\/dl><dl class='gallery-item'>\n\t\t\t<dt class='gallery-icon landscape'>\n\t\t\t\t<a href='https:\/\/www.cm-evora.pt\/wp-content\/uploads\/2025\/03\/j3.jpg'><img loading=\"lazy\" decoding=\"async\" width=\"1920\" height=\"1103\" src=\"https:\/\/www.cm-evora.pt\/wp-content\/uploads\/2025\/03\/j3.jpg\" class=\"attachment-full size-full\" alt=\"\" srcset=\"https:\/\/www.cm-evora.pt\/wp-content\/uploads\/2025\/03\/j3.jpg 1920w, https:\/\/www.cm-evora.pt\/wp-content\/uploads\/2025\/03\/j3-300x172.jpg 300w, https:\/\/www.cm-evora.pt\/wp-content\/uploads\/2025\/03\/j3-1024x588.jpg 1024w, https:\/\/www.cm-evora.pt\/wp-content\/uploads\/2025\/03\/j3-768x441.jpg 768w, https:\/\/www.cm-evora.pt\/wp-content\/uploads\/2025\/03\/j3-1536x882.jpg 1536w, https:\/\/www.cm-evora.pt\/wp-content\/uploads\/2025\/03\/j3-1320x758.jpg 1320w\" sizes=\"auto, (max-width: 1920px) 100vw, 1920px\" \/><\/a>\n\t\t\t<\/dt><\/dl><dl class='gallery-item'>\n\t\t\t<dt class='gallery-icon landscape'>\n\t\t\t\t<a href='https:\/\/www.cm-evora.pt\/wp-content\/uploads\/2025\/03\/j7.jpg'><img loading=\"lazy\" decoding=\"async\" width=\"1920\" height=\"1316\" src=\"https:\/\/www.cm-evora.pt\/wp-content\/uploads\/2025\/03\/j7.jpg\" class=\"attachment-full size-full\" alt=\"\" srcset=\"https:\/\/www.cm-evora.pt\/wp-content\/uploads\/2025\/03\/j7.jpg 1920w, https:\/\/www.cm-evora.pt\/wp-content\/uploads\/2025\/03\/j7-300x206.jpg 300w, https:\/\/www.cm-evora.pt\/wp-content\/uploads\/2025\/03\/j7-1024x702.jpg 1024w, https:\/\/www.cm-evora.pt\/wp-content\/uploads\/2025\/03\/j7-768x526.jpg 768w, https:\/\/www.cm-evora.pt\/wp-content\/uploads\/2025\/03\/j7-1536x1053.jpg 1536w, https:\/\/www.cm-evora.pt\/wp-content\/uploads\/2025\/03\/j7-1320x905.jpg 1320w\" sizes=\"auto, (max-width: 1920px) 100vw, 1920px\" \/><\/a>\n\t\t\t<\/dt><\/dl><dl class='gallery-item'>\n\t\t\t<dt class='gallery-icon landscape'>\n\t\t\t\t<a href='https:\/\/www.cm-evora.pt\/wp-content\/uploads\/2025\/03\/j8.jpg'><img loading=\"lazy\" decoding=\"async\" width=\"1920\" height=\"1333\" src=\"https:\/\/www.cm-evora.pt\/wp-content\/uploads\/2025\/03\/j8.jpg\" class=\"attachment-full size-full\" alt=\"\" srcset=\"https:\/\/www.cm-evora.pt\/wp-content\/uploads\/2025\/03\/j8.jpg 1920w, https:\/\/www.cm-evora.pt\/wp-content\/uploads\/2025\/03\/j8-300x208.jpg 300w, https:\/\/www.cm-evora.pt\/wp-content\/uploads\/2025\/03\/j8-1024x711.jpg 1024w, https:\/\/www.cm-evora.pt\/wp-content\/uploads\/2025\/03\/j8-768x533.jpg 768w, https:\/\/www.cm-evora.pt\/wp-content\/uploads\/2025\/03\/j8-1536x1066.jpg 1536w, https:\/\/www.cm-evora.pt\/wp-content\/uploads\/2025\/03\/j8-1320x916.jpg 1320w\" sizes=\"auto, (max-width: 1920px) 100vw, 1920px\" \/><\/a>\n\t\t\t<\/dt><\/dl><dl class='gallery-item'>\n\t\t\t<dt class='gallery-icon landscape'>\n\t\t\t\t<a href='https:\/\/www.cm-evora.pt\/wp-content\/uploads\/2025\/03\/j10.jpg'><img loading=\"lazy\" decoding=\"async\" width=\"1920\" height=\"1754\" src=\"https:\/\/www.cm-evora.pt\/wp-content\/uploads\/2025\/03\/j10.jpg\" class=\"attachment-full size-full\" alt=\"\" srcset=\"https:\/\/www.cm-evora.pt\/wp-content\/uploads\/2025\/03\/j10.jpg 1920w, https:\/\/www.cm-evora.pt\/wp-content\/uploads\/2025\/03\/j10-300x274.jpg 300w, https:\/\/www.cm-evora.pt\/wp-content\/uploads\/2025\/03\/j10-1024x935.jpg 1024w, https:\/\/www.cm-evora.pt\/wp-content\/uploads\/2025\/03\/j10-768x702.jpg 768w, https:\/\/www.cm-evora.pt\/wp-content\/uploads\/2025\/03\/j10-1536x1403.jpg 1536w, https:\/\/www.cm-evora.pt\/wp-content\/uploads\/2025\/03\/j10-1320x1206.jpg 1320w\" sizes=\"auto, (max-width: 1920px) 100vw, 1920px\" \/><\/a>\n\t\t\t<\/dt><\/dl><br style=\"clear: both\" \/><dl class='gallery-item'>\n\t\t\t<dt class='gallery-icon portrait'>\n\t\t\t\t<a href='https:\/\/www.cm-evora.pt\/wp-content\/uploads\/2025\/03\/j11.jpg'><img loading=\"lazy\" decoding=\"async\" width=\"1590\" height=\"1920\" src=\"https:\/\/www.cm-evora.pt\/wp-content\/uploads\/2025\/03\/j11.jpg\" class=\"attachment-full size-full\" alt=\"\" srcset=\"https:\/\/www.cm-evora.pt\/wp-content\/uploads\/2025\/03\/j11.jpg 1590w, https:\/\/www.cm-evora.pt\/wp-content\/uploads\/2025\/03\/j11-248x300.jpg 248w, https:\/\/www.cm-evora.pt\/wp-content\/uploads\/2025\/03\/j11-848x1024.jpg 848w, https:\/\/www.cm-evora.pt\/wp-content\/uploads\/2025\/03\/j11-768x927.jpg 768w, https:\/\/www.cm-evora.pt\/wp-content\/uploads\/2025\/03\/j11-1272x1536.jpg 1272w, https:\/\/www.cm-evora.pt\/wp-content\/uploads\/2025\/03\/j11-1320x1594.jpg 1320w\" sizes=\"auto, (max-width: 1590px) 100vw, 1590px\" \/><\/a>\n\t\t\t<\/dt><\/dl><dl class='gallery-item'>\n\t\t\t<dt class='gallery-icon portrait'>\n\t\t\t\t<a href='https:\/\/www.cm-evora.pt\/wp-content\/uploads\/2025\/03\/j12.jpg'><img loading=\"lazy\" decoding=\"async\" width=\"1920\" height=\"2213\" src=\"https:\/\/www.cm-evora.pt\/wp-content\/uploads\/2025\/03\/j12.jpg\" class=\"attachment-full size-full\" alt=\"\" srcset=\"https:\/\/www.cm-evora.pt\/wp-content\/uploads\/2025\/03\/j12.jpg 1920w, https:\/\/www.cm-evora.pt\/wp-content\/uploads\/2025\/03\/j12-260x300.jpg 260w, https:\/\/www.cm-evora.pt\/wp-content\/uploads\/2025\/03\/j12-888x1024.jpg 888w, https:\/\/www.cm-evora.pt\/wp-content\/uploads\/2025\/03\/j12-768x885.jpg 768w, https:\/\/www.cm-evora.pt\/wp-content\/uploads\/2025\/03\/j12-1333x1536.jpg 1333w, https:\/\/www.cm-evora.pt\/wp-content\/uploads\/2025\/03\/j12-1777x2048.jpg 1777w, https:\/\/www.cm-evora.pt\/wp-content\/uploads\/2025\/03\/j12-1320x1521.jpg 1320w\" sizes=\"auto, (max-width: 1920px) 100vw, 1920px\" \/><\/a>\n\t\t\t<\/dt><\/dl><dl class='gallery-item'>\n\t\t\t<dt class='gallery-icon landscape'>\n\t\t\t\t<a href='https:\/\/www.cm-evora.pt\/wp-content\/uploads\/2025\/03\/j13.jpg'><img loading=\"lazy\" decoding=\"async\" width=\"1920\" height=\"1280\" src=\"https:\/\/www.cm-evora.pt\/wp-content\/uploads\/2025\/03\/j13.jpg\" class=\"attachment-full size-full\" alt=\"\" srcset=\"https:\/\/www.cm-evora.pt\/wp-content\/uploads\/2025\/03\/j13.jpg 1920w, https:\/\/www.cm-evora.pt\/wp-content\/uploads\/2025\/03\/j13-300x200.jpg 300w, https:\/\/www.cm-evora.pt\/wp-content\/uploads\/2025\/03\/j13-1024x683.jpg 1024w, https:\/\/www.cm-evora.pt\/wp-content\/uploads\/2025\/03\/j13-768x512.jpg 768w, https:\/\/www.cm-evora.pt\/wp-content\/uploads\/2025\/03\/j13-1536x1024.jpg 1536w, https:\/\/www.cm-evora.pt\/wp-content\/uploads\/2025\/03\/j13-1320x880.jpg 1320w\" sizes=\"auto, (max-width: 1920px) 100vw, 1920px\" \/><\/a>\n\t\t\t<\/dt><\/dl><dl class='gallery-item'>\n\t\t\t<dt class='gallery-icon landscape'>\n\t\t\t\t<a href='https:\/\/www.cm-evora.pt\/wp-content\/uploads\/2025\/03\/j14.jpg'><img loading=\"lazy\" decoding=\"async\" width=\"1920\" height=\"1381\" src=\"https:\/\/www.cm-evora.pt\/wp-content\/uploads\/2025\/03\/j14.jpg\" class=\"attachment-full size-full\" alt=\"\" srcset=\"https:\/\/www.cm-evora.pt\/wp-content\/uploads\/2025\/03\/j14.jpg 1920w, https:\/\/www.cm-evora.pt\/wp-content\/uploads\/2025\/03\/j14-300x216.jpg 300w, https:\/\/www.cm-evora.pt\/wp-content\/uploads\/2025\/03\/j14-1024x737.jpg 1024w, https:\/\/www.cm-evora.pt\/wp-content\/uploads\/2025\/03\/j14-768x552.jpg 768w, https:\/\/www.cm-evora.pt\/wp-content\/uploads\/2025\/03\/j14-1536x1105.jpg 1536w, https:\/\/www.cm-evora.pt\/wp-content\/uploads\/2025\/03\/j14-1320x949.jpg 1320w\" sizes=\"auto, (max-width: 1920px) 100vw, 1920px\" \/><\/a>\n\t\t\t<\/dt><\/dl><dl class='gallery-item'>\n\t\t\t<dt class='gallery-icon landscape'>\n\t\t\t\t<a href='https:\/\/www.cm-evora.pt\/wp-content\/uploads\/2025\/03\/j15.jpg'><img loading=\"lazy\" decoding=\"async\" width=\"1920\" height=\"1087\" src=\"https:\/\/www.cm-evora.pt\/wp-content\/uploads\/2025\/03\/j15.jpg\" class=\"attachment-full size-full\" alt=\"\" srcset=\"https:\/\/www.cm-evora.pt\/wp-content\/uploads\/2025\/03\/j15.jpg 1920w, https:\/\/www.cm-evora.pt\/wp-content\/uploads\/2025\/03\/j15-300x170.jpg 300w, https:\/\/www.cm-evora.pt\/wp-content\/uploads\/2025\/03\/j15-1024x580.jpg 1024w, https:\/\/www.cm-evora.pt\/wp-content\/uploads\/2025\/03\/j15-768x435.jpg 768w, https:\/\/www.cm-evora.pt\/wp-content\/uploads\/2025\/03\/j15-1536x870.jpg 1536w, https:\/\/www.cm-evora.pt\/wp-content\/uploads\/2025\/03\/j15-1320x747.jpg 1320w\" sizes=\"auto, (max-width: 1920px) 100vw, 1920px\" \/><\/a>\n\t\t\t<\/dt><\/dl><br style=\"clear: both\" \/><dl class='gallery-item'>\n\t\t\t<dt class='gallery-icon landscape'>\n\t\t\t\t<a href='https:\/\/www.cm-evora.pt\/wp-content\/uploads\/2025\/03\/j16.jpg'><img loading=\"lazy\" decoding=\"async\" width=\"1920\" height=\"1708\" src=\"https:\/\/www.cm-evora.pt\/wp-content\/uploads\/2025\/03\/j16.jpg\" class=\"attachment-full size-full\" alt=\"\" srcset=\"https:\/\/www.cm-evora.pt\/wp-content\/uploads\/2025\/03\/j16.jpg 1920w, https:\/\/www.cm-evora.pt\/wp-content\/uploads\/2025\/03\/j16-300x267.jpg 300w, https:\/\/www.cm-evora.pt\/wp-content\/uploads\/2025\/03\/j16-1024x911.jpg 1024w, https:\/\/www.cm-evora.pt\/wp-content\/uploads\/2025\/03\/j16-768x683.jpg 768w, https:\/\/www.cm-evora.pt\/wp-content\/uploads\/2025\/03\/j16-1536x1366.jpg 1536w, https:\/\/www.cm-evora.pt\/wp-content\/uploads\/2025\/03\/j16-1320x1174.jpg 1320w\" sizes=\"auto, (max-width: 1920px) 100vw, 1920px\" \/><\/a>\n\t\t\t<\/dt><\/dl><dl class='gallery-item'>\n\t\t\t<dt class='gallery-icon landscape'>\n\t\t\t\t<a href='https:\/\/www.cm-evora.pt\/wp-content\/uploads\/2025\/03\/j17.jpg'><img loading=\"lazy\" decoding=\"async\" width=\"1920\" height=\"1280\" src=\"https:\/\/www.cm-evora.pt\/wp-content\/uploads\/2025\/03\/j17.jpg\" class=\"attachment-full size-full\" alt=\"\" srcset=\"https:\/\/www.cm-evora.pt\/wp-content\/uploads\/2025\/03\/j17.jpg 1920w, https:\/\/www.cm-evora.pt\/wp-content\/uploads\/2025\/03\/j17-300x200.jpg 300w, https:\/\/www.cm-evora.pt\/wp-content\/uploads\/2025\/03\/j17-1024x683.jpg 1024w, https:\/\/www.cm-evora.pt\/wp-content\/uploads\/2025\/03\/j17-768x512.jpg 768w, https:\/\/www.cm-evora.pt\/wp-content\/uploads\/2025\/03\/j17-1536x1024.jpg 1536w, https:\/\/www.cm-evora.pt\/wp-content\/uploads\/2025\/03\/j17-1320x880.jpg 1320w\" sizes=\"auto, (max-width: 1920px) 100vw, 1920px\" \/><\/a>\n\t\t\t<\/dt><\/dl><dl class='gallery-item'>\n\t\t\t<dt class='gallery-icon landscape'>\n\t\t\t\t<a href='https:\/\/www.cm-evora.pt\/wp-content\/uploads\/2025\/03\/j18.jpg'><img loading=\"lazy\" decoding=\"async\" width=\"1920\" height=\"1604\" src=\"https:\/\/www.cm-evora.pt\/wp-content\/uploads\/2025\/03\/j18.jpg\" class=\"attachment-full size-full\" alt=\"\" srcset=\"https:\/\/www.cm-evora.pt\/wp-content\/uploads\/2025\/03\/j18.jpg 1920w, https:\/\/www.cm-evora.pt\/wp-content\/uploads\/2025\/03\/j18-300x251.jpg 300w, https:\/\/www.cm-evora.pt\/wp-content\/uploads\/2025\/03\/j18-1024x855.jpg 1024w, https:\/\/www.cm-evora.pt\/wp-content\/uploads\/2025\/03\/j18-768x642.jpg 768w, https:\/\/www.cm-evora.pt\/wp-content\/uploads\/2025\/03\/j18-1536x1283.jpg 1536w, https:\/\/www.cm-evora.pt\/wp-content\/uploads\/2025\/03\/j18-1320x1103.jpg 1320w\" sizes=\"auto, (max-width: 1920px) 100vw, 1920px\" \/><\/a>\n\t\t\t<\/dt><\/dl><dl class='gallery-item'>\n\t\t\t<dt class='gallery-icon landscape'>\n\t\t\t\t<a href='https:\/\/www.cm-evora.pt\/wp-content\/uploads\/2025\/03\/J19.jpg'><img loading=\"lazy\" decoding=\"async\" width=\"1920\" height=\"1280\" src=\"https:\/\/www.cm-evora.pt\/wp-content\/uploads\/2025\/03\/J19.jpg\" class=\"attachment-full size-full\" alt=\"\" srcset=\"https:\/\/www.cm-evora.pt\/wp-content\/uploads\/2025\/03\/J19.jpg 1920w, https:\/\/www.cm-evora.pt\/wp-content\/uploads\/2025\/03\/J19-300x200.jpg 300w, https:\/\/www.cm-evora.pt\/wp-content\/uploads\/2025\/03\/J19-1024x683.jpg 1024w, https:\/\/www.cm-evora.pt\/wp-content\/uploads\/2025\/03\/J19-768x512.jpg 768w, https:\/\/www.cm-evora.pt\/wp-content\/uploads\/2025\/03\/J19-1536x1024.jpg 1536w, https:\/\/www.cm-evora.pt\/wp-content\/uploads\/2025\/03\/J19-1320x880.jpg 1320w\" sizes=\"auto, (max-width: 1920px) 100vw, 1920px\" \/><\/a>\n\t\t\t<\/dt><\/dl><dl class='gallery-item'>\n\t\t\t<dt class='gallery-icon landscape'>\n\t\t\t\t<a href='https:\/\/www.cm-evora.pt\/wp-content\/uploads\/2025\/03\/J20.jpg'><img loading=\"lazy\" decoding=\"async\" width=\"1920\" height=\"1086\" src=\"https:\/\/www.cm-evora.pt\/wp-content\/uploads\/2025\/03\/J20.jpg\" class=\"attachment-full size-full\" alt=\"\" srcset=\"https:\/\/www.cm-evora.pt\/wp-content\/uploads\/2025\/03\/J20.jpg 1920w, https:\/\/www.cm-evora.pt\/wp-content\/uploads\/2025\/03\/J20-300x170.jpg 300w, https:\/\/www.cm-evora.pt\/wp-content\/uploads\/2025\/03\/J20-1024x579.jpg 1024w, https:\/\/www.cm-evora.pt\/wp-content\/uploads\/2025\/03\/J20-768x434.jpg 768w, https:\/\/www.cm-evora.pt\/wp-content\/uploads\/2025\/03\/J20-1536x869.jpg 1536w, https:\/\/www.cm-evora.pt\/wp-content\/uploads\/2025\/03\/J20-1320x747.jpg 1320w\" sizes=\"auto, (max-width: 1920px) 100vw, 1920px\" \/><\/a>\n\t\t\t<\/dt><\/dl><br style=\"clear: both\" \/>\n\t\t<\/div>\n\n","protected":false},"excerpt":{"rendered":"<p>At\u00e9 30 de mar\u00e7o pode conhecer a exposi\u00e7\u00e3o itinerante de jovens artistas espanh\u00f3is e portugueses \u201cJABA 2024\u201d, no Pal\u00e1cio Barrocal da Funda\u00e7\u00e3o INATEL (Rua Serpa Pinto, 6), em \u00c9vora, cuja inaugura\u00e7\u00e3o teve lugar na tarde de 6 de mar\u00e7o. Tratam-se de mais de sete dezenas de trabalhos referentes \u00e0 XVIII edi\u00e7\u00e3o do Concurso Transfronteiri\u00e7o de [&hellip;]<\/p>\n","protected":false},"author":81,"featured_media":71945,"comment_status":"closed","ping_status":"closed","sticky":false,"template":"","format":"standard","meta":{"_acf_changed":false,"footnotes":""},"categories":[2110],"tags":[],"class_list":["post-71942","post","type-post","status-publish","format-standard","has-post-thumbnail","hentry","category-noticias"],"acf":{"imagens":"","destaq_image":71945,"titulo_docs_seccao":"","documentos":""},"_links":{"self":[{"href":"https:\/\/www.cm-evora.pt\/en\/wp-json\/wp\/v2\/posts\/71942","targetHints":{"allow":["GET"]}}],"collection":[{"href":"https:\/\/www.cm-evora.pt\/en\/wp-json\/wp\/v2\/posts"}],"about":[{"href":"https:\/\/www.cm-evora.pt\/en\/wp-json\/wp\/v2\/types\/post"}],"author":[{"embeddable":true,"href":"https:\/\/www.cm-evora.pt\/en\/wp-json\/wp\/v2\/users\/81"}],"replies":[{"embeddable":true,"href":"https:\/\/www.cm-evora.pt\/en\/wp-json\/wp\/v2\/comments?post=71942"}],"version-history":[{"count":1,"href":"https:\/\/www.cm-evora.pt\/en\/wp-json\/wp\/v2\/posts\/71942\/revisions"}],"predecessor-version":[{"id":71958,"href":"https:\/\/www.cm-evora.pt\/en\/wp-json\/wp\/v2\/posts\/71942\/revisions\/71958"}],"wp:featuredmedia":[{"embeddable":true,"href":"https:\/\/www.cm-evora.pt\/en\/wp-json\/wp\/v2\/media\/71945"}],"wp:attachment":[{"href":"https:\/\/www.cm-evora.pt\/en\/wp-json\/wp\/v2\/media?parent=71942"}],"wp:term":[{"taxonomy":"category","embeddable":true,"href":"https:\/\/www.cm-evora.pt\/en\/wp-json\/wp\/v2\/categories?post=71942"},{"taxonomy":"post_tag","embeddable":true,"href":"https:\/\/www.cm-evora.pt\/en\/wp-json\/wp\/v2\/tags?post=71942"}],"curies":[{"name":"wp","href":"https:\/\/api.w.org\/{rel}","templated":true}]}}