{"id":72068,"date":"2025-03-12T12:26:29","date_gmt":"2025-03-12T12:26:29","guid":{"rendered":"https:\/\/www.cm-evora.pt\/?p=72068"},"modified":"2025-03-12T12:26:29","modified_gmt":"2025-03-12T12:26:29","slug":"municipio-de-evora-assinalou-dia-internacional-da-mulher-com-manha-desportiva","status":"publish","type":"post","link":"https:\/\/www.cm-evora.pt\/en\/municipio-de-evora-assinalou-dia-internacional-da-mulher-com-manha-desportiva\/","title":{"rendered":"Munic\u00edpio de \u00c9vora assinalou Dia Internacional da Mulher com manh\u00e3 desportiva"},"content":{"rendered":"<p>O grupo de trabalho interno para a Igualdade de G\u00e9nero da C\u00e2mara Municipal de \u00c9vora organizou uma manh\u00e3 desportiva e de conv\u00edvio, entre todos os que quiseram participar, no dia 10 de mar\u00e7o, na Arena d\u2019\u00c9vora.<\/p>\n<p>Al\u00e9m de jogos com equipas mistas, que fomentaram um salutar conv\u00edvio e boa disposi\u00e7\u00e3o, teve lugar tamb\u00e9m uma a\u00e7\u00e3o de esclarecimento sobre \u201cSa\u00fade P\u00e9lvica \u2013 A import\u00e2ncia para o bem-estar e sa\u00fade da Mulher\u201d, dinamizada por Silvia Charepe Dias (Fisioterapeuta especializada em sa\u00fade p\u00e9lvica e sa\u00fade da mulher).<\/p>\n<p>Esta a\u00e7\u00e3o de celebra\u00e7\u00e3o do Dia Internacional da Mulher, integra-se no Plano Municipal para a Igualdade e N\u00e3o Discrimina\u00e7\u00e3o \u2013 Tecer Redes para a Igualdade (PMIND), aprovado em 2022 pela C\u00e2mara Municipal de \u00c9vora e com um conjunto de atividades destinadas a esbater assimetrias e melhorar a igualdade de direitos e o combate \u00e0s discrimina\u00e7\u00f5es, tanto dentro da autarquia como do Concelho.<\/p>\n\n\t\t<style type=\"text\/css\">\n\t\t\t#gallery-1 {\n\t\t\t\tmargin: auto;\n\t\t\t}\n\t\t\t#gallery-1 .gallery-item {\n\t\t\t\tfloat: left;\n\t\t\t\tmargin-top: 10px;\n\t\t\t\ttext-align: center;\n\t\t\t\twidth: 100%;\n\t\t\t}\n\t\t\t#gallery-1 img {\n\t\t\t\tborder: 2px solid #cfcfcf;\n\t\t\t}\n\t\t\t#gallery-1 .gallery-caption {\n\t\t\t\tmargin-left: 0;\n\t\t\t}\n\t\t\t\/* see gallery_shortcode() in wp-includes\/media.php *\/\n\t\t<\/style>\n\t\t<div id='gallery-1' class='gallery galleryid-72068 gallery-columns-1 gallery-size-full'><dl class='gallery-item'>\n\t\t\t<dt class='gallery-icon landscape'>\n\t\t\t\t<a href='https:\/\/www.cm-evora.pt\/wp-content\/uploads\/2025\/03\/A1.jpg'><img loading=\"lazy\" decoding=\"async\" width=\"1920\" height=\"631\" src=\"https:\/\/www.cm-evora.pt\/wp-content\/uploads\/2025\/03\/A1.jpg\" class=\"attachment-full size-full\" alt=\"\" srcset=\"https:\/\/www.cm-evora.pt\/wp-content\/uploads\/2025\/03\/A1.jpg 1920w, https:\/\/www.cm-evora.pt\/wp-content\/uploads\/2025\/03\/A1-300x99.jpg 300w, https:\/\/www.cm-evora.pt\/wp-content\/uploads\/2025\/03\/A1-1024x337.jpg 1024w, https:\/\/www.cm-evora.pt\/wp-content\/uploads\/2025\/03\/A1-768x252.jpg 768w, https:\/\/www.cm-evora.pt\/wp-content\/uploads\/2025\/03\/A1-1536x505.jpg 1536w, https:\/\/www.cm-evora.pt\/wp-content\/uploads\/2025\/03\/A1-1320x434.jpg 1320w\" sizes=\"auto, (max-width: 1920px) 100vw, 1920px\" \/><\/a>\n\t\t\t<\/dt><\/dl><br style=\"clear: both\" \/><dl class='gallery-item'>\n\t\t\t<dt class='gallery-icon landscape'>\n\t\t\t\t<a href='https:\/\/www.cm-evora.pt\/wp-content\/uploads\/2025\/03\/A2.jpg'><img loading=\"lazy\" decoding=\"async\" width=\"1920\" height=\"1256\" src=\"https:\/\/www.cm-evora.pt\/wp-content\/uploads\/2025\/03\/A2.jpg\" class=\"attachment-full size-full\" alt=\"\" srcset=\"https:\/\/www.cm-evora.pt\/wp-content\/uploads\/2025\/03\/A2.jpg 1920w, https:\/\/www.cm-evora.pt\/wp-content\/uploads\/2025\/03\/A2-300x196.jpg 300w, https:\/\/www.cm-evora.pt\/wp-content\/uploads\/2025\/03\/A2-1024x670.jpg 1024w, https:\/\/www.cm-evora.pt\/wp-content\/uploads\/2025\/03\/A2-768x502.jpg 768w, https:\/\/www.cm-evora.pt\/wp-content\/uploads\/2025\/03\/A2-1536x1005.jpg 1536w, https:\/\/www.cm-evora.pt\/wp-content\/uploads\/2025\/03\/A2-1320x864.jpg 1320w\" sizes=\"auto, (max-width: 1920px) 100vw, 1920px\" \/><\/a>\n\t\t\t<\/dt><\/dl><br style=\"clear: both\" \/><dl class='gallery-item'>\n\t\t\t<dt class='gallery-icon landscape'>\n\t\t\t\t<a href='https:\/\/www.cm-evora.pt\/wp-content\/uploads\/2025\/03\/A3.jpg'><img loading=\"lazy\" decoding=\"async\" width=\"1920\" height=\"1280\" src=\"https:\/\/www.cm-evora.pt\/wp-content\/uploads\/2025\/03\/A3.jpg\" class=\"attachment-full size-full\" alt=\"\" srcset=\"https:\/\/www.cm-evora.pt\/wp-content\/uploads\/2025\/03\/A3.jpg 1920w, https:\/\/www.cm-evora.pt\/wp-content\/uploads\/2025\/03\/A3-300x200.jpg 300w, https:\/\/www.cm-evora.pt\/wp-content\/uploads\/2025\/03\/A3-1024x683.jpg 1024w, https:\/\/www.cm-evora.pt\/wp-content\/uploads\/2025\/03\/A3-768x512.jpg 768w, https:\/\/www.cm-evora.pt\/wp-content\/uploads\/2025\/03\/A3-1536x1024.jpg 1536w, https:\/\/www.cm-evora.pt\/wp-content\/uploads\/2025\/03\/A3-1320x880.jpg 1320w\" sizes=\"auto, (max-width: 1920px) 100vw, 1920px\" \/><\/a>\n\t\t\t<\/dt><\/dl><br style=\"clear: both\" \/><dl class='gallery-item'>\n\t\t\t<dt class='gallery-icon landscape'>\n\t\t\t\t<a href='https:\/\/www.cm-evora.pt\/wp-content\/uploads\/2025\/03\/A4.jpg'><img loading=\"lazy\" decoding=\"async\" width=\"1920\" height=\"864\" src=\"https:\/\/www.cm-evora.pt\/wp-content\/uploads\/2025\/03\/A4.jpg\" class=\"attachment-full size-full\" alt=\"\" srcset=\"https:\/\/www.cm-evora.pt\/wp-content\/uploads\/2025\/03\/A4.jpg 1920w, https:\/\/www.cm-evora.pt\/wp-content\/uploads\/2025\/03\/A4-300x135.jpg 300w, https:\/\/www.cm-evora.pt\/wp-content\/uploads\/2025\/03\/A4-1024x461.jpg 1024w, https:\/\/www.cm-evora.pt\/wp-content\/uploads\/2025\/03\/A4-768x346.jpg 768w, https:\/\/www.cm-evora.pt\/wp-content\/uploads\/2025\/03\/A4-1536x691.jpg 1536w, https:\/\/www.cm-evora.pt\/wp-content\/uploads\/2025\/03\/A4-220x100.jpg 220w, https:\/\/www.cm-evora.pt\/wp-content\/uploads\/2025\/03\/A4-1320x594.jpg 1320w\" sizes=\"auto, (max-width: 1920px) 100vw, 1920px\" \/><\/a>\n\t\t\t<\/dt><\/dl><br style=\"clear: both\" \/><dl class='gallery-item'>\n\t\t\t<dt class='gallery-icon landscape'>\n\t\t\t\t<a href='https:\/\/www.cm-evora.pt\/wp-content\/uploads\/2025\/03\/A5.jpg'><img loading=\"lazy\" decoding=\"async\" width=\"1920\" height=\"1679\" src=\"https:\/\/www.cm-evora.pt\/wp-content\/uploads\/2025\/03\/A5.jpg\" class=\"attachment-full size-full\" alt=\"\" srcset=\"https:\/\/www.cm-evora.pt\/wp-content\/uploads\/2025\/03\/A5.jpg 1920w, https:\/\/www.cm-evora.pt\/wp-content\/uploads\/2025\/03\/A5-300x262.jpg 300w, https:\/\/www.cm-evora.pt\/wp-content\/uploads\/2025\/03\/A5-1024x895.jpg 1024w, https:\/\/www.cm-evora.pt\/wp-content\/uploads\/2025\/03\/A5-768x672.jpg 768w, https:\/\/www.cm-evora.pt\/wp-content\/uploads\/2025\/03\/A5-1536x1343.jpg 1536w, https:\/\/www.cm-evora.pt\/wp-content\/uploads\/2025\/03\/A5-1320x1154.jpg 1320w\" sizes=\"auto, (max-width: 1920px) 100vw, 1920px\" \/><\/a>\n\t\t\t<\/dt><\/dl><br style=\"clear: both\" \/><dl class='gallery-item'>\n\t\t\t<dt class='gallery-icon landscape'>\n\t\t\t\t<a href='https:\/\/www.cm-evora.pt\/wp-content\/uploads\/2025\/03\/A6.jpg'><img loading=\"lazy\" decoding=\"async\" width=\"1920\" height=\"1012\" src=\"https:\/\/www.cm-evora.pt\/wp-content\/uploads\/2025\/03\/A6.jpg\" class=\"attachment-full size-full\" alt=\"\" srcset=\"https:\/\/www.cm-evora.pt\/wp-content\/uploads\/2025\/03\/A6.jpg 1920w, https:\/\/www.cm-evora.pt\/wp-content\/uploads\/2025\/03\/A6-300x158.jpg 300w, https:\/\/www.cm-evora.pt\/wp-content\/uploads\/2025\/03\/A6-1024x540.jpg 1024w, https:\/\/www.cm-evora.pt\/wp-content\/uploads\/2025\/03\/A6-768x405.jpg 768w, https:\/\/www.cm-evora.pt\/wp-content\/uploads\/2025\/03\/A6-1536x810.jpg 1536w, https:\/\/www.cm-evora.pt\/wp-content\/uploads\/2025\/03\/A6-1320x696.jpg 1320w\" sizes=\"auto, (max-width: 1920px) 100vw, 1920px\" \/><\/a>\n\t\t\t<\/dt><\/dl><br style=\"clear: both\" \/>\n\t\t<\/div>\n\n","protected":false},"excerpt":{"rendered":"<p>O grupo de trabalho interno para a Igualdade de G\u00e9nero da C\u00e2mara Municipal de \u00c9vora organizou uma manh\u00e3 desportiva e de conv\u00edvio, entre todos os que quiseram participar, no dia 10 de mar\u00e7o, na Arena d\u2019\u00c9vora. Al\u00e9m de jogos com equipas mistas, que fomentaram um salutar conv\u00edvio e boa disposi\u00e7\u00e3o, teve lugar tamb\u00e9m uma a\u00e7\u00e3o [&hellip;]<\/p>\n","protected":false},"author":81,"featured_media":72069,"comment_status":"closed","ping_status":"closed","sticky":false,"template":"","format":"standard","meta":{"_acf_changed":false,"footnotes":""},"categories":[2110],"tags":[],"class_list":["post-72068","post","type-post","status-publish","format-standard","has-post-thumbnail","hentry","category-noticias"],"acf":{"imagens":"","destaq_image":72074,"titulo_docs_seccao":"","documentos":""},"_links":{"self":[{"href":"https:\/\/www.cm-evora.pt\/en\/wp-json\/wp\/v2\/posts\/72068","targetHints":{"allow":["GET"]}}],"collection":[{"href":"https:\/\/www.cm-evora.pt\/en\/wp-json\/wp\/v2\/posts"}],"about":[{"href":"https:\/\/www.cm-evora.pt\/en\/wp-json\/wp\/v2\/types\/post"}],"author":[{"embeddable":true,"href":"https:\/\/www.cm-evora.pt\/en\/wp-json\/wp\/v2\/users\/81"}],"replies":[{"embeddable":true,"href":"https:\/\/www.cm-evora.pt\/en\/wp-json\/wp\/v2\/comments?post=72068"}],"version-history":[{"count":1,"href":"https:\/\/www.cm-evora.pt\/en\/wp-json\/wp\/v2\/posts\/72068\/revisions"}],"predecessor-version":[{"id":72075,"href":"https:\/\/www.cm-evora.pt\/en\/wp-json\/wp\/v2\/posts\/72068\/revisions\/72075"}],"wp:featuredmedia":[{"embeddable":true,"href":"https:\/\/www.cm-evora.pt\/en\/wp-json\/wp\/v2\/media\/72069"}],"wp:attachment":[{"href":"https:\/\/www.cm-evora.pt\/en\/wp-json\/wp\/v2\/media?parent=72068"}],"wp:term":[{"taxonomy":"category","embeddable":true,"href":"https:\/\/www.cm-evora.pt\/en\/wp-json\/wp\/v2\/categories?post=72068"},{"taxonomy":"post_tag","embeddable":true,"href":"https:\/\/www.cm-evora.pt\/en\/wp-json\/wp\/v2\/tags?post=72068"}],"curies":[{"name":"wp","href":"https:\/\/api.w.org\/{rel}","templated":true}]}}