{"id":72203,"date":"2025-03-14T11:49:41","date_gmt":"2025-03-14T11:49:41","guid":{"rendered":"https:\/\/www.cm-evora.pt\/?p=72203"},"modified":"2025-03-14T11:49:41","modified_gmt":"2025-03-14T11:49:41","slug":"comunidade-de-pratica-da-organizacao-das-cidades-patrimonio-mundial-ocpm-reune-em-evora","status":"publish","type":"post","link":"https:\/\/www.cm-evora.pt\/en\/comunidade-de-pratica-da-organizacao-das-cidades-patrimonio-mundial-ocpm-reune-em-evora\/","title":{"rendered":"COMUNIDADE DE PR\u00c1TICA DA ORGANIZA\u00c7\u00c3O DAS CIDADES PATRIM\u00d3NIO MUNDIAL (OCPM) REUNE EM \u00c9VORA"},"content":{"rendered":"<p>Tem estado a decorrer no Pal\u00e1cio de D. Manuel a primeira reuni\u00e3o da Comunidade Pr\u00e1tica da OCPM. Os trabalhos tiveram in\u00edcio ontem, 13 de mar\u00e7o, devendo ficar conclu\u00eddos durante o dia de hoje.<\/p>\n<p>\u00c9vora foi a cidade escolhida para a primeira reuni\u00e3o da Comunidade de Pr\u00e1tica da OCPM, tendo marcado presen\u00e7a alguns dos coordenadores das redes colaborativas da organiza\u00e7\u00e3o. Nesta reuni\u00e3o est\u00e3o representadas as cidades de Bord\u00e9us, Dubrovnik, Bruxelas e \u00c9vora, bem como o staff da OCPM.<\/p>\n<p>A Comunidade de Pr\u00e1tica que est\u00e1 a ser criada vai desempenhar um papel decisivo na continua\u00e7\u00e3o do processo iniciado na cidade do Quebec e que dever\u00e1 conduzir \u00e0 conce\u00e7\u00e3o do Novo Projeto Urbano da OCPM, a apresentar na pr\u00f3xima Assembleia Geral da Organiza\u00e7\u00e3o, que ir\u00e1 decorrer em 2026 em Marraquexe.<\/p>\n<p>Cabe a \u00c9vora assegurar a coordena\u00e7\u00e3o da rede colaborativa na vertente de Artesanato e Saberes Tradicionais para a preserva\u00e7\u00e3o do Patrim\u00f3nio.<\/p>\n","protected":false},"excerpt":{"rendered":"<p>Tem estado a decorrer no Pal\u00e1cio de D. Manuel a primeira reuni\u00e3o da Comunidade Pr\u00e1tica da OCPM. Os trabalhos tiveram in\u00edcio ontem, 13 de mar\u00e7o, devendo ficar conclu\u00eddos durante o dia de hoje. \u00c9vora foi a cidade escolhida para a primeira reuni\u00e3o da Comunidade de Pr\u00e1tica da OCPM, tendo marcado presen\u00e7a alguns dos coordenadores das [&hellip;]<\/p>\n","protected":false},"author":46,"featured_media":72204,"comment_status":"closed","ping_status":"closed","sticky":false,"template":"","format":"standard","meta":{"_acf_changed":false,"footnotes":""},"categories":[2110],"tags":[],"class_list":["post-72203","post","type-post","status-publish","format-standard","has-post-thumbnail","hentry","category-noticias"],"acf":{"imagens":"","destaq_image":72204,"titulo_docs_seccao":"","documentos":""},"_links":{"self":[{"href":"https:\/\/www.cm-evora.pt\/en\/wp-json\/wp\/v2\/posts\/72203","targetHints":{"allow":["GET"]}}],"collection":[{"href":"https:\/\/www.cm-evora.pt\/en\/wp-json\/wp\/v2\/posts"}],"about":[{"href":"https:\/\/www.cm-evora.pt\/en\/wp-json\/wp\/v2\/types\/post"}],"author":[{"embeddable":true,"href":"https:\/\/www.cm-evora.pt\/en\/wp-json\/wp\/v2\/users\/46"}],"replies":[{"embeddable":true,"href":"https:\/\/www.cm-evora.pt\/en\/wp-json\/wp\/v2\/comments?post=72203"}],"version-history":[{"count":1,"href":"https:\/\/www.cm-evora.pt\/en\/wp-json\/wp\/v2\/posts\/72203\/revisions"}],"predecessor-version":[{"id":72205,"href":"https:\/\/www.cm-evora.pt\/en\/wp-json\/wp\/v2\/posts\/72203\/revisions\/72205"}],"wp:featuredmedia":[{"embeddable":true,"href":"https:\/\/www.cm-evora.pt\/en\/wp-json\/wp\/v2\/media\/72204"}],"wp:attachment":[{"href":"https:\/\/www.cm-evora.pt\/en\/wp-json\/wp\/v2\/media?parent=72203"}],"wp:term":[{"taxonomy":"category","embeddable":true,"href":"https:\/\/www.cm-evora.pt\/en\/wp-json\/wp\/v2\/categories?post=72203"},{"taxonomy":"post_tag","embeddable":true,"href":"https:\/\/www.cm-evora.pt\/en\/wp-json\/wp\/v2\/tags?post=72203"}],"curies":[{"name":"wp","href":"https:\/\/api.w.org\/{rel}","templated":true}]}}