{"id":72378,"date":"2025-03-18T13:50:21","date_gmt":"2025-03-18T13:50:21","guid":{"rendered":"https:\/\/www.cm-evora.pt\/?p=72378"},"modified":"2025-03-18T13:50:21","modified_gmt":"2025-03-18T13:50:21","slug":"plano-de-urbanizacao-de-evora-pue-apresentacao-publica-da-proposta-de-revisao","status":"publish","type":"post","link":"https:\/\/www.cm-evora.pt\/en\/plano-de-urbanizacao-de-evora-pue-apresentacao-publica-da-proposta-de-revisao\/","title":{"rendered":"PLANO DE URBANIZA\u00c7\u00c3O DE \u00c9VORA (PUE) &#8211; APRESENTA\u00c7\u00c3O P\u00daBLICA DA PROPOSTA DE REVIS\u00c3O"},"content":{"rendered":"<p>A sess\u00e3o p\u00fablica de apresenta\u00e7\u00e3o do PUE teve lugar ontem (17\/03\/2025) no Pal\u00e1cio de D. Manuel.<\/p>\n<p>A sala comp\u00f4s-se de mun\u00edcipes que seguiram as explica\u00e7\u00f5es transmitidas pelos t\u00e9cnicos, tendo no tempo pr\u00f3prio colocado as suas quest\u00f5es, esclarecido d\u00favidas e apresentado contributos que ser\u00e3o naturalmente considerados e avaliados pela equipa respons\u00e1vel pelo processo de revis\u00e3o em curso.<\/p>\n<p>Pode consultar a proposta do PUE e toda a informa\u00e7\u00e3o adicional no Portal do Munic\u00edpio em<\/p>\n<p><a href=\"https:\/\/www.cm-evora.pt\/...\/plano-de-urbanizacao-de-evora-2\/\">https:\/\/www.cm-evora.pt\/&#8230;\/plano-de-urbanizacao-de-evora-2\/<\/a><\/p>\n","protected":false},"excerpt":{"rendered":"<p>A sess\u00e3o p\u00fablica de apresenta\u00e7\u00e3o do PUE teve lugar ontem (17\/03\/2025) no Pal\u00e1cio de D. Manuel. A sala comp\u00f4s-se de mun\u00edcipes que seguiram as explica\u00e7\u00f5es transmitidas pelos t\u00e9cnicos, tendo no tempo pr\u00f3prio colocado as suas quest\u00f5es, esclarecido d\u00favidas e apresentado contributos que ser\u00e3o naturalmente considerados e avaliados pela equipa respons\u00e1vel pelo processo de revis\u00e3o em [&hellip;]<\/p>\n","protected":false},"author":46,"featured_media":72379,"comment_status":"closed","ping_status":"closed","sticky":false,"template":"","format":"standard","meta":{"_acf_changed":false,"footnotes":""},"categories":[2110],"tags":[],"class_list":["post-72378","post","type-post","status-publish","format-standard","has-post-thumbnail","hentry","category-noticias"],"acf":{"imagens":"","destaq_image":72379,"titulo_docs_seccao":"","documentos":""},"_links":{"self":[{"href":"https:\/\/www.cm-evora.pt\/en\/wp-json\/wp\/v2\/posts\/72378","targetHints":{"allow":["GET"]}}],"collection":[{"href":"https:\/\/www.cm-evora.pt\/en\/wp-json\/wp\/v2\/posts"}],"about":[{"href":"https:\/\/www.cm-evora.pt\/en\/wp-json\/wp\/v2\/types\/post"}],"author":[{"embeddable":true,"href":"https:\/\/www.cm-evora.pt\/en\/wp-json\/wp\/v2\/users\/46"}],"replies":[{"embeddable":true,"href":"https:\/\/www.cm-evora.pt\/en\/wp-json\/wp\/v2\/comments?post=72378"}],"version-history":[{"count":1,"href":"https:\/\/www.cm-evora.pt\/en\/wp-json\/wp\/v2\/posts\/72378\/revisions"}],"predecessor-version":[{"id":72380,"href":"https:\/\/www.cm-evora.pt\/en\/wp-json\/wp\/v2\/posts\/72378\/revisions\/72380"}],"wp:featuredmedia":[{"embeddable":true,"href":"https:\/\/www.cm-evora.pt\/en\/wp-json\/wp\/v2\/media\/72379"}],"wp:attachment":[{"href":"https:\/\/www.cm-evora.pt\/en\/wp-json\/wp\/v2\/media?parent=72378"}],"wp:term":[{"taxonomy":"category","embeddable":true,"href":"https:\/\/www.cm-evora.pt\/en\/wp-json\/wp\/v2\/categories?post=72378"},{"taxonomy":"post_tag","embeddable":true,"href":"https:\/\/www.cm-evora.pt\/en\/wp-json\/wp\/v2\/tags?post=72378"}],"curies":[{"name":"wp","href":"https:\/\/api.w.org\/{rel}","templated":true}]}}