{"id":72759,"date":"2025-03-28T10:58:42","date_gmt":"2025-03-28T10:58:42","guid":{"rendered":"https:\/\/www.cm-evora.pt\/?p=72759"},"modified":"2025-03-28T10:58:42","modified_gmt":"2025-03-28T10:58:42","slug":"associacao-porta-37-apresenta-espetaculo-que-questiona-estereotipos-sociais","status":"publish","type":"post","link":"https:\/\/www.cm-evora.pt\/en\/associacao-porta-37-apresenta-espetaculo-que-questiona-estereotipos-sociais\/","title":{"rendered":"Associa\u00e7\u00e3o Porta 37 apresenta espet\u00e1culo que questiona estere\u00f3tipos sociais"},"content":{"rendered":"<div class=\"html-div xdj266r x11i5rnm xat24cr x1mh8g0r xexx8yu x4uap5 x18d9i69 xkhd6sd\" dir=\"auto\">\n<div class=\"html-div xdj266r x11i5rnm xat24cr x1mh8g0r xexx8yu x4uap5 x18d9i69 xkhd6sd\" data-ad-rendering-role=\"story_message\">\n<div id=\"\u00abrg4\u00bb\" class=\"x1l90r2v x1iorvi4 x1ye3gou xn6708d\" data-ad-comet-preview=\"message\" data-ad-preview=\"message\">\n<div class=\"x78zum5 xdt5ytf xz62fqu x16ldp7u\">\n<div class=\"xu06os2 x1ok221b\">\n<div class=\"x11i5rnm xat24cr x1mh8g0r x1vvkbs xtlvy1s x126k92a\">\n<div dir=\"auto\">Os estere\u00f3tipos de g\u00e9nero impostos pela sociedade \u00e0s mulheres durante s\u00e9culos foi o tema do espet\u00e1culo que a Associa\u00e7\u00e3o Porta 37 apresentou na tarde de 26 de mar\u00e7o, na Escola de Artes da Universidade de \u00c9vora, integrado no programa municipal \u201cArtes \u00e0 Escola\u201d.<\/div>\n<div dir=\"auto\"><\/div>\n<\/div>\n<div class=\"x11i5rnm xat24cr x1mh8g0r x1vvkbs xtlvy1s x126k92a\">\n<div dir=\"auto\">O espet\u00e1culo intitulado Another Day in Paradise! (Outro Dia no Para\u00edso!) questiona os pap\u00e9is tradicionais atribu\u00eddos \u00e0s Mulheres, destacando a falta de valoriza\u00e7\u00e3o do trabalho dom\u00e9stico n\u00e3o remunerado e as expectativas sociais que as aprisionam\u201d.<\/div>\n<\/div>\n<div class=\"x11i5rnm xat24cr x1mh8g0r x1vvkbs xtlvy1s x126k92a\">\n<div dir=\"auto\">Servindo-se da ironia e a s\u00e1tira, a pe\u00e7a \u201cacompanha a Mulher imersa na rotina di\u00e1ria\u201d e \u201crevoltada com a monotonia e a falta de reconhecimento, h\u00e1 um despertar para a opress\u00e3o que enfrenta, desafiando-a a perceber as camadas invis\u00edveis de esfor\u00e7o, sacrif\u00edcio e amor que permanecem n\u00e3o reconhecidos. de tarefas dom\u00e9sticas\u201d. Este espet\u00e1culo contou com testemunhos de mulheres reais e \u201crevela o conflito entre a conformidade e o desejo de liberta\u00e7\u00e3o\u201d.<\/div>\n<div dir=\"auto\"><\/div>\n<\/div>\n<div class=\"x11i5rnm xat24cr x1mh8g0r x1vvkbs xtlvy1s x126k92a\">\n<div dir=\"auto\">Com coprodu\u00e7\u00e3o da Associa\u00e7\u00e3o Porta 37 e da in sken\u00e9 &#8211; associa\u00e7\u00e3o cultural, esta pe\u00e7a de teatro tem cria\u00e7\u00e3o, dire\u00e7\u00e3o art\u00edstica, dramaturgia, interpreta\u00e7\u00e3o e figurinos de Andr\u00e9a Fernandes e Matilde Magalh\u00e3es, sendo a cria\u00e7\u00e3o musical de Gon\u00e7alo Figueiredo e a cenografia de Joana Calhau. Trabalham ainda no apoio \u00e0 dramaturgia Francisca Camelo e no desenho de luz; opera\u00e7\u00e3o de luz e som Duarte Banza. A produ\u00e7\u00e3o e produ\u00e7\u00e3o executiva \u00e9 de Damaris Lima.<\/div>\n<div dir=\"auto\"><\/div>\n<\/div>\n<div class=\"x11i5rnm xat24cr x1mh8g0r x1vvkbs xtlvy1s x126k92a\">\n<div dir=\"auto\">A assistir a esta pe\u00e7a estiveram cerca de 60 pessoas, entre alunos de uma turma de 9\u00ba Ano de uma escola eborense (que veio, de forma espont\u00e2nea, a convite do seu professor) e alunos universit\u00e1rios das \u00e1reas da Educa\u00e7\u00e3o e do Teatro.<\/div>\n<div dir=\"auto\"><\/div>\n<\/div>\n<div class=\"x11i5rnm xat24cr x1mh8g0r x1vvkbs xtlvy1s x126k92a\">\n<div dir=\"auto\">Fundada em 2022, a Porta 37 \u00e9 uma associa\u00e7\u00e3o cultural sem fins lucrativos. Nasce da ambi\u00e7\u00e3o de proporcionar mais oferta cultural na cidade de \u00c9vora assumindo um papel preponderante e assertivo para com o Teatro e as demais express\u00f5es art\u00edsticas como forma de chegar \u00e0 comunidade.<\/div>\n<\/div>\n<div class=\"x11i5rnm xat24cr x1mh8g0r x1vvkbs xtlvy1s x126k92a\">\n<div dir=\"auto\">Privilegiando a linguagem teatral, por\u00e9m utilizando a multidisciplinariedade nos seus projetos culturais, a associa\u00e7\u00e3o tem como principais objetivos criar propostas contempor\u00e2neas, ir ao encontro dos p\u00fablicos afastados do Teatro, fomentar a participa\u00e7\u00e3o da comunidade em atividades art\u00edsticas e promover a forma\u00e7\u00e3o atrav\u00e9s da arte.<\/div>\n<div dir=\"auto\"><a href=\"https:\/\/www.cm-evora.pt\/wp-content\/uploads\/2025\/03\/a1-2.jpg\"><img loading=\"lazy\" decoding=\"async\" class=\"alignnone size-full wp-image-72760\" src=\"https:\/\/www.cm-evora.pt\/wp-content\/uploads\/2025\/03\/a1-2.jpg\" alt=\"\" width=\"1407\" height=\"1920\" srcset=\"https:\/\/www.cm-evora.pt\/wp-content\/uploads\/2025\/03\/a1-2.jpg 1407w, https:\/\/www.cm-evora.pt\/wp-content\/uploads\/2025\/03\/a1-2-220x300.jpg 220w, https:\/\/www.cm-evora.pt\/wp-content\/uploads\/2025\/03\/a1-2-750x1024.jpg 750w, https:\/\/www.cm-evora.pt\/wp-content\/uploads\/2025\/03\/a1-2-768x1048.jpg 768w, https:\/\/www.cm-evora.pt\/wp-content\/uploads\/2025\/03\/a1-2-1126x1536.jpg 1126w, https:\/\/www.cm-evora.pt\/wp-content\/uploads\/2025\/03\/a1-2-1320x1801.jpg 1320w\" sizes=\"auto, (max-width: 1407px) 100vw, 1407px\" \/><\/a> <a href=\"https:\/\/www.cm-evora.pt\/wp-content\/uploads\/2025\/03\/a2-2.jpg\"><img loading=\"lazy\" decoding=\"async\" class=\"alignnone size-full wp-image-72761\" src=\"https:\/\/www.cm-evora.pt\/wp-content\/uploads\/2025\/03\/a2-2.jpg\" alt=\"\" width=\"1920\" height=\"949\" srcset=\"https:\/\/www.cm-evora.pt\/wp-content\/uploads\/2025\/03\/a2-2.jpg 1920w, https:\/\/www.cm-evora.pt\/wp-content\/uploads\/2025\/03\/a2-2-300x148.jpg 300w, https:\/\/www.cm-evora.pt\/wp-content\/uploads\/2025\/03\/a2-2-1024x506.jpg 1024w, https:\/\/www.cm-evora.pt\/wp-content\/uploads\/2025\/03\/a2-2-768x380.jpg 768w, https:\/\/www.cm-evora.pt\/wp-content\/uploads\/2025\/03\/a2-2-1536x759.jpg 1536w, https:\/\/www.cm-evora.pt\/wp-content\/uploads\/2025\/03\/a2-2-1320x652.jpg 1320w\" sizes=\"auto, (max-width: 1920px) 100vw, 1920px\" \/><\/a> <a href=\"https:\/\/www.cm-evora.pt\/wp-content\/uploads\/2025\/03\/a3-2.jpg\"><img loading=\"lazy\" decoding=\"async\" class=\"alignnone size-full wp-image-72762\" src=\"https:\/\/www.cm-evora.pt\/wp-content\/uploads\/2025\/03\/a3-2.jpg\" alt=\"\" width=\"1920\" height=\"1131\" srcset=\"https:\/\/www.cm-evora.pt\/wp-content\/uploads\/2025\/03\/a3-2.jpg 1920w, https:\/\/www.cm-evora.pt\/wp-content\/uploads\/2025\/03\/a3-2-300x177.jpg 300w, https:\/\/www.cm-evora.pt\/wp-content\/uploads\/2025\/03\/a3-2-1024x603.jpg 1024w, https:\/\/www.cm-evora.pt\/wp-content\/uploads\/2025\/03\/a3-2-768x452.jpg 768w, https:\/\/www.cm-evora.pt\/wp-content\/uploads\/2025\/03\/a3-2-1536x905.jpg 1536w, https:\/\/www.cm-evora.pt\/wp-content\/uploads\/2025\/03\/a3-2-1320x778.jpg 1320w\" sizes=\"auto, (max-width: 1920px) 100vw, 1920px\" \/><\/a> <a href=\"https:\/\/www.cm-evora.pt\/wp-content\/uploads\/2025\/03\/a4-2.jpg\"><img loading=\"lazy\" decoding=\"async\" class=\"alignnone size-full wp-image-72763\" src=\"https:\/\/www.cm-evora.pt\/wp-content\/uploads\/2025\/03\/a4-2.jpg\" alt=\"\" width=\"1321\" height=\"1920\" srcset=\"https:\/\/www.cm-evora.pt\/wp-content\/uploads\/2025\/03\/a4-2.jpg 1321w, https:\/\/www.cm-evora.pt\/wp-content\/uploads\/2025\/03\/a4-2-206x300.jpg 206w, https:\/\/www.cm-evora.pt\/wp-content\/uploads\/2025\/03\/a4-2-705x1024.jpg 705w, https:\/\/www.cm-evora.pt\/wp-content\/uploads\/2025\/03\/a4-2-768x1116.jpg 768w, https:\/\/www.cm-evora.pt\/wp-content\/uploads\/2025\/03\/a4-2-1057x1536.jpg 1057w\" sizes=\"auto, (max-width: 1321px) 100vw, 1321px\" \/><\/a> <a href=\"https:\/\/www.cm-evora.pt\/wp-content\/uploads\/2025\/03\/a5-2.jpg\"><img loading=\"lazy\" decoding=\"async\" class=\"alignnone size-full wp-image-72764\" src=\"https:\/\/www.cm-evora.pt\/wp-content\/uploads\/2025\/03\/a5-2.jpg\" alt=\"\" width=\"1321\" height=\"1920\" srcset=\"https:\/\/www.cm-evora.pt\/wp-content\/uploads\/2025\/03\/a5-2.jpg 1321w, https:\/\/www.cm-evora.pt\/wp-content\/uploads\/2025\/03\/a5-2-206x300.jpg 206w, https:\/\/www.cm-evora.pt\/wp-content\/uploads\/2025\/03\/a5-2-705x1024.jpg 705w, https:\/\/www.cm-evora.pt\/wp-content\/uploads\/2025\/03\/a5-2-768x1116.jpg 768w, https:\/\/www.cm-evora.pt\/wp-content\/uploads\/2025\/03\/a5-2-1057x1536.jpg 1057w\" sizes=\"auto, (max-width: 1321px) 100vw, 1321px\" \/><\/a> <a href=\"https:\/\/www.cm-evora.pt\/wp-content\/uploads\/2025\/03\/a6-2.jpg\"><img loading=\"lazy\" decoding=\"async\" class=\"alignnone size-full wp-image-72765\" src=\"https:\/\/www.cm-evora.pt\/wp-content\/uploads\/2025\/03\/a6-2.jpg\" alt=\"\" width=\"1920\" height=\"882\" srcset=\"https:\/\/www.cm-evora.pt\/wp-content\/uploads\/2025\/03\/a6-2.jpg 1920w, https:\/\/www.cm-evora.pt\/wp-content\/uploads\/2025\/03\/a6-2-300x138.jpg 300w, https:\/\/www.cm-evora.pt\/wp-content\/uploads\/2025\/03\/a6-2-1024x470.jpg 1024w, https:\/\/www.cm-evora.pt\/wp-content\/uploads\/2025\/03\/a6-2-768x353.jpg 768w, https:\/\/www.cm-evora.pt\/wp-content\/uploads\/2025\/03\/a6-2-1536x706.jpg 1536w, https:\/\/www.cm-evora.pt\/wp-content\/uploads\/2025\/03\/a6-2-220x100.jpg 220w, https:\/\/www.cm-evora.pt\/wp-content\/uploads\/2025\/03\/a6-2-1320x606.jpg 1320w\" sizes=\"auto, (max-width: 1920px) 100vw, 1920px\" \/><\/a> <a href=\"https:\/\/www.cm-evora.pt\/wp-content\/uploads\/2025\/03\/a7-1.jpg\"><img loading=\"lazy\" decoding=\"async\" class=\"alignnone size-full wp-image-72766\" src=\"https:\/\/www.cm-evora.pt\/wp-content\/uploads\/2025\/03\/a7-1.jpg\" alt=\"\" width=\"1920\" height=\"1217\" srcset=\"https:\/\/www.cm-evora.pt\/wp-content\/uploads\/2025\/03\/a7-1.jpg 1920w, https:\/\/www.cm-evora.pt\/wp-content\/uploads\/2025\/03\/a7-1-300x190.jpg 300w, https:\/\/www.cm-evora.pt\/wp-content\/uploads\/2025\/03\/a7-1-1024x649.jpg 1024w, https:\/\/www.cm-evora.pt\/wp-content\/uploads\/2025\/03\/a7-1-768x487.jpg 768w, https:\/\/www.cm-evora.pt\/wp-content\/uploads\/2025\/03\/a7-1-1536x974.jpg 1536w, https:\/\/www.cm-evora.pt\/wp-content\/uploads\/2025\/03\/a7-1-1320x837.jpg 1320w\" sizes=\"auto, (max-width: 1920px) 100vw, 1920px\" \/><\/a> <a href=\"https:\/\/www.cm-evora.pt\/wp-content\/uploads\/2025\/03\/a8-1.jpg\"><img loading=\"lazy\" decoding=\"async\" class=\"alignnone size-full wp-image-72767\" src=\"https:\/\/www.cm-evora.pt\/wp-content\/uploads\/2025\/03\/a8-1.jpg\" alt=\"\" width=\"1920\" height=\"1280\" srcset=\"https:\/\/www.cm-evora.pt\/wp-content\/uploads\/2025\/03\/a8-1.jpg 1920w, https:\/\/www.cm-evora.pt\/wp-content\/uploads\/2025\/03\/a8-1-300x200.jpg 300w, https:\/\/www.cm-evora.pt\/wp-content\/uploads\/2025\/03\/a8-1-1024x683.jpg 1024w, https:\/\/www.cm-evora.pt\/wp-content\/uploads\/2025\/03\/a8-1-768x512.jpg 768w, https:\/\/www.cm-evora.pt\/wp-content\/uploads\/2025\/03\/a8-1-1536x1024.jpg 1536w, https:\/\/www.cm-evora.pt\/wp-content\/uploads\/2025\/03\/a8-1-1320x880.jpg 1320w\" sizes=\"auto, (max-width: 1920px) 100vw, 1920px\" \/><\/a> <a href=\"https:\/\/www.cm-evora.pt\/wp-content\/uploads\/2025\/03\/a9-1.jpg\"><img loading=\"lazy\" decoding=\"async\" class=\"alignnone size-full wp-image-72768\" src=\"https:\/\/www.cm-evora.pt\/wp-content\/uploads\/2025\/03\/a9-1.jpg\" alt=\"\" width=\"1920\" height=\"1217\" srcset=\"https:\/\/www.cm-evora.pt\/wp-content\/uploads\/2025\/03\/a9-1.jpg 1920w, https:\/\/www.cm-evora.pt\/wp-content\/uploads\/2025\/03\/a9-1-300x190.jpg 300w, https:\/\/www.cm-evora.pt\/wp-content\/uploads\/2025\/03\/a9-1-1024x649.jpg 1024w, https:\/\/www.cm-evora.pt\/wp-content\/uploads\/2025\/03\/a9-1-768x487.jpg 768w, https:\/\/www.cm-evora.pt\/wp-content\/uploads\/2025\/03\/a9-1-1536x974.jpg 1536w, https:\/\/www.cm-evora.pt\/wp-content\/uploads\/2025\/03\/a9-1-1320x837.jpg 1320w\" sizes=\"auto, (max-width: 1920px) 100vw, 1920px\" \/><\/a> <a href=\"https:\/\/www.cm-evora.pt\/wp-content\/uploads\/2025\/03\/a10-1.jpg\"><img loading=\"lazy\" decoding=\"async\" class=\"alignnone size-full wp-image-72770\" src=\"https:\/\/www.cm-evora.pt\/wp-content\/uploads\/2025\/03\/a10-1.jpg\" alt=\"\" width=\"1920\" height=\"1217\" srcset=\"https:\/\/www.cm-evora.pt\/wp-content\/uploads\/2025\/03\/a10-1.jpg 1920w, https:\/\/www.cm-evora.pt\/wp-content\/uploads\/2025\/03\/a10-1-300x190.jpg 300w, https:\/\/www.cm-evora.pt\/wp-content\/uploads\/2025\/03\/a10-1-1024x649.jpg 1024w, https:\/\/www.cm-evora.pt\/wp-content\/uploads\/2025\/03\/a10-1-768x487.jpg 768w, https:\/\/www.cm-evora.pt\/wp-content\/uploads\/2025\/03\/a10-1-1536x974.jpg 1536w, https:\/\/www.cm-evora.pt\/wp-content\/uploads\/2025\/03\/a10-1-1320x837.jpg 1320w\" sizes=\"auto, (max-width: 1920px) 100vw, 1920px\" \/><\/a><\/div>\n<\/div>\n<\/div>\n<\/div>\n<\/div>\n<\/div>\n<\/div>\n","protected":false},"excerpt":{"rendered":"<p>Os estere\u00f3tipos de g\u00e9nero impostos pela sociedade \u00e0s mulheres durante s\u00e9culos foi o tema do espet\u00e1culo que a Associa\u00e7\u00e3o Porta 37 apresentou na tarde de 26 de mar\u00e7o, na Escola de Artes da Universidade de \u00c9vora, integrado no programa municipal \u201cArtes \u00e0 Escola\u201d. O espet\u00e1culo intitulado Another Day in Paradise! (Outro Dia no Para\u00edso!) questiona [&hellip;]<\/p>\n","protected":false},"author":81,"featured_media":72766,"comment_status":"closed","ping_status":"closed","sticky":false,"template":"","format":"standard","meta":{"_acf_changed":false,"footnotes":""},"categories":[2110],"tags":[],"class_list":["post-72759","post","type-post","status-publish","format-standard","has-post-thumbnail","hentry","category-noticias"],"acf":{"imagens":"","destaq_image":72766,"titulo_docs_seccao":"","documentos":""},"_links":{"self":[{"href":"https:\/\/www.cm-evora.pt\/en\/wp-json\/wp\/v2\/posts\/72759","targetHints":{"allow":["GET"]}}],"collection":[{"href":"https:\/\/www.cm-evora.pt\/en\/wp-json\/wp\/v2\/posts"}],"about":[{"href":"https:\/\/www.cm-evora.pt\/en\/wp-json\/wp\/v2\/types\/post"}],"author":[{"embeddable":true,"href":"https:\/\/www.cm-evora.pt\/en\/wp-json\/wp\/v2\/users\/81"}],"replies":[{"embeddable":true,"href":"https:\/\/www.cm-evora.pt\/en\/wp-json\/wp\/v2\/comments?post=72759"}],"version-history":[{"count":1,"href":"https:\/\/www.cm-evora.pt\/en\/wp-json\/wp\/v2\/posts\/72759\/revisions"}],"predecessor-version":[{"id":72771,"href":"https:\/\/www.cm-evora.pt\/en\/wp-json\/wp\/v2\/posts\/72759\/revisions\/72771"}],"wp:featuredmedia":[{"embeddable":true,"href":"https:\/\/www.cm-evora.pt\/en\/wp-json\/wp\/v2\/media\/72766"}],"wp:attachment":[{"href":"https:\/\/www.cm-evora.pt\/en\/wp-json\/wp\/v2\/media?parent=72759"}],"wp:term":[{"taxonomy":"category","embeddable":true,"href":"https:\/\/www.cm-evora.pt\/en\/wp-json\/wp\/v2\/categories?post=72759"},{"taxonomy":"post_tag","embeddable":true,"href":"https:\/\/www.cm-evora.pt\/en\/wp-json\/wp\/v2\/tags?post=72759"}],"curies":[{"name":"wp","href":"https:\/\/api.w.org\/{rel}","templated":true}]}}