{"id":73252,"date":"2025-04-09T12:04:04","date_gmt":"2025-04-09T11:04:04","guid":{"rendered":"https:\/\/www.cm-evora.pt\/?p=73252"},"modified":"2025-04-09T12:04:04","modified_gmt":"2025-04-09T11:04:04","slug":"plataforma-civica-juntos-pelo-divor-promove-debate-sobre-fotovoltaicas-no-alentejo","status":"publish","type":"post","link":"https:\/\/www.cm-evora.pt\/en\/plataforma-civica-juntos-pelo-divor-promove-debate-sobre-fotovoltaicas-no-alentejo\/","title":{"rendered":"PLATAFORMA C\u00cdVICA \u201cJUNTOS PELO DIVOR\u201d PROMOVE DEBATE SOBRE FOTOVOLTAICAS NO ALENTEJO"},"content":{"rendered":"<p>As consequ\u00eancias da instala\u00e7\u00e3o no Alentejo de grandes centrais de produ\u00e7\u00e3o de energias fotovoltaicas, est\u00e3o hoje (09\/04\/2025) em debate no Pal\u00e1cio de D. Manuel, em \u00c9vora.<\/p>\n<p>A plataforma c\u00edvica \u201cJuntos pelo Divor\u201d, entidade promotora, re\u00fane um conjunto de especialistas, acad\u00e9micos e investigadores para debater quest\u00f5es como a necessidade ou a inevitabilidade da instala\u00e7\u00e3o destas centrais no n\u00famero e na dimens\u00e3o que consta nos projetos anunciados. Em conjuga\u00e7\u00e3o, \u00e9 tamb\u00e9m objetivo dos promotores debater a quest\u00e3o de como articular a conserva\u00e7\u00e3o da biodiversidade, da paisagem e do patrim\u00f3nio cultural, as atividades agropecu\u00e1rias, florestais e tur\u00edsticas, com as exig\u00eancias da transi\u00e7\u00e3o energ\u00e9tica.<\/p>\n<p>Marcou presen\u00e7a um vasto leque de entidades, com representantes do Poder Local, professores e estudantes de diferentes n\u00edveis de ensino, para al\u00e9m de movimentos c\u00edvicos de todo o Alentejo, associa\u00e7\u00f5es ambientalistas, empres\u00e1rios e pol\u00edticos regionais.<\/p>\n<p>A C\u00e2mara Municipal de \u00c9vora est\u00e1 representada pelo seu Presidente, Carlos Pinto de S\u00e1, que deixou algumas notas para reflex\u00e3o na abertura do debate. Referiu-se o autarca eborense \u00e0 extrema import\u00e2ncia de encarar as consequ\u00eancias das altera\u00e7\u00f5es clim\u00e1ticas, n\u00e3o s\u00f3 atrav\u00e9s do combate poss\u00edvel \u00e0s respetivas causas, mas ao mesmo tempo pelo trabalho de adapta\u00e7\u00e3o que ter\u00e1 que ser feito por todos, em particular pelo poder p\u00fablico, a quem compete tomar as decis\u00f5es estrat\u00e9gicas necess\u00e1rias para minimizar as consequ\u00eancias negativas.<\/p>\n<p>No que respeita ao impacto das centrais fotovoltaicas, Carlos Pinto de S\u00e1 deixou claro que \u201cn\u00f3s somos a favor das energias renov\u00e1veis\u201d, no entanto \u201ch\u00e1 que potenciar os aspetos positivos e minimizar os negativos\u201d, identificando estes com a transforma\u00e7\u00e3o da paisagem alentejana, o ataque \u00e0 biodiversidade, e a potencial destrui\u00e7\u00e3o de todo o ecossistema natural. Reafirmou que os Munic\u00edpios n\u00e3o s\u00e3o entidades licenciadoras nesta mat\u00e9ria, nem t\u00eam qualquer poder vinculativo sobre a viabiliza\u00e7\u00e3o dos projetos.<\/p>\n<p>A concluir, prop\u00f4s uma profunda reflex\u00e3o, n\u00e3o s\u00f3 sob o ponto de vista t\u00e9cnico, mas tamb\u00e9m de decis\u00f5es pol\u00edticas que permitam controlar a sede do lucro a qualquer pre\u00e7o. Manifestou disponibilidade para colaborar na procura de alternativas e prop\u00f4s que seja equacionada a possibilidade de alterar os Planos Diretores Municipais no sentido de incluir zonas destinadas \u00e0 instala\u00e7\u00e3o de centrais fotovoltaicas.<\/p>\n\n\t\t<style type=\"text\/css\">\n\t\t\t#gallery-1 {\n\t\t\t\tmargin: auto;\n\t\t\t}\n\t\t\t#gallery-1 .gallery-item {\n\t\t\t\tfloat: left;\n\t\t\t\tmargin-top: 10px;\n\t\t\t\ttext-align: center;\n\t\t\t\twidth: 33%;\n\t\t\t}\n\t\t\t#gallery-1 img {\n\t\t\t\tborder: 2px solid #cfcfcf;\n\t\t\t}\n\t\t\t#gallery-1 .gallery-caption {\n\t\t\t\tmargin-left: 0;\n\t\t\t}\n\t\t\t\/* see gallery_shortcode() in wp-includes\/media.php *\/\n\t\t<\/style>\n\t\t<div id='gallery-1' class='gallery galleryid-73252 gallery-columns-3 gallery-size-full'><dl class='gallery-item'>\n\t\t\t<dt class='gallery-icon landscape'>\n\t\t\t\t<a href='https:\/\/www.cm-evora.pt\/wp-content\/uploads\/2025\/04\/2025_04_09-Debate-fotovoltaicas-Alentejo-6.jpg'><img loading=\"lazy\" decoding=\"async\" width=\"1920\" height=\"1280\" src=\"https:\/\/www.cm-evora.pt\/wp-content\/uploads\/2025\/04\/2025_04_09-Debate-fotovoltaicas-Alentejo-6.jpg\" class=\"attachment-full size-full\" alt=\"\" srcset=\"https:\/\/www.cm-evora.pt\/wp-content\/uploads\/2025\/04\/2025_04_09-Debate-fotovoltaicas-Alentejo-6.jpg 1920w, https:\/\/www.cm-evora.pt\/wp-content\/uploads\/2025\/04\/2025_04_09-Debate-fotovoltaicas-Alentejo-6-300x200.jpg 300w, https:\/\/www.cm-evora.pt\/wp-content\/uploads\/2025\/04\/2025_04_09-Debate-fotovoltaicas-Alentejo-6-1024x683.jpg 1024w, https:\/\/www.cm-evora.pt\/wp-content\/uploads\/2025\/04\/2025_04_09-Debate-fotovoltaicas-Alentejo-6-768x512.jpg 768w, https:\/\/www.cm-evora.pt\/wp-content\/uploads\/2025\/04\/2025_04_09-Debate-fotovoltaicas-Alentejo-6-1536x1024.jpg 1536w, https:\/\/www.cm-evora.pt\/wp-content\/uploads\/2025\/04\/2025_04_09-Debate-fotovoltaicas-Alentejo-6-1320x880.jpg 1320w\" sizes=\"auto, (max-width: 1920px) 100vw, 1920px\" \/><\/a>\n\t\t\t<\/dt><\/dl><dl class='gallery-item'>\n\t\t\t<dt class='gallery-icon landscape'>\n\t\t\t\t<a href='https:\/\/www.cm-evora.pt\/wp-content\/uploads\/2025\/04\/2025_04_09-Debate-fotovoltaicas-Alentejo.jpg'><img loading=\"lazy\" decoding=\"async\" width=\"1920\" height=\"1280\" src=\"https:\/\/www.cm-evora.pt\/wp-content\/uploads\/2025\/04\/2025_04_09-Debate-fotovoltaicas-Alentejo.jpg\" class=\"attachment-full size-full\" alt=\"\" srcset=\"https:\/\/www.cm-evora.pt\/wp-content\/uploads\/2025\/04\/2025_04_09-Debate-fotovoltaicas-Alentejo.jpg 1920w, https:\/\/www.cm-evora.pt\/wp-content\/uploads\/2025\/04\/2025_04_09-Debate-fotovoltaicas-Alentejo-300x200.jpg 300w, https:\/\/www.cm-evora.pt\/wp-content\/uploads\/2025\/04\/2025_04_09-Debate-fotovoltaicas-Alentejo-1024x683.jpg 1024w, https:\/\/www.cm-evora.pt\/wp-content\/uploads\/2025\/04\/2025_04_09-Debate-fotovoltaicas-Alentejo-768x512.jpg 768w, https:\/\/www.cm-evora.pt\/wp-content\/uploads\/2025\/04\/2025_04_09-Debate-fotovoltaicas-Alentejo-1536x1024.jpg 1536w, https:\/\/www.cm-evora.pt\/wp-content\/uploads\/2025\/04\/2025_04_09-Debate-fotovoltaicas-Alentejo-1320x880.jpg 1320w\" sizes=\"auto, (max-width: 1920px) 100vw, 1920px\" \/><\/a>\n\t\t\t<\/dt><\/dl><dl class='gallery-item'>\n\t\t\t<dt class='gallery-icon landscape'>\n\t\t\t\t<a href='https:\/\/www.cm-evora.pt\/wp-content\/uploads\/2025\/04\/2025_04_09-Debate-fotovoltaicas-Alentejo-1.jpg'><img loading=\"lazy\" decoding=\"async\" width=\"1920\" height=\"1253\" src=\"https:\/\/www.cm-evora.pt\/wp-content\/uploads\/2025\/04\/2025_04_09-Debate-fotovoltaicas-Alentejo-1.jpg\" class=\"attachment-full size-full\" alt=\"\" srcset=\"https:\/\/www.cm-evora.pt\/wp-content\/uploads\/2025\/04\/2025_04_09-Debate-fotovoltaicas-Alentejo-1.jpg 1920w, https:\/\/www.cm-evora.pt\/wp-content\/uploads\/2025\/04\/2025_04_09-Debate-fotovoltaicas-Alentejo-1-300x196.jpg 300w, https:\/\/www.cm-evora.pt\/wp-content\/uploads\/2025\/04\/2025_04_09-Debate-fotovoltaicas-Alentejo-1-1024x668.jpg 1024w, https:\/\/www.cm-evora.pt\/wp-content\/uploads\/2025\/04\/2025_04_09-Debate-fotovoltaicas-Alentejo-1-768x501.jpg 768w, https:\/\/www.cm-evora.pt\/wp-content\/uploads\/2025\/04\/2025_04_09-Debate-fotovoltaicas-Alentejo-1-1536x1002.jpg 1536w, https:\/\/www.cm-evora.pt\/wp-content\/uploads\/2025\/04\/2025_04_09-Debate-fotovoltaicas-Alentejo-1-1320x861.jpg 1320w\" sizes=\"auto, (max-width: 1920px) 100vw, 1920px\" \/><\/a>\n\t\t\t<\/dt><\/dl><br style=\"clear: both\" \/><dl class='gallery-item'>\n\t\t\t<dt class='gallery-icon landscape'>\n\t\t\t\t<a href='https:\/\/www.cm-evora.pt\/wp-content\/uploads\/2025\/04\/2025_04_09-Debate-fotovoltaicas-Alentejo-2.jpg'><img loading=\"lazy\" decoding=\"async\" width=\"1920\" height=\"1263\" src=\"https:\/\/www.cm-evora.pt\/wp-content\/uploads\/2025\/04\/2025_04_09-Debate-fotovoltaicas-Alentejo-2.jpg\" class=\"attachment-full size-full\" alt=\"\" srcset=\"https:\/\/www.cm-evora.pt\/wp-content\/uploads\/2025\/04\/2025_04_09-Debate-fotovoltaicas-Alentejo-2.jpg 1920w, https:\/\/www.cm-evora.pt\/wp-content\/uploads\/2025\/04\/2025_04_09-Debate-fotovoltaicas-Alentejo-2-300x197.jpg 300w, https:\/\/www.cm-evora.pt\/wp-content\/uploads\/2025\/04\/2025_04_09-Debate-fotovoltaicas-Alentejo-2-1024x674.jpg 1024w, https:\/\/www.cm-evora.pt\/wp-content\/uploads\/2025\/04\/2025_04_09-Debate-fotovoltaicas-Alentejo-2-768x505.jpg 768w, https:\/\/www.cm-evora.pt\/wp-content\/uploads\/2025\/04\/2025_04_09-Debate-fotovoltaicas-Alentejo-2-1536x1010.jpg 1536w, https:\/\/www.cm-evora.pt\/wp-content\/uploads\/2025\/04\/2025_04_09-Debate-fotovoltaicas-Alentejo-2-1320x868.jpg 1320w\" sizes=\"auto, (max-width: 1920px) 100vw, 1920px\" \/><\/a>\n\t\t\t<\/dt><\/dl><dl class='gallery-item'>\n\t\t\t<dt class='gallery-icon landscape'>\n\t\t\t\t<a href='https:\/\/www.cm-evora.pt\/wp-content\/uploads\/2025\/04\/2025_04_09-Debate-fotovoltaicas-Alentejo-3.jpg'><img loading=\"lazy\" decoding=\"async\" width=\"1920\" height=\"1257\" src=\"https:\/\/www.cm-evora.pt\/wp-content\/uploads\/2025\/04\/2025_04_09-Debate-fotovoltaicas-Alentejo-3.jpg\" class=\"attachment-full size-full\" alt=\"\" srcset=\"https:\/\/www.cm-evora.pt\/wp-content\/uploads\/2025\/04\/2025_04_09-Debate-fotovoltaicas-Alentejo-3.jpg 1920w, https:\/\/www.cm-evora.pt\/wp-content\/uploads\/2025\/04\/2025_04_09-Debate-fotovoltaicas-Alentejo-3-300x196.jpg 300w, https:\/\/www.cm-evora.pt\/wp-content\/uploads\/2025\/04\/2025_04_09-Debate-fotovoltaicas-Alentejo-3-1024x670.jpg 1024w, https:\/\/www.cm-evora.pt\/wp-content\/uploads\/2025\/04\/2025_04_09-Debate-fotovoltaicas-Alentejo-3-768x503.jpg 768w, https:\/\/www.cm-evora.pt\/wp-content\/uploads\/2025\/04\/2025_04_09-Debate-fotovoltaicas-Alentejo-3-1536x1006.jpg 1536w, https:\/\/www.cm-evora.pt\/wp-content\/uploads\/2025\/04\/2025_04_09-Debate-fotovoltaicas-Alentejo-3-1320x864.jpg 1320w\" sizes=\"auto, (max-width: 1920px) 100vw, 1920px\" \/><\/a>\n\t\t\t<\/dt><\/dl><dl class='gallery-item'>\n\t\t\t<dt class='gallery-icon landscape'>\n\t\t\t\t<a href='https:\/\/www.cm-evora.pt\/wp-content\/uploads\/2025\/04\/2025_04_09-Debate-fotovoltaicas-Alentejo-4.jpg'><img loading=\"lazy\" decoding=\"async\" width=\"1920\" height=\"1280\" src=\"https:\/\/www.cm-evora.pt\/wp-content\/uploads\/2025\/04\/2025_04_09-Debate-fotovoltaicas-Alentejo-4.jpg\" class=\"attachment-full size-full\" alt=\"\" srcset=\"https:\/\/www.cm-evora.pt\/wp-content\/uploads\/2025\/04\/2025_04_09-Debate-fotovoltaicas-Alentejo-4.jpg 1920w, https:\/\/www.cm-evora.pt\/wp-content\/uploads\/2025\/04\/2025_04_09-Debate-fotovoltaicas-Alentejo-4-300x200.jpg 300w, https:\/\/www.cm-evora.pt\/wp-content\/uploads\/2025\/04\/2025_04_09-Debate-fotovoltaicas-Alentejo-4-1024x683.jpg 1024w, https:\/\/www.cm-evora.pt\/wp-content\/uploads\/2025\/04\/2025_04_09-Debate-fotovoltaicas-Alentejo-4-768x512.jpg 768w, https:\/\/www.cm-evora.pt\/wp-content\/uploads\/2025\/04\/2025_04_09-Debate-fotovoltaicas-Alentejo-4-1536x1024.jpg 1536w, https:\/\/www.cm-evora.pt\/wp-content\/uploads\/2025\/04\/2025_04_09-Debate-fotovoltaicas-Alentejo-4-1320x880.jpg 1320w\" sizes=\"auto, (max-width: 1920px) 100vw, 1920px\" \/><\/a>\n\t\t\t<\/dt><\/dl><br style=\"clear: both\" \/><dl class='gallery-item'>\n\t\t\t<dt class='gallery-icon landscape'>\n\t\t\t\t<a href='https:\/\/www.cm-evora.pt\/wp-content\/uploads\/2025\/04\/2025_04_09-Debate-fotovoltaicas-Alentejo-5.jpg'><img loading=\"lazy\" decoding=\"async\" width=\"1920\" height=\"1280\" src=\"https:\/\/www.cm-evora.pt\/wp-content\/uploads\/2025\/04\/2025_04_09-Debate-fotovoltaicas-Alentejo-5.jpg\" class=\"attachment-full size-full\" alt=\"\" srcset=\"https:\/\/www.cm-evora.pt\/wp-content\/uploads\/2025\/04\/2025_04_09-Debate-fotovoltaicas-Alentejo-5.jpg 1920w, https:\/\/www.cm-evora.pt\/wp-content\/uploads\/2025\/04\/2025_04_09-Debate-fotovoltaicas-Alentejo-5-300x200.jpg 300w, https:\/\/www.cm-evora.pt\/wp-content\/uploads\/2025\/04\/2025_04_09-Debate-fotovoltaicas-Alentejo-5-1024x683.jpg 1024w, https:\/\/www.cm-evora.pt\/wp-content\/uploads\/2025\/04\/2025_04_09-Debate-fotovoltaicas-Alentejo-5-768x512.jpg 768w, https:\/\/www.cm-evora.pt\/wp-content\/uploads\/2025\/04\/2025_04_09-Debate-fotovoltaicas-Alentejo-5-1536x1024.jpg 1536w, https:\/\/www.cm-evora.pt\/wp-content\/uploads\/2025\/04\/2025_04_09-Debate-fotovoltaicas-Alentejo-5-1320x880.jpg 1320w\" sizes=\"auto, (max-width: 1920px) 100vw, 1920px\" \/><\/a>\n\t\t\t<\/dt><\/dl>\n\t\t\t<br style='clear: both' \/>\n\t\t<\/div>\n\n","protected":false},"excerpt":{"rendered":"<p>As consequ\u00eancias da instala\u00e7\u00e3o no Alentejo de grandes centrais de produ\u00e7\u00e3o de energias fotovoltaicas, est\u00e3o hoje (09\/04\/2025) em debate no Pal\u00e1cio de D. Manuel, em \u00c9vora. A plataforma c\u00edvica \u201cJuntos pelo Divor\u201d, entidade promotora, re\u00fane um conjunto de especialistas, acad\u00e9micos e investigadores para debater quest\u00f5es como a necessidade ou a inevitabilidade da instala\u00e7\u00e3o destas centrais [&hellip;]<\/p>\n","protected":false},"author":46,"featured_media":73257,"comment_status":"closed","ping_status":"closed","sticky":false,"template":"","format":"standard","meta":{"_acf_changed":false,"footnotes":""},"categories":[2110],"tags":[],"class_list":["post-73252","post","type-post","status-publish","format-standard","has-post-thumbnail","hentry","category-noticias"],"acf":{"imagens":"","destaq_image":73258,"titulo_docs_seccao":"","documentos":""},"_links":{"self":[{"href":"https:\/\/www.cm-evora.pt\/en\/wp-json\/wp\/v2\/posts\/73252","targetHints":{"allow":["GET"]}}],"collection":[{"href":"https:\/\/www.cm-evora.pt\/en\/wp-json\/wp\/v2\/posts"}],"about":[{"href":"https:\/\/www.cm-evora.pt\/en\/wp-json\/wp\/v2\/types\/post"}],"author":[{"embeddable":true,"href":"https:\/\/www.cm-evora.pt\/en\/wp-json\/wp\/v2\/users\/46"}],"replies":[{"embeddable":true,"href":"https:\/\/www.cm-evora.pt\/en\/wp-json\/wp\/v2\/comments?post=73252"}],"version-history":[{"count":1,"href":"https:\/\/www.cm-evora.pt\/en\/wp-json\/wp\/v2\/posts\/73252\/revisions"}],"predecessor-version":[{"id":73260,"href":"https:\/\/www.cm-evora.pt\/en\/wp-json\/wp\/v2\/posts\/73252\/revisions\/73260"}],"wp:featuredmedia":[{"embeddable":true,"href":"https:\/\/www.cm-evora.pt\/en\/wp-json\/wp\/v2\/media\/73257"}],"wp:attachment":[{"href":"https:\/\/www.cm-evora.pt\/en\/wp-json\/wp\/v2\/media?parent=73252"}],"wp:term":[{"taxonomy":"category","embeddable":true,"href":"https:\/\/www.cm-evora.pt\/en\/wp-json\/wp\/v2\/categories?post=73252"},{"taxonomy":"post_tag","embeddable":true,"href":"https:\/\/www.cm-evora.pt\/en\/wp-json\/wp\/v2\/tags?post=73252"}],"curies":[{"name":"wp","href":"https:\/\/api.w.org\/{rel}","templated":true}]}}