{"id":74774,"date":"2025-06-02T10:51:14","date_gmt":"2025-06-02T09:51:14","guid":{"rendered":"https:\/\/www.cm-evora.pt\/?p=74774"},"modified":"2025-06-02T10:51:14","modified_gmt":"2025-06-02T09:51:14","slug":"camara-de-evora-realiza-uma-reuniao-publica-extraordinaria-no-dia-4-de-junho","status":"publish","type":"post","link":"https:\/\/www.cm-evora.pt\/en\/camara-de-evora-realiza-uma-reuniao-publica-extraordinaria-no-dia-4-de-junho\/","title":{"rendered":"\u00a0  C\u00e2mara de \u00c9vora realiza uma reuni\u00e3o p\u00fablica extraordin\u00e1ria no dia 4 de junho"},"content":{"rendered":"<p>A C\u00e2mara Municipal de \u00c9vora realiza uma reuni\u00e3o publica extraordin\u00e1ria no dia 4 de junho (quarta-feira), a partir das 15 horas, na sala de reuni\u00f5es do edif\u00edcio municipal do Largo Alexandre Herculano n\u00ba 5.<\/p>\n<p>Pode assistir \u00e0 reuni\u00e3o em direto na internet atrav\u00e9s do seguinte endere\u00e7o: <a href=\"https:\/\/youtube.com\/live\/VDo12bRu1XU\">https:\/\/youtube.com\/live\/VDo12bRu1XU<\/a><\/p>\n<p>Veja a ordem de trabalhos completa em <a href=\"https:\/\/www.cm-evora.pt\/wp-content\/uploads\/2025\/05\/Edital-reuniao-extraordinaria-dia-4-de-junho.pdf\">https:\/\/www.cm-evora.pt\/wp-content\/uploads\/2025\/05\/Edital-reuniao-extraordinaria-dia-4-de-junho.pdf<\/a><\/p>\n<p><a href=\"https:\/\/www.cm-evora.pt\/wp-content\/uploads\/2025\/06\/CMElogo.jpg\"><img loading=\"lazy\" decoding=\"async\" class=\"alignnone size-full wp-image-74775\" src=\"https:\/\/www.cm-evora.pt\/wp-content\/uploads\/2025\/06\/CMElogo.jpg\" alt=\"\" width=\"1920\" height=\"1281\" srcset=\"https:\/\/www.cm-evora.pt\/wp-content\/uploads\/2025\/06\/CMElogo.jpg 1920w, https:\/\/www.cm-evora.pt\/wp-content\/uploads\/2025\/06\/CMElogo-300x200.jpg 300w, https:\/\/www.cm-evora.pt\/wp-content\/uploads\/2025\/06\/CMElogo-1024x683.jpg 1024w, https:\/\/www.cm-evora.pt\/wp-content\/uploads\/2025\/06\/CMElogo-768x512.jpg 768w, https:\/\/www.cm-evora.pt\/wp-content\/uploads\/2025\/06\/CMElogo-1536x1025.jpg 1536w, https:\/\/www.cm-evora.pt\/wp-content\/uploads\/2025\/06\/CMElogo-1320x881.jpg 1320w\" sizes=\"auto, (max-width: 1920px) 100vw, 1920px\" \/><\/a><\/p>\n<p><strong>\u00a0<\/strong><\/p>\n<p><strong>\u00a0<\/strong><\/p>\n","protected":false},"excerpt":{"rendered":"<p>A C\u00e2mara Municipal de \u00c9vora realiza uma reuni\u00e3o publica extraordin\u00e1ria no dia 4 de junho (quarta-feira), a partir das 15 horas, na sala de reuni\u00f5es do edif\u00edcio municipal do Largo Alexandre Herculano n\u00ba 5. Pode assistir \u00e0 reuni\u00e3o em direto na internet atrav\u00e9s do seguinte endere\u00e7o: https:\/\/youtube.com\/live\/VDo12bRu1XU Veja a ordem de trabalhos completa em https:\/\/www.cm-evora.pt\/wp-content\/uploads\/2025\/05\/Edital-reuniao-extraordinaria-dia-4-de-junho.pdf [&hellip;]<\/p>\n","protected":false},"author":81,"featured_media":74776,"comment_status":"closed","ping_status":"closed","sticky":false,"template":"","format":"standard","meta":{"_acf_changed":false,"footnotes":""},"categories":[2110],"tags":[],"class_list":["post-74774","post","type-post","status-publish","format-standard","has-post-thumbnail","hentry","category-noticias"],"acf":{"imagens":"","destaq_image":74775,"titulo_docs_seccao":"","documentos":""},"_links":{"self":[{"href":"https:\/\/www.cm-evora.pt\/en\/wp-json\/wp\/v2\/posts\/74774","targetHints":{"allow":["GET"]}}],"collection":[{"href":"https:\/\/www.cm-evora.pt\/en\/wp-json\/wp\/v2\/posts"}],"about":[{"href":"https:\/\/www.cm-evora.pt\/en\/wp-json\/wp\/v2\/types\/post"}],"author":[{"embeddable":true,"href":"https:\/\/www.cm-evora.pt\/en\/wp-json\/wp\/v2\/users\/81"}],"replies":[{"embeddable":true,"href":"https:\/\/www.cm-evora.pt\/en\/wp-json\/wp\/v2\/comments?post=74774"}],"version-history":[{"count":1,"href":"https:\/\/www.cm-evora.pt\/en\/wp-json\/wp\/v2\/posts\/74774\/revisions"}],"predecessor-version":[{"id":74777,"href":"https:\/\/www.cm-evora.pt\/en\/wp-json\/wp\/v2\/posts\/74774\/revisions\/74777"}],"wp:featuredmedia":[{"embeddable":true,"href":"https:\/\/www.cm-evora.pt\/en\/wp-json\/wp\/v2\/media\/74776"}],"wp:attachment":[{"href":"https:\/\/www.cm-evora.pt\/en\/wp-json\/wp\/v2\/media?parent=74774"}],"wp:term":[{"taxonomy":"category","embeddable":true,"href":"https:\/\/www.cm-evora.pt\/en\/wp-json\/wp\/v2\/categories?post=74774"},{"taxonomy":"post_tag","embeddable":true,"href":"https:\/\/www.cm-evora.pt\/en\/wp-json\/wp\/v2\/tags?post=74774"}],"curies":[{"name":"wp","href":"https:\/\/api.w.org\/{rel}","templated":true}]}}