{"id":77768,"date":"2025-09-16T11:49:03","date_gmt":"2025-09-16T10:49:03","guid":{"rendered":"https:\/\/www.cm-evora.pt\/?p=77768"},"modified":"2025-09-16T11:49:03","modified_gmt":"2025-09-16T10:49:03","slug":"camara-de-evora-realiza-a-sua-reuniao-publica-ja-nos-pacos-do-concelho","status":"publish","type":"post","link":"https:\/\/www.cm-evora.pt\/en\/camara-de-evora-realiza-a-sua-reuniao-publica-ja-nos-pacos-do-concelho\/","title":{"rendered":"C\u00e2mara de \u00c9vora realiza a sua reuni\u00e3o p\u00fablica j\u00e1 nos Pa\u00e7os do Concelho"},"content":{"rendered":"<p>A C\u00e2mara Municipal de \u00c9vora realiza a sua reuni\u00e3o publica amanh\u00e3, 17 de setembro (quarta-feira), a partir das 15 horas, no Sal\u00e3o Nobre do edif\u00edcio dos Pa\u00e7os do Concelho, cujas obras de reabilita\u00e7\u00e3o foram recentemente conclu\u00eddas.<\/p>\n<p>Pode assistir \u00e0 reuni\u00e3o em direto na internet atrav\u00e9s do seguinte endere\u00e7o: <a href=\"https:\/\/youtu.be\/u6h0jh_SwYs\">https:\/\/youtu.be\/u6h0jh_SwYs<\/a><\/p>\n<p>Veja a ordem de trabalhos completa em <a href=\"https:\/\/www.cm-evora.pt\/wp-content\/uploads\/2025\/08\/CME_2025_09_17_-_ORDEM_DO_DIA.pdf\">https:\/\/www.cm-evora.pt\/wp-content\/uploads\/2025\/08\/CME_2025_09_17_-_ORDEM_DO_DIA.pdf<\/a><\/p>\n<p><strong>\u00a0<\/strong><\/p>\n\n\t\t<style type=\"text\/css\">\n\t\t\t#gallery-1 {\n\t\t\t\tmargin: auto;\n\t\t\t}\n\t\t\t#gallery-1 .gallery-item {\n\t\t\t\tfloat: left;\n\t\t\t\tmargin-top: 10px;\n\t\t\t\ttext-align: center;\n\t\t\t\twidth: 50%;\n\t\t\t}\n\t\t\t#gallery-1 img {\n\t\t\t\tborder: 2px solid #cfcfcf;\n\t\t\t}\n\t\t\t#gallery-1 .gallery-caption {\n\t\t\t\tmargin-left: 0;\n\t\t\t}\n\t\t\t\/* see gallery_shortcode() in wp-includes\/media.php *\/\n\t\t<\/style>\n\t\t<div id='gallery-1' class='gallery galleryid-77768 gallery-columns-2 gallery-size-full'><dl class='gallery-item'>\n\t\t\t<dt class='gallery-icon landscape'>\n\t\t\t\t<a href='https:\/\/www.cm-evora.pt\/wp-content\/uploads\/2025\/09\/CMElogo-1.jpg'><img loading=\"lazy\" decoding=\"async\" width=\"1920\" height=\"1281\" src=\"https:\/\/www.cm-evora.pt\/wp-content\/uploads\/2025\/09\/CMElogo-1.jpg\" class=\"attachment-full size-full\" alt=\"\" srcset=\"https:\/\/www.cm-evora.pt\/wp-content\/uploads\/2025\/09\/CMElogo-1.jpg 1920w, https:\/\/www.cm-evora.pt\/wp-content\/uploads\/2025\/09\/CMElogo-1-300x200.jpg 300w, https:\/\/www.cm-evora.pt\/wp-content\/uploads\/2025\/09\/CMElogo-1-1024x683.jpg 1024w, https:\/\/www.cm-evora.pt\/wp-content\/uploads\/2025\/09\/CMElogo-1-768x512.jpg 768w, https:\/\/www.cm-evora.pt\/wp-content\/uploads\/2025\/09\/CMElogo-1-1536x1025.jpg 1536w, https:\/\/www.cm-evora.pt\/wp-content\/uploads\/2025\/09\/CMElogo-1-1320x881.jpg 1320w\" sizes=\"auto, (max-width: 1920px) 100vw, 1920px\" \/><\/a>\n\t\t\t<\/dt><\/dl><dl class='gallery-item'>\n\t\t\t<dt class='gallery-icon portrait'>\n\t\t\t\t<a href='https:\/\/www.cm-evora.pt\/wp-content\/uploads\/2025\/09\/Edital-de-Alteracao-de-Local-da-RPC-de-17-de-setembro-de-2025em-jpg-scaled.jpg'><img loading=\"lazy\" decoding=\"async\" width=\"1809\" height=\"2560\" src=\"https:\/\/www.cm-evora.pt\/wp-content\/uploads\/2025\/09\/Edital-de-Alteracao-de-Local-da-RPC-de-17-de-setembro-de-2025em-jpg-scaled.jpg\" class=\"attachment-full size-full\" alt=\"\" srcset=\"https:\/\/www.cm-evora.pt\/wp-content\/uploads\/2025\/09\/Edital-de-Alteracao-de-Local-da-RPC-de-17-de-setembro-de-2025em-jpg-scaled.jpg 1809w, https:\/\/www.cm-evora.pt\/wp-content\/uploads\/2025\/09\/Edital-de-Alteracao-de-Local-da-RPC-de-17-de-setembro-de-2025em-jpg-212x300.jpg 212w, https:\/\/www.cm-evora.pt\/wp-content\/uploads\/2025\/09\/Edital-de-Alteracao-de-Local-da-RPC-de-17-de-setembro-de-2025em-jpg-724x1024.jpg 724w, https:\/\/www.cm-evora.pt\/wp-content\/uploads\/2025\/09\/Edital-de-Alteracao-de-Local-da-RPC-de-17-de-setembro-de-2025em-jpg-768x1087.jpg 768w, https:\/\/www.cm-evora.pt\/wp-content\/uploads\/2025\/09\/Edital-de-Alteracao-de-Local-da-RPC-de-17-de-setembro-de-2025em-jpg-1086x1536.jpg 1086w, https:\/\/www.cm-evora.pt\/wp-content\/uploads\/2025\/09\/Edital-de-Alteracao-de-Local-da-RPC-de-17-de-setembro-de-2025em-jpg-1447x2048.jpg 1447w, https:\/\/www.cm-evora.pt\/wp-content\/uploads\/2025\/09\/Edital-de-Alteracao-de-Local-da-RPC-de-17-de-setembro-de-2025em-jpg-1320x1868.jpg 1320w\" sizes=\"auto, (max-width: 1809px) 100vw, 1809px\" \/><\/a>\n\t\t\t<\/dt><\/dl><br style=\"clear: both\" \/>\n\t\t<\/div>\n\n","protected":false},"excerpt":{"rendered":"<p>A C\u00e2mara Municipal de \u00c9vora realiza a sua reuni\u00e3o publica amanh\u00e3, 17 de setembro (quarta-feira), a partir das 15 horas, no Sal\u00e3o Nobre do edif\u00edcio dos Pa\u00e7os do Concelho, cujas obras de reabilita\u00e7\u00e3o foram recentemente conclu\u00eddas. Pode assistir \u00e0 reuni\u00e3o em direto na internet atrav\u00e9s do seguinte endere\u00e7o: https:\/\/youtu.be\/u6h0jh_SwYs Veja a ordem de trabalhos completa [&hellip;]<\/p>\n","protected":false},"author":81,"featured_media":77769,"comment_status":"closed","ping_status":"closed","sticky":false,"template":"","format":"standard","meta":{"_acf_changed":false,"footnotes":""},"categories":[2110],"tags":[],"class_list":["post-77768","post","type-post","status-publish","format-standard","has-post-thumbnail","hentry","category-noticias"],"acf":{"imagens":"","destaq_image":77769,"titulo_docs_seccao":"","documentos":""},"_links":{"self":[{"href":"https:\/\/www.cm-evora.pt\/en\/wp-json\/wp\/v2\/posts\/77768","targetHints":{"allow":["GET"]}}],"collection":[{"href":"https:\/\/www.cm-evora.pt\/en\/wp-json\/wp\/v2\/posts"}],"about":[{"href":"https:\/\/www.cm-evora.pt\/en\/wp-json\/wp\/v2\/types\/post"}],"author":[{"embeddable":true,"href":"https:\/\/www.cm-evora.pt\/en\/wp-json\/wp\/v2\/users\/81"}],"replies":[{"embeddable":true,"href":"https:\/\/www.cm-evora.pt\/en\/wp-json\/wp\/v2\/comments?post=77768"}],"version-history":[{"count":1,"href":"https:\/\/www.cm-evora.pt\/en\/wp-json\/wp\/v2\/posts\/77768\/revisions"}],"predecessor-version":[{"id":77771,"href":"https:\/\/www.cm-evora.pt\/en\/wp-json\/wp\/v2\/posts\/77768\/revisions\/77771"}],"wp:featuredmedia":[{"embeddable":true,"href":"https:\/\/www.cm-evora.pt\/en\/wp-json\/wp\/v2\/media\/77769"}],"wp:attachment":[{"href":"https:\/\/www.cm-evora.pt\/en\/wp-json\/wp\/v2\/media?parent=77768"}],"wp:term":[{"taxonomy":"category","embeddable":true,"href":"https:\/\/www.cm-evora.pt\/en\/wp-json\/wp\/v2\/categories?post=77768"},{"taxonomy":"post_tag","embeddable":true,"href":"https:\/\/www.cm-evora.pt\/en\/wp-json\/wp\/v2\/tags?post=77768"}],"curies":[{"name":"wp","href":"https:\/\/api.w.org\/{rel}","templated":true}]}}