{"id":78068,"date":"2025-09-29T11:25:14","date_gmt":"2025-09-29T10:25:14","guid":{"rendered":"https:\/\/www.cm-evora.pt\/?p=78068"},"modified":"2025-09-29T11:25:14","modified_gmt":"2025-09-29T10:25:14","slug":"protocolos-de-apoio-financeiro-ao-associativismo-juvenil-assinados-na-reuniao-do-cmje","status":"publish","type":"post","link":"https:\/\/www.cm-evora.pt\/en\/protocolos-de-apoio-financeiro-ao-associativismo-juvenil-assinados-na-reuniao-do-cmje\/","title":{"rendered":"Protocolos de apoio financeiro ao associativismo juvenil assinados na reuni\u00e3o do CMJE"},"content":{"rendered":"<p>Um conjunto de protocolos de Apoio Financeiro ao Associativismo Juvenil, no valor total 48.784,62 euros, foi assinado na reuni\u00e3o do Conselho Municipal da Juventude de \u00c9vora (CMJE) que decorreu no dia 25 de setembro, no Sal\u00e3o Nobre dos Pa\u00e7os do Concelho de \u00c9vora.<\/p>\n<p>O apoio, no \u00e2mbito do Regulamento de Apoio ao Associativismo Social e Juventude do Concelho de \u00c9vora, contemplou este ano 15 associa\u00e7\u00f5es que apresentaram candidaturas ao referido regulamento atrav\u00e9s das medidas 1 e 3 e podem agora dar seguimento a diversos projetos e iniciativas.<\/p>\n<p>A reuni\u00e3o foi presidida pelo Presidente do CMJE, Alexandre Varela, que fez tamb\u00e9m o balan\u00e7o dos quatro anos \u00e0 frente do CMJE, agradecendo ainda aos representantes das associa\u00e7\u00f5es juvenis do concelho, a sua presen\u00e7a, assiduidade e disponibilidade ao longo dos anos.<\/p>\n<p>Reconhecendo que h\u00e1 mais trabalho para dinamizar nos anos vindouros, o Presidente destacou ainda v\u00e1rias medidas e projetos que a autarquia tem concretizado na \u00e1rea da juventude, como Mar\u00e7o &#8211; M\u00eas da Juventude, repleto de iniciativas e atividades maioritariamente propostas pelas associa\u00e7\u00f5es do concelho, integrando desde 2023 tamb\u00e9m o Festival Jovem \u2013 Youth Fest, que tem sido realizado com muito sucesso, ano ap\u00f3s ano.<\/p>\n<p>Referiu projetos como o Banco de Manuais Escolares, La\u00e7os para a Vida, V Jovem &#8211; Voluntariado Jovem &#8211; que integra cada vez mais jovens &#8211; entre outras iniciativas de apoio aos jovens e ao associativismo juvenil.<\/p>\n<p>Nessas medidas, real\u00e7a-se, de igual modo, o apoio log\u00edstico anual, centrado na ced\u00eancia de transportes, espa\u00e7os, palcos, grades, isen\u00e7\u00f5es de pagamento de variadas taxas e que at\u00e9 setembro de 2025, j\u00e1 correspondeu a um valor de 50 871,94 euros.<\/p>\n<p>O Presidente destacou ainda uma proposta oriunda do pr\u00f3prio CMJE, a ades\u00e3o \u00e0 Rede Nacional de Munic\u00edpios Amigos da Juventude, sendo que desde 2022 \u00c9vora recebe consecutivamente) a distin\u00e7\u00e3o de Munic\u00edpio Amigo da Juventude, atribu\u00edda pela Federa\u00e7\u00e3o Nacional de Associativismo Juvenil (FNAJ).<\/p>\n\n\t\t<style type=\"text\/css\">\n\t\t\t#gallery-1 {\n\t\t\t\tmargin: auto;\n\t\t\t}\n\t\t\t#gallery-1 .gallery-item {\n\t\t\t\tfloat: left;\n\t\t\t\tmargin-top: 10px;\n\t\t\t\ttext-align: center;\n\t\t\t\twidth: 20%;\n\t\t\t}\n\t\t\t#gallery-1 img {\n\t\t\t\tborder: 2px solid #cfcfcf;\n\t\t\t}\n\t\t\t#gallery-1 .gallery-caption {\n\t\t\t\tmargin-left: 0;\n\t\t\t}\n\t\t\t\/* see gallery_shortcode() in wp-includes\/media.php *\/\n\t\t<\/style>\n\t\t<div id='gallery-1' class='gallery galleryid-78068 gallery-columns-5 gallery-size-full'><dl class='gallery-item'>\n\t\t\t<dt class='gallery-icon landscape'>\n\t\t\t\t<a href='https:\/\/www.cm-evora.pt\/wp-content\/uploads\/2025\/09\/CMJ.jpg'><img loading=\"lazy\" decoding=\"async\" width=\"1920\" height=\"1223\" src=\"https:\/\/www.cm-evora.pt\/wp-content\/uploads\/2025\/09\/CMJ.jpg\" class=\"attachment-full size-full\" alt=\"\" srcset=\"https:\/\/www.cm-evora.pt\/wp-content\/uploads\/2025\/09\/CMJ.jpg 1920w, https:\/\/www.cm-evora.pt\/wp-content\/uploads\/2025\/09\/CMJ-300x191.jpg 300w, https:\/\/www.cm-evora.pt\/wp-content\/uploads\/2025\/09\/CMJ-1024x652.jpg 1024w, https:\/\/www.cm-evora.pt\/wp-content\/uploads\/2025\/09\/CMJ-768x489.jpg 768w, https:\/\/www.cm-evora.pt\/wp-content\/uploads\/2025\/09\/CMJ-1536x978.jpg 1536w, https:\/\/www.cm-evora.pt\/wp-content\/uploads\/2025\/09\/CMJ-1320x841.jpg 1320w\" sizes=\"auto, (max-width: 1920px) 100vw, 1920px\" \/><\/a>\n\t\t\t<\/dt><\/dl><dl class='gallery-item'>\n\t\t\t<dt class='gallery-icon landscape'>\n\t\t\t\t<a href='https:\/\/www.cm-evora.pt\/wp-content\/uploads\/2025\/09\/CMJ1.jpg'><img loading=\"lazy\" decoding=\"async\" width=\"1920\" height=\"1141\" src=\"https:\/\/www.cm-evora.pt\/wp-content\/uploads\/2025\/09\/CMJ1.jpg\" class=\"attachment-full size-full\" alt=\"\" srcset=\"https:\/\/www.cm-evora.pt\/wp-content\/uploads\/2025\/09\/CMJ1.jpg 1920w, https:\/\/www.cm-evora.pt\/wp-content\/uploads\/2025\/09\/CMJ1-300x178.jpg 300w, https:\/\/www.cm-evora.pt\/wp-content\/uploads\/2025\/09\/CMJ1-1024x609.jpg 1024w, https:\/\/www.cm-evora.pt\/wp-content\/uploads\/2025\/09\/CMJ1-768x456.jpg 768w, https:\/\/www.cm-evora.pt\/wp-content\/uploads\/2025\/09\/CMJ1-1536x913.jpg 1536w, https:\/\/www.cm-evora.pt\/wp-content\/uploads\/2025\/09\/CMJ1-1320x784.jpg 1320w\" sizes=\"auto, (max-width: 1920px) 100vw, 1920px\" \/><\/a>\n\t\t\t<\/dt><\/dl><dl class='gallery-item'>\n\t\t\t<dt class='gallery-icon landscape'>\n\t\t\t\t<a href='https:\/\/www.cm-evora.pt\/wp-content\/uploads\/2025\/09\/CMJ2.jpg'><img loading=\"lazy\" decoding=\"async\" width=\"1920\" height=\"1153\" src=\"https:\/\/www.cm-evora.pt\/wp-content\/uploads\/2025\/09\/CMJ2.jpg\" class=\"attachment-full size-full\" alt=\"\" srcset=\"https:\/\/www.cm-evora.pt\/wp-content\/uploads\/2025\/09\/CMJ2.jpg 1920w, https:\/\/www.cm-evora.pt\/wp-content\/uploads\/2025\/09\/CMJ2-300x180.jpg 300w, https:\/\/www.cm-evora.pt\/wp-content\/uploads\/2025\/09\/CMJ2-1024x615.jpg 1024w, https:\/\/www.cm-evora.pt\/wp-content\/uploads\/2025\/09\/CMJ2-768x461.jpg 768w, https:\/\/www.cm-evora.pt\/wp-content\/uploads\/2025\/09\/CMJ2-1536x922.jpg 1536w, https:\/\/www.cm-evora.pt\/wp-content\/uploads\/2025\/09\/CMJ2-1320x793.jpg 1320w\" sizes=\"auto, (max-width: 1920px) 100vw, 1920px\" \/><\/a>\n\t\t\t<\/dt><\/dl><dl class='gallery-item'>\n\t\t\t<dt class='gallery-icon landscape'>\n\t\t\t\t<a href='https:\/\/www.cm-evora.pt\/wp-content\/uploads\/2025\/09\/CMJ3.jpg'><img loading=\"lazy\" decoding=\"async\" width=\"1920\" height=\"1280\" src=\"https:\/\/www.cm-evora.pt\/wp-content\/uploads\/2025\/09\/CMJ3.jpg\" class=\"attachment-full size-full\" alt=\"\" srcset=\"https:\/\/www.cm-evora.pt\/wp-content\/uploads\/2025\/09\/CMJ3.jpg 1920w, https:\/\/www.cm-evora.pt\/wp-content\/uploads\/2025\/09\/CMJ3-300x200.jpg 300w, https:\/\/www.cm-evora.pt\/wp-content\/uploads\/2025\/09\/CMJ3-1024x683.jpg 1024w, https:\/\/www.cm-evora.pt\/wp-content\/uploads\/2025\/09\/CMJ3-768x512.jpg 768w, https:\/\/www.cm-evora.pt\/wp-content\/uploads\/2025\/09\/CMJ3-1536x1024.jpg 1536w, https:\/\/www.cm-evora.pt\/wp-content\/uploads\/2025\/09\/CMJ3-1320x880.jpg 1320w\" sizes=\"auto, (max-width: 1920px) 100vw, 1920px\" \/><\/a>\n\t\t\t<\/dt><\/dl><dl class='gallery-item'>\n\t\t\t<dt class='gallery-icon landscape'>\n\t\t\t\t<a href='https:\/\/www.cm-evora.pt\/wp-content\/uploads\/2025\/09\/CMJ4.jpg'><img loading=\"lazy\" decoding=\"async\" width=\"1920\" height=\"1280\" src=\"https:\/\/www.cm-evora.pt\/wp-content\/uploads\/2025\/09\/CMJ4.jpg\" class=\"attachment-full size-full\" alt=\"\" srcset=\"https:\/\/www.cm-evora.pt\/wp-content\/uploads\/2025\/09\/CMJ4.jpg 1920w, https:\/\/www.cm-evora.pt\/wp-content\/uploads\/2025\/09\/CMJ4-300x200.jpg 300w, https:\/\/www.cm-evora.pt\/wp-content\/uploads\/2025\/09\/CMJ4-1024x683.jpg 1024w, https:\/\/www.cm-evora.pt\/wp-content\/uploads\/2025\/09\/CMJ4-768x512.jpg 768w, https:\/\/www.cm-evora.pt\/wp-content\/uploads\/2025\/09\/CMJ4-1536x1024.jpg 1536w, https:\/\/www.cm-evora.pt\/wp-content\/uploads\/2025\/09\/CMJ4-1320x880.jpg 1320w\" sizes=\"auto, (max-width: 1920px) 100vw, 1920px\" \/><\/a>\n\t\t\t<\/dt><\/dl><br style=\"clear: both\" \/><dl class='gallery-item'>\n\t\t\t<dt class='gallery-icon landscape'>\n\t\t\t\t<a href='https:\/\/www.cm-evora.pt\/wp-content\/uploads\/2025\/09\/CMJ5.jpg'><img loading=\"lazy\" decoding=\"async\" width=\"1920\" height=\"1280\" src=\"https:\/\/www.cm-evora.pt\/wp-content\/uploads\/2025\/09\/CMJ5.jpg\" class=\"attachment-full size-full\" alt=\"\" srcset=\"https:\/\/www.cm-evora.pt\/wp-content\/uploads\/2025\/09\/CMJ5.jpg 1920w, https:\/\/www.cm-evora.pt\/wp-content\/uploads\/2025\/09\/CMJ5-300x200.jpg 300w, https:\/\/www.cm-evora.pt\/wp-content\/uploads\/2025\/09\/CMJ5-1024x683.jpg 1024w, https:\/\/www.cm-evora.pt\/wp-content\/uploads\/2025\/09\/CMJ5-768x512.jpg 768w, https:\/\/www.cm-evora.pt\/wp-content\/uploads\/2025\/09\/CMJ5-1536x1024.jpg 1536w, https:\/\/www.cm-evora.pt\/wp-content\/uploads\/2025\/09\/CMJ5-1320x880.jpg 1320w\" sizes=\"auto, (max-width: 1920px) 100vw, 1920px\" \/><\/a>\n\t\t\t<\/dt><\/dl><dl class='gallery-item'>\n\t\t\t<dt class='gallery-icon landscape'>\n\t\t\t\t<a href='https:\/\/www.cm-evora.pt\/wp-content\/uploads\/2025\/09\/CMJ6.jpg'><img loading=\"lazy\" decoding=\"async\" width=\"1920\" height=\"1280\" src=\"https:\/\/www.cm-evora.pt\/wp-content\/uploads\/2025\/09\/CMJ6.jpg\" class=\"attachment-full size-full\" alt=\"\" srcset=\"https:\/\/www.cm-evora.pt\/wp-content\/uploads\/2025\/09\/CMJ6.jpg 1920w, https:\/\/www.cm-evora.pt\/wp-content\/uploads\/2025\/09\/CMJ6-300x200.jpg 300w, https:\/\/www.cm-evora.pt\/wp-content\/uploads\/2025\/09\/CMJ6-1024x683.jpg 1024w, https:\/\/www.cm-evora.pt\/wp-content\/uploads\/2025\/09\/CMJ6-768x512.jpg 768w, https:\/\/www.cm-evora.pt\/wp-content\/uploads\/2025\/09\/CMJ6-1536x1024.jpg 1536w, https:\/\/www.cm-evora.pt\/wp-content\/uploads\/2025\/09\/CMJ6-1320x880.jpg 1320w\" sizes=\"auto, (max-width: 1920px) 100vw, 1920px\" \/><\/a>\n\t\t\t<\/dt><\/dl><dl class='gallery-item'>\n\t\t\t<dt class='gallery-icon landscape'>\n\t\t\t\t<a href='https:\/\/www.cm-evora.pt\/wp-content\/uploads\/2025\/09\/CMJ7.jpg'><img loading=\"lazy\" decoding=\"async\" width=\"1920\" height=\"1280\" src=\"https:\/\/www.cm-evora.pt\/wp-content\/uploads\/2025\/09\/CMJ7.jpg\" class=\"attachment-full size-full\" alt=\"\" srcset=\"https:\/\/www.cm-evora.pt\/wp-content\/uploads\/2025\/09\/CMJ7.jpg 1920w, https:\/\/www.cm-evora.pt\/wp-content\/uploads\/2025\/09\/CMJ7-300x200.jpg 300w, https:\/\/www.cm-evora.pt\/wp-content\/uploads\/2025\/09\/CMJ7-1024x683.jpg 1024w, https:\/\/www.cm-evora.pt\/wp-content\/uploads\/2025\/09\/CMJ7-768x512.jpg 768w, https:\/\/www.cm-evora.pt\/wp-content\/uploads\/2025\/09\/CMJ7-1536x1024.jpg 1536w, https:\/\/www.cm-evora.pt\/wp-content\/uploads\/2025\/09\/CMJ7-1320x880.jpg 1320w\" sizes=\"auto, (max-width: 1920px) 100vw, 1920px\" \/><\/a>\n\t\t\t<\/dt><\/dl><dl class='gallery-item'>\n\t\t\t<dt class='gallery-icon portrait'>\n\t\t\t\t<a href='https:\/\/www.cm-evora.pt\/wp-content\/uploads\/2025\/09\/CMJ8.jpg'><img loading=\"lazy\" decoding=\"async\" width=\"1333\" height=\"1920\" src=\"https:\/\/www.cm-evora.pt\/wp-content\/uploads\/2025\/09\/CMJ8.jpg\" class=\"attachment-full size-full\" alt=\"\" srcset=\"https:\/\/www.cm-evora.pt\/wp-content\/uploads\/2025\/09\/CMJ8.jpg 1333w, https:\/\/www.cm-evora.pt\/wp-content\/uploads\/2025\/09\/CMJ8-208x300.jpg 208w, https:\/\/www.cm-evora.pt\/wp-content\/uploads\/2025\/09\/CMJ8-711x1024.jpg 711w, https:\/\/www.cm-evora.pt\/wp-content\/uploads\/2025\/09\/CMJ8-768x1106.jpg 768w, https:\/\/www.cm-evora.pt\/wp-content\/uploads\/2025\/09\/CMJ8-1066x1536.jpg 1066w, https:\/\/www.cm-evora.pt\/wp-content\/uploads\/2025\/09\/CMJ8-1320x1901.jpg 1320w\" sizes=\"auto, (max-width: 1333px) 100vw, 1333px\" \/><\/a>\n\t\t\t<\/dt><\/dl><dl class='gallery-item'>\n\t\t\t<dt class='gallery-icon landscape'>\n\t\t\t\t<a href='https:\/\/www.cm-evora.pt\/wp-content\/uploads\/2025\/09\/CMJ9.jpg'><img loading=\"lazy\" decoding=\"async\" width=\"1920\" height=\"1280\" src=\"https:\/\/www.cm-evora.pt\/wp-content\/uploads\/2025\/09\/CMJ9.jpg\" class=\"attachment-full size-full\" alt=\"\" srcset=\"https:\/\/www.cm-evora.pt\/wp-content\/uploads\/2025\/09\/CMJ9.jpg 1920w, https:\/\/www.cm-evora.pt\/wp-content\/uploads\/2025\/09\/CMJ9-300x200.jpg 300w, https:\/\/www.cm-evora.pt\/wp-content\/uploads\/2025\/09\/CMJ9-1024x683.jpg 1024w, https:\/\/www.cm-evora.pt\/wp-content\/uploads\/2025\/09\/CMJ9-768x512.jpg 768w, https:\/\/www.cm-evora.pt\/wp-content\/uploads\/2025\/09\/CMJ9-1536x1024.jpg 1536w, https:\/\/www.cm-evora.pt\/wp-content\/uploads\/2025\/09\/CMJ9-1320x880.jpg 1320w\" sizes=\"auto, (max-width: 1920px) 100vw, 1920px\" \/><\/a>\n\t\t\t<\/dt><\/dl><br style=\"clear: both\" \/><dl class='gallery-item'>\n\t\t\t<dt class='gallery-icon landscape'>\n\t\t\t\t<a href='https:\/\/www.cm-evora.pt\/wp-content\/uploads\/2025\/09\/CMJ10.jpg'><img loading=\"lazy\" decoding=\"async\" width=\"1920\" height=\"1280\" src=\"https:\/\/www.cm-evora.pt\/wp-content\/uploads\/2025\/09\/CMJ10.jpg\" class=\"attachment-full size-full\" alt=\"\" srcset=\"https:\/\/www.cm-evora.pt\/wp-content\/uploads\/2025\/09\/CMJ10.jpg 1920w, https:\/\/www.cm-evora.pt\/wp-content\/uploads\/2025\/09\/CMJ10-300x200.jpg 300w, https:\/\/www.cm-evora.pt\/wp-content\/uploads\/2025\/09\/CMJ10-1024x683.jpg 1024w, https:\/\/www.cm-evora.pt\/wp-content\/uploads\/2025\/09\/CMJ10-768x512.jpg 768w, https:\/\/www.cm-evora.pt\/wp-content\/uploads\/2025\/09\/CMJ10-1536x1024.jpg 1536w, https:\/\/www.cm-evora.pt\/wp-content\/uploads\/2025\/09\/CMJ10-1320x880.jpg 1320w\" sizes=\"auto, (max-width: 1920px) 100vw, 1920px\" \/><\/a>\n\t\t\t<\/dt><\/dl>\n\t\t\t<br style='clear: both' \/>\n\t\t<\/div>\n\n","protected":false},"excerpt":{"rendered":"<p>Um conjunto de protocolos de Apoio Financeiro ao Associativismo Juvenil, no valor total 48.784,62 euros, foi assinado na reuni\u00e3o do Conselho Municipal da Juventude de \u00c9vora (CMJE) que decorreu no dia 25 de setembro, no Sal\u00e3o Nobre dos Pa\u00e7os do Concelho de \u00c9vora. O apoio, no \u00e2mbito do Regulamento de Apoio ao Associativismo Social e [&hellip;]<\/p>\n","protected":false},"author":81,"featured_media":78071,"comment_status":"closed","ping_status":"closed","sticky":false,"template":"","format":"standard","meta":{"_acf_changed":false,"footnotes":""},"categories":[2110],"tags":[],"class_list":["post-78068","post","type-post","status-publish","format-standard","has-post-thumbnail","hentry","category-noticias"],"acf":{"imagens":"","destaq_image":78071,"titulo_docs_seccao":"","documentos":""},"_links":{"self":[{"href":"https:\/\/www.cm-evora.pt\/en\/wp-json\/wp\/v2\/posts\/78068","targetHints":{"allow":["GET"]}}],"collection":[{"href":"https:\/\/www.cm-evora.pt\/en\/wp-json\/wp\/v2\/posts"}],"about":[{"href":"https:\/\/www.cm-evora.pt\/en\/wp-json\/wp\/v2\/types\/post"}],"author":[{"embeddable":true,"href":"https:\/\/www.cm-evora.pt\/en\/wp-json\/wp\/v2\/users\/81"}],"replies":[{"embeddable":true,"href":"https:\/\/www.cm-evora.pt\/en\/wp-json\/wp\/v2\/comments?post=78068"}],"version-history":[{"count":1,"href":"https:\/\/www.cm-evora.pt\/en\/wp-json\/wp\/v2\/posts\/78068\/revisions"}],"predecessor-version":[{"id":78080,"href":"https:\/\/www.cm-evora.pt\/en\/wp-json\/wp\/v2\/posts\/78068\/revisions\/78080"}],"wp:featuredmedia":[{"embeddable":true,"href":"https:\/\/www.cm-evora.pt\/en\/wp-json\/wp\/v2\/media\/78071"}],"wp:attachment":[{"href":"https:\/\/www.cm-evora.pt\/en\/wp-json\/wp\/v2\/media?parent=78068"}],"wp:term":[{"taxonomy":"category","embeddable":true,"href":"https:\/\/www.cm-evora.pt\/en\/wp-json\/wp\/v2\/categories?post=78068"},{"taxonomy":"post_tag","embeddable":true,"href":"https:\/\/www.cm-evora.pt\/en\/wp-json\/wp\/v2\/tags?post=78068"}],"curies":[{"name":"wp","href":"https:\/\/api.w.org\/{rel}","templated":true}]}}