{"id":79523,"date":"2025-11-19T12:33:24","date_gmt":"2025-11-19T12:33:24","guid":{"rendered":"https:\/\/www.cm-evora.pt\/?p=79523"},"modified":"2025-11-19T14:23:32","modified_gmt":"2025-11-19T14:23:32","slug":"restos-mortais-de-d-jose-joaquim-ribeiro-ja-repousam-na-igreja-do-espirito-santo","status":"publish","type":"post","link":"https:\/\/www.cm-evora.pt\/en\/restos-mortais-de-d-jose-joaquim-ribeiro-ja-repousam-na-igreja-do-espirito-santo\/","title":{"rendered":"(Portugu\u00eas) Restos Mortais de D. Jos\u00e9 Joaquim Ribeiro j\u00e1 repousam na Igreja do Esp\u00edrito Santo"},"content":{"rendered":"<p class=\"qtranxs-available-languages-message qtranxs-available-languages-message-en\">Sorry, this entry is only available in <a href=\"https:\/\/www.cm-evora.pt\/pt\/wp-json\/wp\/v2\/posts\/79523\" class=\"qtranxs-available-language-link qtranxs-available-language-link-pt\" title=\"Portugu\u00eas\">Portugu\u00eas<\/a>.<\/p><p>Os restos mortais de D. Jos\u00e9 Joaquim Ribeiro, Bispo de D\u00edli (1967-1977), foram transladados do Cemit\u00e9rio dos Rem\u00e9dios (onde estavam guardados num t\u00famulo da Fam\u00edlia do Eng. Jos\u00e9 Noites) para o Pante\u00e3o dos Arcebispos (Igreja do Esp\u00edrito Santo) no dia 17 de novembro de 2025.<\/p>\n<p>A C\u00e2mara Municipal de \u00c9vora esteve representada pela Vereadora Carmen Carvalheira na cerim\u00f3nia realizada na Igreja do Esp\u00edrito Santo, com destaque para a Eucaristia celebrada a partir das 18 horas e \u00e0 qual assistiram as mais diversas entidades eclesi\u00e1sticas, militares e civis.<\/p>\n<p>O\u00a0Cardeal Pietro Parolin, Secret\u00e1rio de Estado do Vaticano, em nome do Papa Le\u00e3o XIV enviou uma mensagem, tal como o Cardeal Virg\u00edlio do Carmo da Silva, Arcebispo Metropolitano de D\u00edli.<\/p>\n<p>Um coro de seminaristas e jovens timorenses animou liturgicamente a Eucaristia que foi concelebrada pelo Arcebispo Em\u00e9rito de \u00c9vora, D. Jos\u00e9 Alves e pelo cardeal D. Am\u00e9rico Aguiar. Uma guarda de honra militar foi feita ao longo de toda a cerim\u00f3nia.<\/p>\n<p>A Arquidiocese de \u00c9vora distribuiu ainda \u00e0 sa\u00edda da Igreja o livro biogr\u00e1fico \u201cDom Jos\u00e9 Joaquim Mission\u00e1rio de \u00c9vora, M\u00e1rtir de Timor\u201d, da autoria de Leandro Pacheco.<\/p>\n<p>Finda a Eucaristia, o Prelado eborense fez os ritos exequiais e um grupo de sacerdotes transportou a urna para uma das capelas laterais, sendo a tumula\u00e7\u00e3o feita no dia 18 de novembro por agentes funer\u00e1rios, conforme indicou a Arquidiocese de \u00c9vora.<\/p>\n<p>Recordando a biografia de D. Jos\u00e9 Joaquim Ribeiro, o Arcebispo de \u00c9vora, D. Francisco Senra Coelho, destacou o seu testemunho de f\u00e9 e esperan\u00e7a, a sua luta pela justi\u00e7a social e pela paz entre os povos, no \u00e2mbito do seu trabalho incans\u00e1vel, nomeadamente em Timor-Leste, onde esteve sempre ao lado da popula\u00e7\u00e3o nos momentos mais conturbados da invas\u00e3o indon\u00e9sia.<\/p>\n<p>Os restos mortais de D. Jos\u00e9 Joaquim Ribeiro v\u00e3o repousar no pante\u00e3o dos Arcebispos de \u00c9vora, junto aos restos de D. David de Sousa (Arcebispo de \u00c9vora de 1965-1981) e de D. Maur\u00edlio de Gouveia (Arcebispo de \u00c9vora de 1981-2008), at\u00e9 que um dia, conforme pedido expresso na mensagem do Cardeal Virg\u00edlio do Carmo da Silva, Arcebispo Metropolitano de D\u00edli, regressem a Timor-Leste, informou tamb\u00e9m a Arquidiocese de \u00c9vora.<\/p>\n<p>D. Jos\u00e9 Joaquim Ribeiro, nasceu no concelho de Campo Maior, a 4 de fevereiro de 1918. Frequentou os Semin\u00e1rios de \u00c9vora e foi ordenado na capela do Carmelo de F\u00e1tima, por D. Manuel Mendes da Concei\u00e7\u00e3o Santos.<\/p>\n<p>Em 1958, foi ordenado Bispo por D. Manuel Trindade Salgueiro, de quem foi Bispo Auxiliar at\u00e9 1965, ano em que foi nomeado Bispo Coadjutor com futura sucess\u00e3o de D\u00edli, Timor-Leste.<\/p>\n<p>Tornou-se Bispo titular de D\u00edli em 1967 e cumpriu com zelo a sua miss\u00e3o. Ap\u00f3s a ocupa\u00e7\u00e3o da Indon\u00e9sia, foi \u201cintr\u00e9pido defensor dos direitos do povo timorense e corajoso pastor no minist\u00e9rio da caridade e dos urgentes socorros aos aflitos, enfrentando por v\u00e1rias vezes, com a valentia dos M\u00e1rtires, perigos de morte\u201d.<\/p>\n<p>Em Maio de 1977, pediu a sua resigna\u00e7\u00e3o ao Papa Paulo VI e regressou a Portugal, passando a viver em Lisboa e desde 1986, na Casa Sacerdotal de \u00c9vora, onde veio a falecer no dia 27 de Julho de 2002.<\/p>\n\n\t\t<style type=\"text\/css\">\n\t\t\t#gallery-1 {\n\t\t\t\tmargin: auto;\n\t\t\t}\n\t\t\t#gallery-1 .gallery-item {\n\t\t\t\tfloat: left;\n\t\t\t\tmargin-top: 10px;\n\t\t\t\ttext-align: center;\n\t\t\t\twidth: 20%;\n\t\t\t}\n\t\t\t#gallery-1 img {\n\t\t\t\tborder: 2px solid #cfcfcf;\n\t\t\t}\n\t\t\t#gallery-1 .gallery-caption {\n\t\t\t\tmargin-left: 0;\n\t\t\t}\n\t\t\t\/* see gallery_shortcode() in wp-includes\/media.php *\/\n\t\t<\/style>\n\t\t<div id='gallery-1' class='gallery galleryid-79523 gallery-columns-5 gallery-size-full'><dl class='gallery-item'>\n\t\t\t<dt class='gallery-icon portrait'>\n\t\t\t\t<a href='https:\/\/www.cm-evora.pt\/wp-content\/uploads\/2025\/11\/d1.jpg'><img loading=\"lazy\" decoding=\"async\" width=\"1333\" height=\"2000\" src=\"https:\/\/www.cm-evora.pt\/wp-content\/uploads\/2025\/11\/d1.jpg\" class=\"attachment-full size-full\" alt=\"\" srcset=\"https:\/\/www.cm-evora.pt\/wp-content\/uploads\/2025\/11\/d1.jpg 1333w, https:\/\/www.cm-evora.pt\/wp-content\/uploads\/2025\/11\/d1-200x300.jpg 200w, https:\/\/www.cm-evora.pt\/wp-content\/uploads\/2025\/11\/d1-682x1024.jpg 682w, https:\/\/www.cm-evora.pt\/wp-content\/uploads\/2025\/11\/d1-768x1152.jpg 768w, https:\/\/www.cm-evora.pt\/wp-content\/uploads\/2025\/11\/d1-1024x1536.jpg 1024w, https:\/\/www.cm-evora.pt\/wp-content\/uploads\/2025\/11\/d1-1320x1980.jpg 1320w\" sizes=\"auto, (max-width: 1333px) 100vw, 1333px\" \/><\/a>\n\t\t\t<\/dt><\/dl><dl class='gallery-item'>\n\t\t\t<dt class='gallery-icon landscape'>\n\t\t\t\t<a href='https:\/\/www.cm-evora.pt\/wp-content\/uploads\/2025\/11\/d2-scaled.jpg'><img loading=\"lazy\" decoding=\"async\" width=\"2560\" height=\"1707\" src=\"https:\/\/www.cm-evora.pt\/wp-content\/uploads\/2025\/11\/d2-scaled.jpg\" class=\"attachment-full size-full\" alt=\"\" srcset=\"https:\/\/www.cm-evora.pt\/wp-content\/uploads\/2025\/11\/d2-scaled.jpg 2560w, https:\/\/www.cm-evora.pt\/wp-content\/uploads\/2025\/11\/d2-300x200.jpg 300w, https:\/\/www.cm-evora.pt\/wp-content\/uploads\/2025\/11\/d2-1024x683.jpg 1024w, https:\/\/www.cm-evora.pt\/wp-content\/uploads\/2025\/11\/d2-768x512.jpg 768w, https:\/\/www.cm-evora.pt\/wp-content\/uploads\/2025\/11\/d2-1536x1024.jpg 1536w, https:\/\/www.cm-evora.pt\/wp-content\/uploads\/2025\/11\/d2-2048x1365.jpg 2048w, https:\/\/www.cm-evora.pt\/wp-content\/uploads\/2025\/11\/d2-1320x880.jpg 1320w\" sizes=\"auto, (max-width: 2560px) 100vw, 2560px\" \/><\/a>\n\t\t\t<\/dt><\/dl><dl class='gallery-item'>\n\t\t\t<dt class='gallery-icon landscape'>\n\t\t\t\t<a href='https:\/\/www.cm-evora.pt\/wp-content\/uploads\/2025\/11\/d3.jpg'><img loading=\"lazy\" decoding=\"async\" width=\"2000\" height=\"1333\" src=\"https:\/\/www.cm-evora.pt\/wp-content\/uploads\/2025\/11\/d3.jpg\" class=\"attachment-full size-full\" alt=\"\" srcset=\"https:\/\/www.cm-evora.pt\/wp-content\/uploads\/2025\/11\/d3.jpg 2000w, https:\/\/www.cm-evora.pt\/wp-content\/uploads\/2025\/11\/d3-300x200.jpg 300w, https:\/\/www.cm-evora.pt\/wp-content\/uploads\/2025\/11\/d3-1024x682.jpg 1024w, https:\/\/www.cm-evora.pt\/wp-content\/uploads\/2025\/11\/d3-768x512.jpg 768w, https:\/\/www.cm-evora.pt\/wp-content\/uploads\/2025\/11\/d3-1536x1024.jpg 1536w, https:\/\/www.cm-evora.pt\/wp-content\/uploads\/2025\/11\/d3-1320x880.jpg 1320w\" sizes=\"auto, (max-width: 2000px) 100vw, 2000px\" \/><\/a>\n\t\t\t<\/dt><\/dl><dl class='gallery-item'>\n\t\t\t<dt class='gallery-icon landscape'>\n\t\t\t\t<a href='https:\/\/www.cm-evora.pt\/wp-content\/uploads\/2025\/11\/d5.jpg'><img loading=\"lazy\" decoding=\"async\" width=\"2000\" height=\"1219\" src=\"https:\/\/www.cm-evora.pt\/wp-content\/uploads\/2025\/11\/d5.jpg\" class=\"attachment-full size-full\" alt=\"\" srcset=\"https:\/\/www.cm-evora.pt\/wp-content\/uploads\/2025\/11\/d5.jpg 2000w, https:\/\/www.cm-evora.pt\/wp-content\/uploads\/2025\/11\/d5-300x183.jpg 300w, https:\/\/www.cm-evora.pt\/wp-content\/uploads\/2025\/11\/d5-1024x624.jpg 1024w, https:\/\/www.cm-evora.pt\/wp-content\/uploads\/2025\/11\/d5-768x468.jpg 768w, https:\/\/www.cm-evora.pt\/wp-content\/uploads\/2025\/11\/d5-1536x936.jpg 1536w, https:\/\/www.cm-evora.pt\/wp-content\/uploads\/2025\/11\/d5-1320x805.jpg 1320w, https:\/\/www.cm-evora.pt\/wp-content\/uploads\/2025\/11\/d5-680x414.jpg 680w\" sizes=\"auto, (max-width: 2000px) 100vw, 2000px\" \/><\/a>\n\t\t\t<\/dt><\/dl><dl class='gallery-item'>\n\t\t\t<dt class='gallery-icon portrait'>\n\t\t\t\t<a href='https:\/\/www.cm-evora.pt\/wp-content\/uploads\/2025\/11\/d6.jpg'><img loading=\"lazy\" decoding=\"async\" width=\"1333\" height=\"2000\" src=\"https:\/\/www.cm-evora.pt\/wp-content\/uploads\/2025\/11\/d6.jpg\" class=\"attachment-full size-full\" alt=\"\" srcset=\"https:\/\/www.cm-evora.pt\/wp-content\/uploads\/2025\/11\/d6.jpg 1333w, https:\/\/www.cm-evora.pt\/wp-content\/uploads\/2025\/11\/d6-200x300.jpg 200w, https:\/\/www.cm-evora.pt\/wp-content\/uploads\/2025\/11\/d6-682x1024.jpg 682w, https:\/\/www.cm-evora.pt\/wp-content\/uploads\/2025\/11\/d6-768x1152.jpg 768w, https:\/\/www.cm-evora.pt\/wp-content\/uploads\/2025\/11\/d6-1024x1536.jpg 1024w, https:\/\/www.cm-evora.pt\/wp-content\/uploads\/2025\/11\/d6-1320x1980.jpg 1320w\" sizes=\"auto, (max-width: 1333px) 100vw, 1333px\" \/><\/a>\n\t\t\t<\/dt><\/dl><br style=\"clear: both\" \/><dl class='gallery-item'>\n\t\t\t<dt class='gallery-icon landscape'>\n\t\t\t\t<a href='https:\/\/www.cm-evora.pt\/wp-content\/uploads\/2025\/11\/d7.jpg'><img loading=\"lazy\" decoding=\"async\" width=\"2000\" height=\"1333\" src=\"https:\/\/www.cm-evora.pt\/wp-content\/uploads\/2025\/11\/d7.jpg\" class=\"attachment-full size-full\" alt=\"\" srcset=\"https:\/\/www.cm-evora.pt\/wp-content\/uploads\/2025\/11\/d7.jpg 2000w, https:\/\/www.cm-evora.pt\/wp-content\/uploads\/2025\/11\/d7-300x200.jpg 300w, https:\/\/www.cm-evora.pt\/wp-content\/uploads\/2025\/11\/d7-1024x682.jpg 1024w, https:\/\/www.cm-evora.pt\/wp-content\/uploads\/2025\/11\/d7-768x512.jpg 768w, https:\/\/www.cm-evora.pt\/wp-content\/uploads\/2025\/11\/d7-1536x1024.jpg 1536w, https:\/\/www.cm-evora.pt\/wp-content\/uploads\/2025\/11\/d7-1320x880.jpg 1320w\" sizes=\"auto, (max-width: 2000px) 100vw, 2000px\" \/><\/a>\n\t\t\t<\/dt><\/dl><dl class='gallery-item'>\n\t\t\t<dt class='gallery-icon landscape'>\n\t\t\t\t<a href='https:\/\/www.cm-evora.pt\/wp-content\/uploads\/2025\/11\/d8.jpg'><img loading=\"lazy\" decoding=\"async\" width=\"2000\" height=\"1333\" src=\"https:\/\/www.cm-evora.pt\/wp-content\/uploads\/2025\/11\/d8.jpg\" class=\"attachment-full size-full\" alt=\"\" srcset=\"https:\/\/www.cm-evora.pt\/wp-content\/uploads\/2025\/11\/d8.jpg 2000w, https:\/\/www.cm-evora.pt\/wp-content\/uploads\/2025\/11\/d8-300x200.jpg 300w, https:\/\/www.cm-evora.pt\/wp-content\/uploads\/2025\/11\/d8-1024x682.jpg 1024w, https:\/\/www.cm-evora.pt\/wp-content\/uploads\/2025\/11\/d8-768x512.jpg 768w, https:\/\/www.cm-evora.pt\/wp-content\/uploads\/2025\/11\/d8-1536x1024.jpg 1536w, https:\/\/www.cm-evora.pt\/wp-content\/uploads\/2025\/11\/d8-1320x880.jpg 1320w\" sizes=\"auto, (max-width: 2000px) 100vw, 2000px\" \/><\/a>\n\t\t\t<\/dt><\/dl><dl class='gallery-item'>\n\t\t\t<dt class='gallery-icon landscape'>\n\t\t\t\t<a href='https:\/\/www.cm-evora.pt\/wp-content\/uploads\/2025\/11\/d11.jpg'><img loading=\"lazy\" decoding=\"async\" width=\"2000\" height=\"1099\" src=\"https:\/\/www.cm-evora.pt\/wp-content\/uploads\/2025\/11\/d11.jpg\" class=\"attachment-full size-full\" alt=\"\" srcset=\"https:\/\/www.cm-evora.pt\/wp-content\/uploads\/2025\/11\/d11.jpg 2000w, https:\/\/www.cm-evora.pt\/wp-content\/uploads\/2025\/11\/d11-300x165.jpg 300w, https:\/\/www.cm-evora.pt\/wp-content\/uploads\/2025\/11\/d11-1024x563.jpg 1024w, https:\/\/www.cm-evora.pt\/wp-content\/uploads\/2025\/11\/d11-768x422.jpg 768w, https:\/\/www.cm-evora.pt\/wp-content\/uploads\/2025\/11\/d11-1536x844.jpg 1536w, https:\/\/www.cm-evora.pt\/wp-content\/uploads\/2025\/11\/d11-1320x725.jpg 1320w\" sizes=\"auto, (max-width: 2000px) 100vw, 2000px\" \/><\/a>\n\t\t\t<\/dt><\/dl><dl class='gallery-item'>\n\t\t\t<dt class='gallery-icon landscape'>\n\t\t\t\t<a href='https:\/\/www.cm-evora.pt\/wp-content\/uploads\/2025\/11\/d12.jpg'><img loading=\"lazy\" decoding=\"async\" width=\"2000\" height=\"1333\" src=\"https:\/\/www.cm-evora.pt\/wp-content\/uploads\/2025\/11\/d12.jpg\" class=\"attachment-full size-full\" alt=\"\" srcset=\"https:\/\/www.cm-evora.pt\/wp-content\/uploads\/2025\/11\/d12.jpg 2000w, https:\/\/www.cm-evora.pt\/wp-content\/uploads\/2025\/11\/d12-300x200.jpg 300w, https:\/\/www.cm-evora.pt\/wp-content\/uploads\/2025\/11\/d12-1024x682.jpg 1024w, https:\/\/www.cm-evora.pt\/wp-content\/uploads\/2025\/11\/d12-768x512.jpg 768w, https:\/\/www.cm-evora.pt\/wp-content\/uploads\/2025\/11\/d12-1536x1024.jpg 1536w, https:\/\/www.cm-evora.pt\/wp-content\/uploads\/2025\/11\/d12-1320x880.jpg 1320w\" sizes=\"auto, (max-width: 2000px) 100vw, 2000px\" \/><\/a>\n\t\t\t<\/dt><\/dl><dl class='gallery-item'>\n\t\t\t<dt class='gallery-icon landscape'>\n\t\t\t\t<a href='https:\/\/www.cm-evora.pt\/wp-content\/uploads\/2025\/11\/d13.jpg'><img loading=\"lazy\" decoding=\"async\" width=\"2000\" height=\"1333\" src=\"https:\/\/www.cm-evora.pt\/wp-content\/uploads\/2025\/11\/d13.jpg\" class=\"attachment-full size-full\" alt=\"\" srcset=\"https:\/\/www.cm-evora.pt\/wp-content\/uploads\/2025\/11\/d13.jpg 2000w, https:\/\/www.cm-evora.pt\/wp-content\/uploads\/2025\/11\/d13-300x200.jpg 300w, https:\/\/www.cm-evora.pt\/wp-content\/uploads\/2025\/11\/d13-1024x682.jpg 1024w, https:\/\/www.cm-evora.pt\/wp-content\/uploads\/2025\/11\/d13-768x512.jpg 768w, https:\/\/www.cm-evora.pt\/wp-content\/uploads\/2025\/11\/d13-1536x1024.jpg 1536w, https:\/\/www.cm-evora.pt\/wp-content\/uploads\/2025\/11\/d13-1320x880.jpg 1320w\" sizes=\"auto, (max-width: 2000px) 100vw, 2000px\" \/><\/a>\n\t\t\t<\/dt><\/dl><br style=\"clear: both\" \/><dl class='gallery-item'>\n\t\t\t<dt class='gallery-icon landscape'>\n\t\t\t\t<a href='https:\/\/www.cm-evora.pt\/wp-content\/uploads\/2025\/11\/d14.jpg'><img loading=\"lazy\" decoding=\"async\" width=\"2000\" height=\"1333\" src=\"https:\/\/www.cm-evora.pt\/wp-content\/uploads\/2025\/11\/d14.jpg\" class=\"attachment-full size-full\" alt=\"\" srcset=\"https:\/\/www.cm-evora.pt\/wp-content\/uploads\/2025\/11\/d14.jpg 2000w, https:\/\/www.cm-evora.pt\/wp-content\/uploads\/2025\/11\/d14-300x200.jpg 300w, https:\/\/www.cm-evora.pt\/wp-content\/uploads\/2025\/11\/d14-1024x682.jpg 1024w, https:\/\/www.cm-evora.pt\/wp-content\/uploads\/2025\/11\/d14-768x512.jpg 768w, https:\/\/www.cm-evora.pt\/wp-content\/uploads\/2025\/11\/d14-1536x1024.jpg 1536w, https:\/\/www.cm-evora.pt\/wp-content\/uploads\/2025\/11\/d14-1320x880.jpg 1320w\" sizes=\"auto, (max-width: 2000px) 100vw, 2000px\" \/><\/a>\n\t\t\t<\/dt><\/dl><dl class='gallery-item'>\n\t\t\t<dt class='gallery-icon landscape'>\n\t\t\t\t<a href='https:\/\/www.cm-evora.pt\/wp-content\/uploads\/2025\/11\/d15.jpg'><img loading=\"lazy\" decoding=\"async\" width=\"2000\" height=\"1547\" src=\"https:\/\/www.cm-evora.pt\/wp-content\/uploads\/2025\/11\/d15.jpg\" class=\"attachment-full size-full\" alt=\"\" srcset=\"https:\/\/www.cm-evora.pt\/wp-content\/uploads\/2025\/11\/d15.jpg 2000w, https:\/\/www.cm-evora.pt\/wp-content\/uploads\/2025\/11\/d15-300x232.jpg 300w, https:\/\/www.cm-evora.pt\/wp-content\/uploads\/2025\/11\/d15-1024x792.jpg 1024w, https:\/\/www.cm-evora.pt\/wp-content\/uploads\/2025\/11\/d15-768x594.jpg 768w, https:\/\/www.cm-evora.pt\/wp-content\/uploads\/2025\/11\/d15-1536x1188.jpg 1536w, https:\/\/www.cm-evora.pt\/wp-content\/uploads\/2025\/11\/d15-1320x1021.jpg 1320w\" sizes=\"auto, (max-width: 2000px) 100vw, 2000px\" \/><\/a>\n\t\t\t<\/dt><\/dl><dl class='gallery-item'>\n\t\t\t<dt class='gallery-icon portrait'>\n\t\t\t\t<a href='https:\/\/www.cm-evora.pt\/wp-content\/uploads\/2025\/11\/d16.jpg'><img loading=\"lazy\" decoding=\"async\" width=\"1546\" height=\"2000\" src=\"https:\/\/www.cm-evora.pt\/wp-content\/uploads\/2025\/11\/d16.jpg\" class=\"attachment-full size-full\" alt=\"\" srcset=\"https:\/\/www.cm-evora.pt\/wp-content\/uploads\/2025\/11\/d16.jpg 1546w, https:\/\/www.cm-evora.pt\/wp-content\/uploads\/2025\/11\/d16-232x300.jpg 232w, https:\/\/www.cm-evora.pt\/wp-content\/uploads\/2025\/11\/d16-792x1024.jpg 792w, https:\/\/www.cm-evora.pt\/wp-content\/uploads\/2025\/11\/d16-768x994.jpg 768w, https:\/\/www.cm-evora.pt\/wp-content\/uploads\/2025\/11\/d16-1187x1536.jpg 1187w, https:\/\/www.cm-evora.pt\/wp-content\/uploads\/2025\/11\/d16-1320x1708.jpg 1320w\" sizes=\"auto, (max-width: 1546px) 100vw, 1546px\" \/><\/a>\n\t\t\t<\/dt><\/dl><dl class='gallery-item'>\n\t\t\t<dt class='gallery-icon landscape'>\n\t\t\t\t<a href='https:\/\/www.cm-evora.pt\/wp-content\/uploads\/2025\/11\/d19.jpg'><img loading=\"lazy\" decoding=\"async\" width=\"2000\" height=\"1333\" src=\"https:\/\/www.cm-evora.pt\/wp-content\/uploads\/2025\/11\/d19.jpg\" class=\"attachment-full size-full\" alt=\"\" srcset=\"https:\/\/www.cm-evora.pt\/wp-content\/uploads\/2025\/11\/d19.jpg 2000w, https:\/\/www.cm-evora.pt\/wp-content\/uploads\/2025\/11\/d19-300x200.jpg 300w, https:\/\/www.cm-evora.pt\/wp-content\/uploads\/2025\/11\/d19-1024x682.jpg 1024w, https:\/\/www.cm-evora.pt\/wp-content\/uploads\/2025\/11\/d19-768x512.jpg 768w, https:\/\/www.cm-evora.pt\/wp-content\/uploads\/2025\/11\/d19-1536x1024.jpg 1536w, https:\/\/www.cm-evora.pt\/wp-content\/uploads\/2025\/11\/d19-1320x880.jpg 1320w\" sizes=\"auto, (max-width: 2000px) 100vw, 2000px\" \/><\/a>\n\t\t\t<\/dt><\/dl><dl class='gallery-item'>\n\t\t\t<dt class='gallery-icon landscape'>\n\t\t\t\t<a href='https:\/\/www.cm-evora.pt\/wp-content\/uploads\/2025\/11\/d21.jpg'><img loading=\"lazy\" decoding=\"async\" width=\"2000\" height=\"1333\" src=\"https:\/\/www.cm-evora.pt\/wp-content\/uploads\/2025\/11\/d21.jpg\" class=\"attachment-full size-full\" alt=\"\" srcset=\"https:\/\/www.cm-evora.pt\/wp-content\/uploads\/2025\/11\/d21.jpg 2000w, https:\/\/www.cm-evora.pt\/wp-content\/uploads\/2025\/11\/d21-300x200.jpg 300w, https:\/\/www.cm-evora.pt\/wp-content\/uploads\/2025\/11\/d21-1024x682.jpg 1024w, https:\/\/www.cm-evora.pt\/wp-content\/uploads\/2025\/11\/d21-768x512.jpg 768w, https:\/\/www.cm-evora.pt\/wp-content\/uploads\/2025\/11\/d21-1536x1024.jpg 1536w, https:\/\/www.cm-evora.pt\/wp-content\/uploads\/2025\/11\/d21-1320x880.jpg 1320w\" sizes=\"auto, (max-width: 2000px) 100vw, 2000px\" \/><\/a>\n\t\t\t<\/dt><\/dl><br style=\"clear: both\" \/><dl class='gallery-item'>\n\t\t\t<dt class='gallery-icon landscape'>\n\t\t\t\t<a href='https:\/\/www.cm-evora.pt\/wp-content\/uploads\/2025\/11\/d22.jpg'><img loading=\"lazy\" decoding=\"async\" width=\"2000\" height=\"1333\" src=\"https:\/\/www.cm-evora.pt\/wp-content\/uploads\/2025\/11\/d22.jpg\" class=\"attachment-full size-full\" alt=\"\" srcset=\"https:\/\/www.cm-evora.pt\/wp-content\/uploads\/2025\/11\/d22.jpg 2000w, https:\/\/www.cm-evora.pt\/wp-content\/uploads\/2025\/11\/d22-300x200.jpg 300w, https:\/\/www.cm-evora.pt\/wp-content\/uploads\/2025\/11\/d22-1024x682.jpg 1024w, https:\/\/www.cm-evora.pt\/wp-content\/uploads\/2025\/11\/d22-768x512.jpg 768w, https:\/\/www.cm-evora.pt\/wp-content\/uploads\/2025\/11\/d22-1536x1024.jpg 1536w, https:\/\/www.cm-evora.pt\/wp-content\/uploads\/2025\/11\/d22-1320x880.jpg 1320w\" sizes=\"auto, (max-width: 2000px) 100vw, 2000px\" \/><\/a>\n\t\t\t<\/dt><\/dl><dl class='gallery-item'>\n\t\t\t<dt class='gallery-icon landscape'>\n\t\t\t\t<a href='https:\/\/www.cm-evora.pt\/wp-content\/uploads\/2025\/11\/d23.jpg'><img loading=\"lazy\" decoding=\"async\" width=\"2000\" height=\"1333\" src=\"https:\/\/www.cm-evora.pt\/wp-content\/uploads\/2025\/11\/d23.jpg\" class=\"attachment-full size-full\" alt=\"\" srcset=\"https:\/\/www.cm-evora.pt\/wp-content\/uploads\/2025\/11\/d23.jpg 2000w, https:\/\/www.cm-evora.pt\/wp-content\/uploads\/2025\/11\/d23-300x200.jpg 300w, https:\/\/www.cm-evora.pt\/wp-content\/uploads\/2025\/11\/d23-1024x682.jpg 1024w, https:\/\/www.cm-evora.pt\/wp-content\/uploads\/2025\/11\/d23-768x512.jpg 768w, https:\/\/www.cm-evora.pt\/wp-content\/uploads\/2025\/11\/d23-1536x1024.jpg 1536w, https:\/\/www.cm-evora.pt\/wp-content\/uploads\/2025\/11\/d23-1320x880.jpg 1320w\" sizes=\"auto, (max-width: 2000px) 100vw, 2000px\" \/><\/a>\n\t\t\t<\/dt><\/dl><dl class='gallery-item'>\n\t\t\t<dt class='gallery-icon landscape'>\n\t\t\t\t<a href='https:\/\/www.cm-evora.pt\/wp-content\/uploads\/2025\/11\/d24.jpg'><img loading=\"lazy\" decoding=\"async\" width=\"2000\" height=\"1292\" src=\"https:\/\/www.cm-evora.pt\/wp-content\/uploads\/2025\/11\/d24.jpg\" class=\"attachment-full size-full\" alt=\"\" srcset=\"https:\/\/www.cm-evora.pt\/wp-content\/uploads\/2025\/11\/d24.jpg 2000w, https:\/\/www.cm-evora.pt\/wp-content\/uploads\/2025\/11\/d24-300x194.jpg 300w, https:\/\/www.cm-evora.pt\/wp-content\/uploads\/2025\/11\/d24-1024x662.jpg 1024w, https:\/\/www.cm-evora.pt\/wp-content\/uploads\/2025\/11\/d24-768x496.jpg 768w, https:\/\/www.cm-evora.pt\/wp-content\/uploads\/2025\/11\/d24-1536x992.jpg 1536w, https:\/\/www.cm-evora.pt\/wp-content\/uploads\/2025\/11\/d24-1320x853.jpg 1320w\" sizes=\"auto, (max-width: 2000px) 100vw, 2000px\" \/><\/a>\n\t\t\t<\/dt><\/dl><dl class='gallery-item'>\n\t\t\t<dt class='gallery-icon landscape'>\n\t\t\t\t<a href='https:\/\/www.cm-evora.pt\/wp-content\/uploads\/2025\/11\/d25.jpg'><img loading=\"lazy\" decoding=\"async\" width=\"2000\" height=\"1404\" src=\"https:\/\/www.cm-evora.pt\/wp-content\/uploads\/2025\/11\/d25.jpg\" class=\"attachment-full size-full\" alt=\"\" srcset=\"https:\/\/www.cm-evora.pt\/wp-content\/uploads\/2025\/11\/d25.jpg 2000w, https:\/\/www.cm-evora.pt\/wp-content\/uploads\/2025\/11\/d25-300x211.jpg 300w, https:\/\/www.cm-evora.pt\/wp-content\/uploads\/2025\/11\/d25-1024x719.jpg 1024w, https:\/\/www.cm-evora.pt\/wp-content\/uploads\/2025\/11\/d25-768x539.jpg 768w, https:\/\/www.cm-evora.pt\/wp-content\/uploads\/2025\/11\/d25-1536x1078.jpg 1536w, https:\/\/www.cm-evora.pt\/wp-content\/uploads\/2025\/11\/d25-1320x927.jpg 1320w\" sizes=\"auto, (max-width: 2000px) 100vw, 2000px\" \/><\/a>\n\t\t\t<\/dt><\/dl><dl class='gallery-item'>\n\t\t\t<dt class='gallery-icon landscape'>\n\t\t\t\t<a href='https:\/\/www.cm-evora.pt\/wp-content\/uploads\/2025\/11\/d26.jpg'><img loading=\"lazy\" decoding=\"async\" width=\"2000\" height=\"1333\" src=\"https:\/\/www.cm-evora.pt\/wp-content\/uploads\/2025\/11\/d26.jpg\" class=\"attachment-full size-full\" alt=\"\" srcset=\"https:\/\/www.cm-evora.pt\/wp-content\/uploads\/2025\/11\/d26.jpg 2000w, https:\/\/www.cm-evora.pt\/wp-content\/uploads\/2025\/11\/d26-300x200.jpg 300w, https:\/\/www.cm-evora.pt\/wp-content\/uploads\/2025\/11\/d26-1024x682.jpg 1024w, https:\/\/www.cm-evora.pt\/wp-content\/uploads\/2025\/11\/d26-768x512.jpg 768w, https:\/\/www.cm-evora.pt\/wp-content\/uploads\/2025\/11\/d26-1536x1024.jpg 1536w, https:\/\/www.cm-evora.pt\/wp-content\/uploads\/2025\/11\/d26-1320x880.jpg 1320w\" sizes=\"auto, (max-width: 2000px) 100vw, 2000px\" \/><\/a>\n\t\t\t<\/dt><\/dl><br style=\"clear: both\" \/>\n\t\t<\/div>\n\n<p>&nbsp;<\/p>\n<p>&nbsp;<\/p>\n<p>&nbsp;<\/p>\n<p><\/p>","protected":false},"excerpt":{"rendered":"<p>Sorry, this entry is only available in Portugu\u00eas.Os restos mortais de D. Jos\u00e9 Joaquim Ribeiro, Bispo de D\u00edli (1967-1977), foram transladados do Cemit\u00e9rio dos Rem\u00e9dios (onde estavam guardados num t\u00famulo da Fam\u00edlia do Eng. Jos\u00e9 Noites) para o Pante\u00e3o dos Arcebispos (Igreja do Esp\u00edrito Santo) no dia 17 de novembro de 2025. A C\u00e2mara Municipal [&hellip;]<\/p>\n","protected":false},"author":81,"featured_media":79529,"comment_status":"closed","ping_status":"closed","sticky":false,"template":"","format":"standard","meta":{"_acf_changed":false,"footnotes":""},"categories":[2110],"tags":[],"class_list":["post-79523","post","type-post","status-publish","format-standard","has-post-thumbnail","hentry","category-noticias"],"acf":{"imagens":"","destaq_image":79529,"titulo_docs_seccao":"","documentos":""},"_links":{"self":[{"href":"https:\/\/www.cm-evora.pt\/en\/wp-json\/wp\/v2\/posts\/79523","targetHints":{"allow":["GET"]}}],"collection":[{"href":"https:\/\/www.cm-evora.pt\/en\/wp-json\/wp\/v2\/posts"}],"about":[{"href":"https:\/\/www.cm-evora.pt\/en\/wp-json\/wp\/v2\/types\/post"}],"author":[{"embeddable":true,"href":"https:\/\/www.cm-evora.pt\/en\/wp-json\/wp\/v2\/users\/81"}],"replies":[{"embeddable":true,"href":"https:\/\/www.cm-evora.pt\/en\/wp-json\/wp\/v2\/comments?post=79523"}],"version-history":[{"count":2,"href":"https:\/\/www.cm-evora.pt\/en\/wp-json\/wp\/v2\/posts\/79523\/revisions"}],"predecessor-version":[{"id":79547,"href":"https:\/\/www.cm-evora.pt\/en\/wp-json\/wp\/v2\/posts\/79523\/revisions\/79547"}],"wp:featuredmedia":[{"embeddable":true,"href":"https:\/\/www.cm-evora.pt\/en\/wp-json\/wp\/v2\/media\/79529"}],"wp:attachment":[{"href":"https:\/\/www.cm-evora.pt\/en\/wp-json\/wp\/v2\/media?parent=79523"}],"wp:term":[{"taxonomy":"category","embeddable":true,"href":"https:\/\/www.cm-evora.pt\/en\/wp-json\/wp\/v2\/categories?post=79523"},{"taxonomy":"post_tag","embeddable":true,"href":"https:\/\/www.cm-evora.pt\/en\/wp-json\/wp\/v2\/tags?post=79523"}],"curies":[{"name":"wp","href":"https:\/\/api.w.org\/{rel}","templated":true}]}}