{"id":79560,"date":"2025-11-20T11:07:50","date_gmt":"2025-11-20T11:07:50","guid":{"rendered":"https:\/\/www.cm-evora.pt\/?p=79560"},"modified":"2025-11-20T11:15:05","modified_gmt":"2025-11-20T11:15:05","slug":"jardim-de-natal-de-evora-2025-inscricoes-abertas-para-o-mercado-de-natal-que-vai-decorrer-de-13-a-28-de-dezembro","status":"publish","type":"post","link":"https:\/\/www.cm-evora.pt\/en\/jardim-de-natal-de-evora-2025-inscricoes-abertas-para-o-mercado-de-natal-que-vai-decorrer-de-13-a-28-de-dezembro\/","title":{"rendered":"(Portugu\u00eas) Jardim de Natal de \u00c9vora 2025 | Inscri\u00e7\u00f5es abertas para o Mercado de Natal que vai decorrer de 13 a 28 de dezembro"},"content":{"rendered":"<p class=\"qtranxs-available-languages-message qtranxs-available-languages-message-en\">Sorry, this entry is only available in <a href=\"https:\/\/www.cm-evora.pt\/pt\/wp-json\/wp\/v2\/posts\/79560\" class=\"qtranxs-available-language-link qtranxs-available-language-link-pt\" title=\"Portugu\u00eas\">Portugu\u00eas<\/a>.<\/p><p><strong>A C\u00e2mara Municipal de \u00c9vora promove, entre 13 e 28 de dezembro, no Jardim P\u00fablico da cidade, mais uma edi\u00e7\u00e3o do Jardim de Natal. Este evento volta a integrar um Mercado de Natal dedicado ao artesanato, aos produtos locais e aos sabores t\u00edpicos da \u00e9poca.<\/strong><\/p>\n<p>Candidaturas abertas<\/p>\n<p>A participa\u00e7\u00e3o no Mercado de Natal est\u00e1 aberta \u00e0 participa\u00e7\u00e3o de artes\u00e3os individuais, associa\u00e7\u00f5es e oficinas de artesanato, bem como a produtores e expositores de produtos alimentares tradicionais, incluindo bebidas.<\/p>\n<p>Os interessados devem consultar o regulamento completo e aceder \u00e0 ficha de inscri\u00e7\u00e3o.<\/p>\n<h2><a href=\"https:\/\/www.cm-evora.pt\/wp-content\/uploads\/2025\/11\/Normas-de-Participacao-2025.pdf\" target=\"_blank\" rel=\"noopener\">Normas de Participa\u00e7\u00e3o<\/a><\/h2>\n<h2><a href=\"https:\/\/www.cm-evora.pt\/wp-content\/uploads\/2025\/11\/Ficha-de-Inscricao-Jardim-de-Natal-2025.pdf\" target=\"_blank\" rel=\"noopener\">Ficha de Inscri\u00e7\u00e3o<\/a><\/h2>\n<p>As candidaturas t\u00eam de incluir:<br \/>\n\u2022 Ficha de inscri\u00e7\u00e3o devidamente preenchida;<br \/>\n\u2022 Links para redes sociais e\/ou duas fotografias ilustrativas dos produtos.<\/p>\n<p><strong>As inscri\u00e7\u00f5es podem ser entregues presencialmente no Servi\u00e7o Administrativo da Divis\u00e3o de Desenvolvimento Econ\u00f3mico do Munic\u00edpio de \u00c9vora ou enviadas por email para cme.dde@cm-evora.pt, at\u00e9 26 de novembro.<\/strong><\/p>\n<p>A sele\u00e7\u00e3o dos participantes ser\u00e1 comunicada at\u00e9 3 de dezembro, ap\u00f3s avalia\u00e7\u00e3o baseada na diversifica\u00e7\u00e3o e qualidade da oferta. Pedidos de esclarecimento devem ser enviados para o email acima indicado ou atrav\u00e9s do n\u00famero 266777170.<\/p>\n<h2><\/h2>\n<p>&nbsp;<\/p>\n<p>&nbsp;<\/p>\n<p><a href=\"https:\/\/www.cm-evora.pt\/wp-content\/uploads\/2025\/11\/483396390_976524051270820_2040222911244767585_n.jpg\"><img loading=\"lazy\" decoding=\"async\" class=\"alignnone wp-image-79567 size-full\" src=\"https:\/\/www.cm-evora.pt\/wp-content\/uploads\/2025\/11\/483396390_976524051270820_2040222911244767585_n.jpg\" alt=\"\" width=\"1920\" height=\"1280\" srcset=\"https:\/\/www.cm-evora.pt\/wp-content\/uploads\/2025\/11\/483396390_976524051270820_2040222911244767585_n.jpg 1920w, https:\/\/www.cm-evora.pt\/wp-content\/uploads\/2025\/11\/483396390_976524051270820_2040222911244767585_n-300x200.jpg 300w, https:\/\/www.cm-evora.pt\/wp-content\/uploads\/2025\/11\/483396390_976524051270820_2040222911244767585_n-1024x683.jpg 1024w, https:\/\/www.cm-evora.pt\/wp-content\/uploads\/2025\/11\/483396390_976524051270820_2040222911244767585_n-768x512.jpg 768w, https:\/\/www.cm-evora.pt\/wp-content\/uploads\/2025\/11\/483396390_976524051270820_2040222911244767585_n-1536x1024.jpg 1536w, https:\/\/www.cm-evora.pt\/wp-content\/uploads\/2025\/11\/483396390_976524051270820_2040222911244767585_n-1320x880.jpg 1320w\" sizes=\"auto, (max-width: 1920px) 100vw, 1920px\" \/><\/a><\/p>","protected":false},"excerpt":{"rendered":"<p>Sorry, this entry is only available in Portugu\u00eas.A C\u00e2mara Municipal de \u00c9vora promove, entre 13 e 28 de dezembro, no Jardim P\u00fablico da cidade, mais uma edi\u00e7\u00e3o do Jardim de Natal. Este evento volta a integrar um Mercado de Natal dedicado ao artesanato, aos produtos locais e aos sabores t\u00edpicos da \u00e9poca. Candidaturas abertas A [&hellip;]<\/p>\n","protected":false},"author":59,"featured_media":79567,"comment_status":"closed","ping_status":"closed","sticky":false,"template":"","format":"standard","meta":{"_acf_changed":false,"footnotes":""},"categories":[2015],"tags":[],"class_list":["post-79560","post","type-post","status-publish","format-standard","has-post-thumbnail","hentry","category-agenda-e-noticias"],"acf":{"imagens":"","destaq_image":79568,"titulo_docs_seccao":"","documentos":""},"_links":{"self":[{"href":"https:\/\/www.cm-evora.pt\/en\/wp-json\/wp\/v2\/posts\/79560","targetHints":{"allow":["GET"]}}],"collection":[{"href":"https:\/\/www.cm-evora.pt\/en\/wp-json\/wp\/v2\/posts"}],"about":[{"href":"https:\/\/www.cm-evora.pt\/en\/wp-json\/wp\/v2\/types\/post"}],"author":[{"embeddable":true,"href":"https:\/\/www.cm-evora.pt\/en\/wp-json\/wp\/v2\/users\/59"}],"replies":[{"embeddable":true,"href":"https:\/\/www.cm-evora.pt\/en\/wp-json\/wp\/v2\/comments?post=79560"}],"version-history":[{"count":3,"href":"https:\/\/www.cm-evora.pt\/en\/wp-json\/wp\/v2\/posts\/79560\/revisions"}],"predecessor-version":[{"id":79572,"href":"https:\/\/www.cm-evora.pt\/en\/wp-json\/wp\/v2\/posts\/79560\/revisions\/79572"}],"wp:featuredmedia":[{"embeddable":true,"href":"https:\/\/www.cm-evora.pt\/en\/wp-json\/wp\/v2\/media\/79567"}],"wp:attachment":[{"href":"https:\/\/www.cm-evora.pt\/en\/wp-json\/wp\/v2\/media?parent=79560"}],"wp:term":[{"taxonomy":"category","embeddable":true,"href":"https:\/\/www.cm-evora.pt\/en\/wp-json\/wp\/v2\/categories?post=79560"},{"taxonomy":"post_tag","embeddable":true,"href":"https:\/\/www.cm-evora.pt\/en\/wp-json\/wp\/v2\/tags?post=79560"}],"curies":[{"name":"wp","href":"https:\/\/api.w.org\/{rel}","templated":true}]}}